{"id":50402,"date":"2020-06-25T13:08:27","date_gmt":"2020-06-25T11:08:27","guid":{"rendered":"https:\/\/alzira.es\/np-donacio\/"},"modified":"2020-06-25T13:08:27","modified_gmt":"2020-06-25T11:08:27","slug":"np-donacio","status":"publish","type":"post","link":"https:\/\/alzira.es\/es\/np-donacio\/","title":{"rendered":"El Ayuntamiento de Alzira aumenta su fondo pict\u00f3rico con cinco obras del artista alzire\u00f1o Joaqu\u00edn G\u00f3mez Perell\u00f3"},"content":{"rendered":"<p style=\"text-align: justify;\"><strong>\u2022 A la donaci\u00f3n de la obra&nbsp;<em>\u00abXiquet collidor en un hort d&#8217;Alzira\u00bb<\/em> se a\u00f1ade la adquisici\u00f3n de 4 obras del artista alzire\u00f1o<\/strong><\/p>\n<p><strong>Alzira, 25 de junio de 2020.-<\/strong> La Concejal\u00eda de Cultura ha presentado al p\u00fablico esta ma\u00f1ana las cinco nuevas obras del artista alzire\u00f1o Joaqu\u00edn G\u00f3mez Perell\u00f3, en el acogedor patio del Museo Municipal de Alzira.<\/p>\n<p>El alcalde de Alzira <strong>Diego G\u00f3mez<\/strong>, el regidor de Cultura, <strong>Alfred Aranda<\/strong> junto a otros regidores y los hijos del artista, <strong>Rub\u00e9n y Luisa G\u00f3mez Aranda<\/strong>, han participado al acto de donaci\u00f3n de la obra <strong><em>Xiquet collidor en un hort d&#8217;Alzira<\/em><\/strong>. Se trata de un \u00f3leo realizado a finales de los 50 o principios de los 60, pintado sobre un lienzo de 100 x 140 que estuvo confeccionado por el mismo autor. Esta pintura estar\u00e1 expuesta al museo porque todos los visitantes la disfruten.<\/p>\n<p>Por otro lado, el Ayuntamiento de Alzira, aprob\u00f3 en la Junta de Gobierno Local del 11\/03\/2020, la adquisici\u00f3n de sus obras:&nbsp;<em>Fantasia en el Monestir de la Vall de la Murta, Rostre de dona mora, Fantasia del Quijote i Valenci\u00e0 a cavall amb vistes a les muralles d&#8217;Alzira.<\/em><\/p>\n<p>Estas pinturas muestran temas relacionados con nuestro paisaje: los huertos, la Murta, las Murallas, as\u00ed como la presencia de la cultura \u00e1rabe de la antigua Algezira. Son pinturas realizadas en t\u00e9mpera y\/o acuarela sobre papel, (1990) que han sido enmarcadas y pendientes de ubicaci\u00f3n.<\/p>\n<p><em>\u00abCon esta incorporaci\u00f3n a las colecciones municipales hemos enmendado la carencia de representaci\u00f3n de la obra de Joaqu\u00edn G\u00f3mez y le damos el lugar que le corresponde tanto para ser un artista pl\u00e1stico alzire\u00f1o que ha destacado en las disciplinas de pintura, escultura, cer\u00e1mica y como artista fallero, as\u00ed como por la calidad art\u00edstica de su obra que ha generado en su larga trayectoria profesional\u00bb<\/em>, ha manifestado el regidor de Cultura, <strong>Alfred Aranda<\/strong><\/p>\n<p>Estas obras se encontraban a la exposici\u00f3n organizada por la Real Cofrad\u00eda de la Virgen Mar\u00eda de Lluch que tuvo lugar en la Casa de la Cultura el septiembre de 2019. La muestra recog\u00eda una importante cantidad de los trabajos del artista de distintas \u00e9pocas, t\u00e9cnicas y estilos. Su obra est\u00e1 presente en nuestra ciudad en colecciones particulares o en espacios como el Real Santuario de la Virgen Mar\u00eda de Lluch o la iglesia parroquial de Santa Caterina y, a partir de ahora, ya forma parte de los fondos municipales de nuestro Ayuntamiento.<\/p>\n<p><strong>NOTAS SOBRE El AUTOR<\/strong><\/p>\n<p>Joaqu\u00edn G\u00f3mez Perell\u00f3 (1935-2007) empieza a tomar contacto con el mundo art\u00edstico en la Escuela Municipal de Dibujo y, de la mano del artista fallero alzire\u00f1o Julio \u00cd\u00f1igo se introduce en el campo de la realizaci\u00f3n de monumentos falleros, donde acaba destacando y llega a producir monumentos para varias fallas de Val\u00e8ncia de la secci\u00f3n especial as\u00ed como para comisiones falleras alzire\u00f1as como Cam\u00ed Nou, Plaza del Forn, Pintor Andreu&#8230; y otras poblaciones vecinas, y consigue importantes premios con sus creaciones.<\/p>\n<p>Durante muchos a\u00f1os form\u00f3 parte del equipo art\u00edstico de la prestigiosa empresa Lladr\u00f3 y, durante dos a\u00f1os (1981-82), dirigi\u00f3 la Escuela Municipal de Dibujo de Alzira.<\/p>\n<p>En cuanto a la pintura, dominaba casi todas las t\u00e9cnicas, \u00f3leo, aquarel\u00b7la, temperas o acr\u00edlicos y su producci\u00f3n est\u00e1 presente en colecciones de instituciones de nuestra ciudad y de particulares, destacando el mural del antiguo sal\u00f3n de actos del Instituto Rey en Jaime de Alzira.<br \/>De su faceta como escultor tenemos a Alzira una buena muestra representada por los bajos relevos ubicados al Real Santuario de la Virgen Mar\u00eda de Lluch.<\/p>\n<p style=\"text-align: center;\"><a class=\"jcepopup\" href=\"https:\/\/alzira.es\/wp-content\/uploads\/2020\/06\/Donacio.jpg\" target=\"_blank\" rel=\"noopener\"><img fetchpriority=\"high\" decoding=\"async\" class=\" size-full wp-image-50396\" src=\"https:\/\/alzira.es\/wp-content\/uploads\/2020\/06\/Donacio.jpg\" alt=\"Donaci\u00f3\" width=\"600\" height=\"277\" srcset=\"https:\/\/alzira.es\/wp-content\/uploads\/2020\/06\/Donacio.jpg 2048w, https:\/\/alzira.es\/wp-content\/uploads\/2020\/06\/Donacio-680x314.jpg 680w, https:\/\/alzira.es\/wp-content\/uploads\/2020\/06\/Donacio-1430x660.jpg 1430w, https:\/\/alzira.es\/wp-content\/uploads\/2020\/06\/Donacio-768x354.jpg 768w, https:\/\/alzira.es\/wp-content\/uploads\/2020\/06\/Donacio-1536x709.jpg 1536w\" sizes=\"(max-width: 600px) 100vw, 600px\" \/><\/a>&nbsp;<a class=\"jcepopup\" style=\"font-size: 14.4px; text-align: center;\" type=\"image\" href=\"https:\/\/alzira.es\/wp-content\/uploads\/2020\/06\/Donacio1.jpg\" target=\"_blank\" rel=\"noopener\"><img decoding=\"async\" class=\"size-full wp-image-50399 lazyload\" data-src=\"https:\/\/alzira.es\/wp-content\/uploads\/2020\/06\/Donacio1.jpg\" alt=\"Donaci\u00f31\" width=\"496\" height=\"277\" data-srcset=\"https:\/\/alzira.es\/wp-content\/uploads\/2020\/06\/Donacio1.jpg 1600w, https:\/\/alzira.es\/wp-content\/uploads\/2020\/06\/Donacio1-680x380.jpg 680w, https:\/\/alzira.es\/wp-content\/uploads\/2020\/06\/Donacio1-1430x799.jpg 1430w, https:\/\/alzira.es\/wp-content\/uploads\/2020\/06\/Donacio1-768x429.jpg 768w, https:\/\/alzira.es\/wp-content\/uploads\/2020\/06\/Donacio1-1536x858.jpg 1536w\" data-sizes=\"(max-width: 496px) 100vw, 496px\" src=\"data:image\/svg+xml;base64,PHN2ZyB3aWR0aD0iMSIgaGVpZ2h0PSIxIiB4bWxucz0iaHR0cDovL3d3dy53My5vcmcvMjAwMC9zdmciPjwvc3ZnPg==\" style=\"--smush-placeholder-width: 496px; --smush-placeholder-aspect-ratio: 496\/277;\" \/><\/a><\/p>\n","protected":false},"excerpt":{"rendered":"<p>\u2022 A la donaci\u00f3n de la obra&nbsp;\u00abXiquet collidor en un hort d&#8217;Alzira\u00bb se a\u00f1ade la adquisici\u00f3n de 4 obras del artista alzire\u00f1o Alzira, 25 de junio de 2020.- La Concejal\u00eda de Cultura ha presentado al p\u00fablico esta ma\u00f1ana las cinco nuevas obras del artista alzire\u00f1o Joaqu\u00edn G\u00f3mez Perell\u00f3, en el acogedor patio del Museo Municipal &hellip; <\/p>\n<p class=\"link-more\"><a href=\"https:\/\/alzira.es\/es\/np-donacio\/\" class=\"more-link\">Continuar leyendo<span class=\"screen-reader-text\"> \u00abEl Ayuntamiento de Alzira aumenta su fondo pict\u00f3rico con cinco obras del artista alzire\u00f1o Joaqu\u00edn G\u00f3mez Perell\u00f3\u00bb<\/span><\/a><\/p>\n","protected":false},"author":29,"featured_media":50396,"comment_status":"","ping_status":"","sticky":false,"template":"","format":"standard","meta":{"_acf_changed":false,"footnotes":""},"categories":[4936],"tags":[],"class_list":["post-50402","post","type-post","status-publish","format-standard","has-post-thumbnail","hentry","category-hemeroteca-es"],"acf":[],"_links":{"self":[{"href":"https:\/\/alzira.es\/es\/wp-json\/wp\/v2\/posts\/50402","targetHints":{"allow":["GET"]}}],"collection":[{"href":"https:\/\/alzira.es\/es\/wp-json\/wp\/v2\/posts"}],"about":[{"href":"https:\/\/alzira.es\/es\/wp-json\/wp\/v2\/types\/post"}],"author":[{"embeddable":true,"href":"https:\/\/alzira.es\/es\/wp-json\/wp\/v2\/users\/29"}],"replies":[{"embeddable":true,"href":"https:\/\/alzira.es\/es\/wp-json\/wp\/v2\/comments?post=50402"}],"version-history":[{"count":0,"href":"https:\/\/alzira.es\/es\/wp-json\/wp\/v2\/posts\/50402\/revisions"}],"wp:featuredmedia":[{"embeddable":true,"href":"https:\/\/alzira.es\/es\/wp-json\/wp\/v2\/media\/50396"}],"wp:attachment":[{"href":"https:\/\/alzira.es\/es\/wp-json\/wp\/v2\/media?parent=50402"}],"wp:term":[{"taxonomy":"category","embeddable":true,"href":"https:\/\/alzira.es\/es\/wp-json\/wp\/v2\/categories?post=50402"},{"taxonomy":"post_tag","embeddable":true,"href":"https:\/\/alzira.es\/es\/wp-json\/wp\/v2\/tags?post=50402"}],"curies":[{"name":"wp","href":"https:\/\/api.w.org\/{rel}","templated":true}]}}