{"id":50395,"date":"2020-06-25T12:51:58","date_gmt":"2020-06-25T10:51:58","guid":{"rendered":"https:\/\/alzira.es\/bonos-de-compra-comerc-2\/"},"modified":"2020-06-25T12:51:58","modified_gmt":"2020-06-25T10:51:58","slug":"bonos-de-compra-comerc-2","status":"publish","type":"post","link":"https:\/\/alzira.es\/es\/bonos-de-compra-comerc-2\/","title":{"rendered":"Alzira llan\u00e7ar\u00e0 2.000 bons de compra per al comer\u00e7 local amb descomptes del 40%"},"content":{"rendered":"<p style=\"text-align: justify;\"><em><strong><span style=\"font-size: 14.4px; text-align: justify;\">\u2022&nbsp;<\/span>Esta iniciativa del govern municipal va ser aprovada pel Consell de Comer\u00e7 el passat dilluns<\/strong><\/em><\/p>\n<p style=\"text-align: justify;\"><strong>Alzira, 25 de juny de 2020-<\/strong> El consell assessor de comer\u00e7 d&#8217;Alzira va aprovar el passat dilluns 22 de juny, despr\u00e9s de diverses setmanes de treball, el llan\u00e7ament de 2.000 bons de compra sota els lemes <em>\u00abJo compre a Alzira\u00bb<\/em> i <em>\u00abAlzira \u00e9s comer\u00e7\u00bb<\/em>.<\/p>\n<p style=\"text-align: justify;\">Estos bons s\u00f3n targetes de pagament de 50 euros, en els que el ciutad\u00e0 abona 30 euros i l&#8217;Ajuntament 20 euros m\u00e9s, \u00e9s a dir, el ciutad\u00e0 pagar\u00e0 30 euros i podr\u00e0 fer una despesa de 50 euros.<\/p>\n<p style=\"text-align: justify;\">L&#8217;objectiu d&#8217;esta campanya que comen\u00e7ar\u00e0 al setembre, \u00e9s per una part, ajudar a les fam\u00edlies a remuntar la situaci\u00f3 econ\u00f2mica a causa de la Covid-19 i alhora impulsar i dinamitzar el comer\u00e7 local i promoure els serveis associats a la targeta Alzira.<\/p>\n<p style=\"text-align: justify;\">Actualment s\u00f3n m\u00e9s de 330 establiments associats, sense perjudici que nous comer\u00e7os i servicis puguen sol\u00b7licitar la seua alta de forma gratu\u00efta, al formulari de la web d&#8217;Idea.<\/p>\n<p style=\"text-align: justify;\">En total l&#8217;emissi\u00f3 d&#8217;estos 2000 bons representar\u00e0 una injecci\u00f3 de liquidesa en l&#8217;economia local de m\u00e9s de 100.000 euros. Les persones podran comprar els bons de consum a les depend\u00e8ncies d&#8217;IDEA &#8211; C\/ Ronda d&#8217;Algemes\u00ed o al quiosc de Turisme a la Pla\u00e7a Major, 4 on s&#8217;instal\u00b7lar\u00e0 un terminal TPV exclusiu per a la seua venda. La ciutadania abonar\u00e0 l&#8217;import dels bons per pagament electr\u00f2nic, a trav\u00e9s de targeta banc\u00e0ria. Es podran adquirir un m\u00e0xim de 6 bons per persona per un import de 300 \u20ac.<\/p>\n<p style=\"text-align: justify;\">Entre totes les propostes estudiades per a dur a terme aquesta reactivaci\u00f3 comercial, l&#8217;Ajuntament d&#8217;Alzira ha optat per una mesura innovadora,&nbsp;<em>\u00abl&#8217;objectiu d&#8217;esta iniciativa \u00e9s injectar recursos en l&#8217;economia local i m\u00e9s concretament en totes aquelles activitats obligades a tancar les seues portes a conseq\u00fc\u00e8ncia de l&#8217;estat d&#8217;alarma o que han vist disminu\u00efts els seus ingressos considerablement per esta pand\u00e8mia. Volem ajudar-los a continuar prestant els seus serveis amb la m\u00e0xima normalitat possible despr\u00e9s d&#8217;esta parada obligat\u00f2ria per la crisi sanit\u00e0ria.\u00bb<\/em> Assegura l&#8217;alcalde d&#8217;Alzira i regidor de Comer\u00e7,&nbsp;<strong>Diego G\u00f3mez<\/strong>.<\/p>\n<p style=\"text-align: justify;\">D&#8217;altra banda, l&#8217;alcalde afig, <em>\u00abLamentem que el PP, de forma malintencionada haja em\u00e9s un comunicat a la premsa proposant com a pr\u00f2pia una mesura que ja havia aprovat el consell de comer\u00e7 i que s&#8217;estava treballant des de fa diverses setmanes. He de recordar que el PP t\u00e9 una representant en el Consell de Comer\u00e7 que ha participat a les reunions d&#8217;este ens consultiu\u00bb<\/em>.<\/p>\n<p style=\"text-align: center;\"><img fetchpriority=\"high\" decoding=\"async\" class=\" size-full wp-image-50390\" src=\"https:\/\/alzira.es\/wp-content\/uploads\/2020\/06\/15x20_Diego.jpg\" alt=\"15x20 Diego\" width=\"1000\" height=\"1333\" srcset=\"https:\/\/alzira.es\/wp-content\/uploads\/2020\/06\/15x20_Diego.jpg 1500w, https:\/\/alzira.es\/wp-content\/uploads\/2020\/06\/15x20_Diego-383x510.jpg 383w, https:\/\/alzira.es\/wp-content\/uploads\/2020\/06\/15x20_Diego-804x1072.jpg 804w, https:\/\/alzira.es\/wp-content\/uploads\/2020\/06\/15x20_Diego-768x1024.jpg 768w, https:\/\/alzira.es\/wp-content\/uploads\/2020\/06\/15x20_Diego-1152x1536.jpg 1152w\" sizes=\"(max-width: 706px) 89vw, (max-width: 767px) 82vw, 740px\" \/><\/p>\n","protected":false},"excerpt":{"rendered":"<p>\u2022&nbsp;Esta iniciativa del govern municipal va ser aprovada pel Consell de Comer\u00e7 el passat dilluns Alzira, 25 de juny de 2020- El consell assessor de comer\u00e7 d&#8217;Alzira va aprovar el passat dilluns 22 de juny, despr\u00e9s de diverses setmanes de treball, el llan\u00e7ament de 2.000 bons de compra sota els lemes \u00abJo compre a Alzira\u00bb &hellip; <\/p>\n<p class=\"link-more\"><a href=\"https:\/\/alzira.es\/es\/bonos-de-compra-comerc-2\/\" class=\"more-link\">Continuar leyendo<span class=\"screen-reader-text\"> \u00abAlzira llan\u00e7ar\u00e0 2.000 bons de compra per al comer\u00e7 local amb descomptes del 40%\u00bb<\/span><\/a><\/p>\n","protected":false},"author":29,"featured_media":50390,"comment_status":"","ping_status":"","sticky":false,"template":"","format":"standard","meta":{"_acf_changed":false,"footnotes":""},"categories":[],"tags":[],"class_list":["post-50395","post","type-post","status-publish","format-standard","has-post-thumbnail","hentry"],"acf":[],"_links":{"self":[{"href":"https:\/\/alzira.es\/es\/wp-json\/wp\/v2\/posts\/50395","targetHints":{"allow":["GET"]}}],"collection":[{"href":"https:\/\/alzira.es\/es\/wp-json\/wp\/v2\/posts"}],"about":[{"href":"https:\/\/alzira.es\/es\/wp-json\/wp\/v2\/types\/post"}],"author":[{"embeddable":true,"href":"https:\/\/alzira.es\/es\/wp-json\/wp\/v2\/users\/29"}],"replies":[{"embeddable":true,"href":"https:\/\/alzira.es\/es\/wp-json\/wp\/v2\/comments?post=50395"}],"version-history":[{"count":0,"href":"https:\/\/alzira.es\/es\/wp-json\/wp\/v2\/posts\/50395\/revisions"}],"wp:featuredmedia":[{"embeddable":true,"href":"https:\/\/alzira.es\/es\/wp-json\/wp\/v2\/media\/50390"}],"wp:attachment":[{"href":"https:\/\/alzira.es\/es\/wp-json\/wp\/v2\/media?parent=50395"}],"wp:term":[{"taxonomy":"category","embeddable":true,"href":"https:\/\/alzira.es\/es\/wp-json\/wp\/v2\/categories?post=50395"},{"taxonomy":"post_tag","embeddable":true,"href":"https:\/\/alzira.es\/es\/wp-json\/wp\/v2\/tags?post=50395"}],"curies":[{"name":"wp","href":"https:\/\/api.w.org\/{rel}","templated":true}]}}