{"id":50394,"date":"2020-06-23T10:16:12","date_gmt":"2020-06-23T08:16:12","guid":{"rendered":"https:\/\/alzira.es\/alzira-sol-licita-una-subvencio-a-la-generalitat-valenciana-per-a-la-instal-lacio-de-comportes-en-les-conduccions-del-clavegueram-en-el-punt-on-confluixen-amb-el-riu-3\/"},"modified":"2020-06-23T10:16:12","modified_gmt":"2020-06-23T08:16:12","slug":"alzira-sol-licita-una-subvencio-a-la-generalitat-valenciana-per-a-la-instal-lacio-de-comportes-en-les-conduccions-del-clavegueram-en-el-punt-on-confluixen-amb-el-riu-3","status":"publish","type":"post","link":"https:\/\/alzira.es\/es\/alzira-sol-licita-una-subvencio-a-la-generalitat-valenciana-per-a-la-instal-lacio-de-comportes-en-les-conduccions-del-clavegueram-en-el-punt-on-confluixen-amb-el-riu-3\/","title":{"rendered":"Alzira sol\u00b7licita una subvenci\u00f3 a la Generalitat Valenciana per a la instal\u00b7laci\u00f3 de comportes en les conduccions del clavegueram en el punt on conflu\u00efxen amb el riu"},"content":{"rendered":"<p style=\"text-align: justify;\"><strong>Alzira, 23 de juny de 2020.-<\/strong> La Regidoria de Servies Urbans ha sol\u00b7licitat a la Generalitat Valenciana una subvenci\u00f3 per a poder sufragar el cost d&#8217;instal\u00b7laci\u00f3, 80.000 euros m\u00e9s IVA, d&#8217;un parell de comportes als conductes de clavegueram, concretament en el punt on desaig\u00fcen al riu.<\/p>\n<p style=\"text-align: justify;\">Estes v\u00e0lvules de retorn tenen com a finalitat evitar inundacions en el nucli urb\u00e0 quan les aig\u00fces del X\u00faquer venen crescudes.<\/p>\n<p style=\"text-align: justify;\">Un complex entramat de conduccions en la xarxa possibiliten el bombeig de les aig\u00fces residuals fins a l&#8217;estaci\u00f3 depuradora Alzira-Carcaixent, per\u00f2 en episodis d&#8217;intenses pluges es produ\u00efxen alleujaments de la xarxa de clavegueram al X\u00faquer.<\/p>\n<p style=\"text-align: justify;\">Per a evitar en estes circumst\u00e0ncies que l&#8217;aigua crescuda del riu aplegue al nucli urb\u00e0 per mitj\u00e0 de les conduccions d&#8217;aig\u00fces residuals es pret\u00e9n la instal\u00b7laci\u00f3 de les comportes que contribuirien a controlar-la.<\/p>\n<p style=\"text-align: justify;\"><strong>Fernando Pascual<\/strong>, regidor de Serveis Urbans, ha manifestat que <em>\u00abAmb esta actuaci\u00f3 es vol donar un pas m\u00e9s en la tasca mampresa pel Govern del Pacte de la Vila per tal de minimitzar les inundacions en les zones m\u00e9s vulnerables del nucli urb\u00e0 de la nostra ciutat, per\u00f2 per a poder escometre esta instal\u00b7laci\u00f3 de les comportes necessitem l&#8217;ajuda de la Generalitat, i ara estem a l&#8217;espera de la resposta per a saber si podem seguir endavant i instal\u00b7lar estes comportes de cara a les pluges de la pr\u00f2xima tardor\u00bb<\/em>.<\/p>\n<p style=\"text-align: center;\">&nbsp;<img fetchpriority=\"high\" decoding=\"async\" width=\"1150\" height=\"2048\" class=\" size-full wp-image-50372\" src=\"https:\/\/alzira.es\/wp-content\/uploads\/2020\/06\/conduccions_del_clavegueram.jpg\" alt=\"conduccions del clavegueram\" srcset=\"https:\/\/alzira.es\/wp-content\/uploads\/2020\/06\/conduccions_del_clavegueram.jpg 1150w, https:\/\/alzira.es\/wp-content\/uploads\/2020\/06\/conduccions_del_clavegueram-286x510.jpg 286w, https:\/\/alzira.es\/wp-content\/uploads\/2020\/06\/conduccions_del_clavegueram-602x1072.jpg 602w, https:\/\/alzira.es\/wp-content\/uploads\/2020\/06\/conduccions_del_clavegueram-768x1368.jpg 768w, https:\/\/alzira.es\/wp-content\/uploads\/2020\/06\/conduccions_del_clavegueram-863x1536.jpg 863w\" sizes=\"(max-width: 706px) 89vw, (max-width: 767px) 82vw, 740px\" \/><\/p>\n","protected":false},"excerpt":{"rendered":"<p>Alzira, 23 de juny de 2020.- La Regidoria de Servies Urbans ha sol\u00b7licitat a la Generalitat Valenciana una subvenci\u00f3 per a poder sufragar el cost d&#8217;instal\u00b7laci\u00f3, 80.000 euros m\u00e9s IVA, d&#8217;un parell de comportes als conductes de clavegueram, concretament en el punt on desaig\u00fcen al riu. Estes v\u00e0lvules de retorn tenen com a finalitat evitar &hellip; <\/p>\n<p class=\"link-more\"><a href=\"https:\/\/alzira.es\/es\/alzira-sol-licita-una-subvencio-a-la-generalitat-valenciana-per-a-la-instal-lacio-de-comportes-en-les-conduccions-del-clavegueram-en-el-punt-on-confluixen-amb-el-riu-3\/\" class=\"more-link\">Continuar leyendo<span class=\"screen-reader-text\"> \u00abAlzira sol\u00b7licita una subvenci\u00f3 a la Generalitat Valenciana per a la instal\u00b7laci\u00f3 de comportes en les conduccions del clavegueram en el punt on conflu\u00efxen amb el riu\u00bb<\/span><\/a><\/p>\n","protected":false},"author":29,"featured_media":50372,"comment_status":"","ping_status":"","sticky":false,"template":"","format":"standard","meta":{"_acf_changed":false,"footnotes":""},"categories":[],"tags":[],"class_list":["post-50394","post","type-post","status-publish","format-standard","has-post-thumbnail","hentry"],"acf":[],"_links":{"self":[{"href":"https:\/\/alzira.es\/es\/wp-json\/wp\/v2\/posts\/50394","targetHints":{"allow":["GET"]}}],"collection":[{"href":"https:\/\/alzira.es\/es\/wp-json\/wp\/v2\/posts"}],"about":[{"href":"https:\/\/alzira.es\/es\/wp-json\/wp\/v2\/types\/post"}],"author":[{"embeddable":true,"href":"https:\/\/alzira.es\/es\/wp-json\/wp\/v2\/users\/29"}],"replies":[{"embeddable":true,"href":"https:\/\/alzira.es\/es\/wp-json\/wp\/v2\/comments?post=50394"}],"version-history":[{"count":0,"href":"https:\/\/alzira.es\/es\/wp-json\/wp\/v2\/posts\/50394\/revisions"}],"wp:featuredmedia":[{"embeddable":true,"href":"https:\/\/alzira.es\/es\/wp-json\/wp\/v2\/media\/50372"}],"wp:attachment":[{"href":"https:\/\/alzira.es\/es\/wp-json\/wp\/v2\/media?parent=50394"}],"wp:term":[{"taxonomy":"category","embeddable":true,"href":"https:\/\/alzira.es\/es\/wp-json\/wp\/v2\/categories?post=50394"},{"taxonomy":"post_tag","embeddable":true,"href":"https:\/\/alzira.es\/es\/wp-json\/wp\/v2\/tags?post=50394"}],"curies":[{"name":"wp","href":"https:\/\/api.w.org\/{rel}","templated":true}]}}