{"id":50385,"date":"2020-06-25T10:53:31","date_gmt":"2020-06-25T08:53:31","guid":{"rendered":"https:\/\/alzira.es\/campanya-recollida-carto-comercial\/"},"modified":"2020-06-25T10:53:31","modified_gmt":"2020-06-25T08:53:31","slug":"campanya-recollida-carto-comercial","status":"publish","type":"post","link":"https:\/\/alzira.es\/es\/campanya-recollida-carto-comercial\/","title":{"rendered":"115 comercios de la zona centro se adhieren a la campa\u00f1a de recogida de cart\u00f3n comercial"},"content":{"rendered":"<p style=\"text-align: justify;\"><strong>Alzira, 25 de junio de 2020.-<\/strong> La empresa encargada de la gesti\u00f3n de la limpieza urbana en nuestro municipio <em>ha iniciado las visitas a los comercios de varias zonas para informarlos de los detalles de la campa\u00f1a de recogida de cart\u00f3n comercial<\/em>.<\/p>\n<p>Esta iniciativa se realiza desde hace unos a\u00f1os desde el departamento de Servicios Urbanos y con la colaboraci\u00f3n de la Asociaci\u00f3n Empresarial de Alzira. Con las visitas se precede la adhesi\u00f3n de nuevos comercios para contribuir al tratamiento correcto del cart\u00f3n y facilitar su retirada al peque\u00f1o y mediano comercio, a la hora de liberar espacio en el contenedor azul y as\u00ed facilitar al ciudadano el reciclaje del papel y cart\u00f3n dom\u00e9sticos.<\/p>\n<p><strong>El servicio es gratuito<\/strong> para conseguir una ciudad m\u00e1s limpia y sostenible. Cuenta con una muy buena aceptaci\u00f3n por parte de los comerciantes de la zona centro de la ciudad, donde se ha iniciado la campa\u00f1a informativa, aunque en una segunda fase se extender\u00e1 en las zonas de la Alquen\u00e8ncia y Pere Cesp\u00ed, para finalmente, en una tercera fase, visitar las diversas industrias ubicadas a los pol\u00edgonos industriales.<\/p>\n<p>A los 89 comercios adheridos a la campa\u00f1a con anterioridad, que continuar\u00e1n con el servicio, hay que a\u00f1adir en esta primera fase 26 nuevos comercios que se unir\u00e1n a <strong>la campa\u00f1a de recogida de cart\u00f3n comercial que se realiza de lunes a s\u00e1bado a partir de las 14 horas<\/strong>.<\/p>\n<p><strong>Fernando Pascual<\/strong>, regidor de Servicios Urbanos, ha destacado la necesidad de <em>\u00abMantener limpio el entramado urbano y colaborar activamente para que esto sea posible; a la vez que nos adherimos a la campa\u00f1a de recogida de cart\u00f3n comercial contribuimos a mejorar el medio ambiente y a cuidar el planeta para futuras generaciones\u00bb<\/em>.<\/p>\n<p style=\"text-align: center;\"><img fetchpriority=\"high\" decoding=\"async\" class=\" size-full wp-image-50382\" src=\"https:\/\/alzira.es\/wp-content\/uploads\/2020\/06\/campanya_carto_comercial.jpg\" alt=\"campanya cart\u00f3 comercial\" width=\"800\" height=\"1118\" srcset=\"https:\/\/alzira.es\/wp-content\/uploads\/2020\/06\/campanya_carto_comercial.jpg 1710w, https:\/\/alzira.es\/wp-content\/uploads\/2020\/06\/campanya_carto_comercial-365x510.jpg 365w, https:\/\/alzira.es\/wp-content\/uploads\/2020\/06\/campanya_carto_comercial-767x1072.jpg 767w, https:\/\/alzira.es\/wp-content\/uploads\/2020\/06\/campanya_carto_comercial-768x1073.jpg 768w, https:\/\/alzira.es\/wp-content\/uploads\/2020\/06\/campanya_carto_comercial-1099x1536.jpg 1099w, https:\/\/alzira.es\/wp-content\/uploads\/2020\/06\/campanya_carto_comercial-1465x2048.jpg 1465w\" sizes=\"(max-width: 706px) 89vw, (max-width: 767px) 82vw, 740px\" \/><\/p>\n","protected":false},"excerpt":{"rendered":"<p>Alzira, 25 de junio de 2020.- La empresa encargada de la gesti\u00f3n de la limpieza urbana en nuestro municipio ha iniciado las visitas a los comercios de varias zonas para informarlos de los detalles de la campa\u00f1a de recogida de cart\u00f3n comercial. Esta iniciativa se realiza desde hace unos a\u00f1os desde el departamento de Servicios &hellip; <\/p>\n<p class=\"link-more\"><a href=\"https:\/\/alzira.es\/es\/campanya-recollida-carto-comercial\/\" class=\"more-link\">Continuar leyendo<span class=\"screen-reader-text\"> \u00ab115 comercios de la zona centro se adhieren a la campa\u00f1a de recogida de cart\u00f3n comercial\u00bb<\/span><\/a><\/p>\n","protected":false},"author":29,"featured_media":50383,"comment_status":"","ping_status":"","sticky":false,"template":"","format":"standard","meta":{"_acf_changed":false,"footnotes":""},"categories":[4936],"tags":[],"class_list":["post-50385","post","type-post","status-publish","format-standard","has-post-thumbnail","hentry","category-hemeroteca-es"],"acf":[],"_links":{"self":[{"href":"https:\/\/alzira.es\/es\/wp-json\/wp\/v2\/posts\/50385","targetHints":{"allow":["GET"]}}],"collection":[{"href":"https:\/\/alzira.es\/es\/wp-json\/wp\/v2\/posts"}],"about":[{"href":"https:\/\/alzira.es\/es\/wp-json\/wp\/v2\/types\/post"}],"author":[{"embeddable":true,"href":"https:\/\/alzira.es\/es\/wp-json\/wp\/v2\/users\/29"}],"replies":[{"embeddable":true,"href":"https:\/\/alzira.es\/es\/wp-json\/wp\/v2\/comments?post=50385"}],"version-history":[{"count":0,"href":"https:\/\/alzira.es\/es\/wp-json\/wp\/v2\/posts\/50385\/revisions"}],"wp:featuredmedia":[{"embeddable":true,"href":"https:\/\/alzira.es\/es\/wp-json\/wp\/v2\/media\/50383"}],"wp:attachment":[{"href":"https:\/\/alzira.es\/es\/wp-json\/wp\/v2\/media?parent=50385"}],"wp:term":[{"taxonomy":"category","embeddable":true,"href":"https:\/\/alzira.es\/es\/wp-json\/wp\/v2\/categories?post=50385"},{"taxonomy":"post_tag","embeddable":true,"href":"https:\/\/alzira.es\/es\/wp-json\/wp\/v2\/tags?post=50385"}],"curies":[{"name":"wp","href":"https:\/\/api.w.org\/{rel}","templated":true}]}}