{"id":50220,"date":"2020-06-19T12:58:08","date_gmt":"2020-06-19T10:58:08","guid":{"rendered":"https:\/\/alzira.es\/la-policia-local-d-alzira-dete-l-agressor-de-l-indigent-ferit-la-matinada-de-dijous-2\/"},"modified":"2020-06-19T12:58:08","modified_gmt":"2020-06-19T10:58:08","slug":"la-policia-local-d-alzira-dete-l-agressor-de-l-indigent-ferit-la-matinada-de-dijous-2","status":"publish","type":"post","link":"https:\/\/alzira.es\/es\/la-policia-local-d-alzira-dete-l-agressor-de-l-indigent-ferit-la-matinada-de-dijous-2\/","title":{"rendered":"La Policia Local d\u2019Alzira det\u00e9 l\u2019agressor de l\u2019indigent ferit la matinada de dijous"},"content":{"rendered":"<p style=\"text-align: justify;\"><strong>Alzira, 19 de juny de 2020.-<\/strong> La Policia Local ha detingut un home esta matinada per robatori amb viol\u00e8ncia. El detingut ha reconegut ser l&#8217;autor dels fets i que no era la primera vegada que tenien lloc amb la mateixa v\u00edctima, un indigent que es trobava a la Pla\u00e7a Major, el moment de l&#8217;agressi\u00f3.<\/p>\n<p style=\"text-align: justify;\">Dijous per la matinada, la Policia va atendre una persona que viu al carrer en la Pla\u00e7a Major d&#8217;Alzira, ja que presentava una ferida en la cama i sagnava de forma abundant. Segons els testimonis dels fets, fou el personal de neteja urbana els que van atendre la v\u00edctima en un primer moment i van telefonar al 112. Una ambul\u00e0ncia va acudir r\u00e0pidament i va traslladar l&#8217;home ferit a l&#8217;hospital perqu\u00e8 fora at\u00e8s.<br \/>Segons la Policia local, el dimarts per la nit ja havien detingut al seu agressor per intentar robar-li a la mateixa persona.<\/p>\n<p style=\"text-align: justify;\">Finalment esta matinada els agents de la policia local han aconseguit localitzar-lo i est\u00e0 previst que passe a disposici\u00f3 judicial acusat de robatori amb viol\u00e8ncia.<\/p>\n<p style=\"text-align: center;\"><img fetchpriority=\"high\" decoding=\"async\" class=\" size-full wp-image-50216\" src=\"https:\/\/alzira.es\/wp-content\/uploads\/2020\/06\/escut_policia_local.jpg\" alt=\"escut policia local\" width=\"600\" height=\"613\" srcset=\"https:\/\/alzira.es\/wp-content\/uploads\/2020\/06\/escut_policia_local.jpg 2115w, https:\/\/alzira.es\/wp-content\/uploads\/2020\/06\/escut_policia_local-499x510.jpg 499w, https:\/\/alzira.es\/wp-content\/uploads\/2020\/06\/escut_policia_local-1049x1072.jpg 1049w, https:\/\/alzira.es\/wp-content\/uploads\/2020\/06\/escut_policia_local-768x785.jpg 768w, https:\/\/alzira.es\/wp-content\/uploads\/2020\/06\/escut_policia_local-1503x1536.jpg 1503w, https:\/\/alzira.es\/wp-content\/uploads\/2020\/06\/escut_policia_local-2004x2048.jpg 2004w\" sizes=\"(max-width: 600px) 100vw, 600px\" \/><\/p>\n","protected":false},"excerpt":{"rendered":"<p>Alzira, 19 de juny de 2020.- La Policia Local ha detingut un home esta matinada per robatori amb viol\u00e8ncia. El detingut ha reconegut ser l&#8217;autor dels fets i que no era la primera vegada que tenien lloc amb la mateixa v\u00edctima, un indigent que es trobava a la Pla\u00e7a Major, el moment de l&#8217;agressi\u00f3. Dijous &hellip; <\/p>\n<p class=\"link-more\"><a href=\"https:\/\/alzira.es\/es\/la-policia-local-d-alzira-dete-l-agressor-de-l-indigent-ferit-la-matinada-de-dijous-2\/\" class=\"more-link\">Continuar leyendo<span class=\"screen-reader-text\"> \u00abLa Policia Local d\u2019Alzira det\u00e9 l\u2019agressor de l\u2019indigent ferit la matinada de dijous\u00bb<\/span><\/a><\/p>\n","protected":false},"author":29,"featured_media":50216,"comment_status":"","ping_status":"","sticky":false,"template":"","format":"standard","meta":{"_acf_changed":false,"footnotes":""},"categories":[],"tags":[],"class_list":["post-50220","post","type-post","status-publish","format-standard","has-post-thumbnail","hentry"],"acf":[],"_links":{"self":[{"href":"https:\/\/alzira.es\/es\/wp-json\/wp\/v2\/posts\/50220","targetHints":{"allow":["GET"]}}],"collection":[{"href":"https:\/\/alzira.es\/es\/wp-json\/wp\/v2\/posts"}],"about":[{"href":"https:\/\/alzira.es\/es\/wp-json\/wp\/v2\/types\/post"}],"author":[{"embeddable":true,"href":"https:\/\/alzira.es\/es\/wp-json\/wp\/v2\/users\/29"}],"replies":[{"embeddable":true,"href":"https:\/\/alzira.es\/es\/wp-json\/wp\/v2\/comments?post=50220"}],"version-history":[{"count":0,"href":"https:\/\/alzira.es\/es\/wp-json\/wp\/v2\/posts\/50220\/revisions"}],"wp:featuredmedia":[{"embeddable":true,"href":"https:\/\/alzira.es\/es\/wp-json\/wp\/v2\/media\/50216"}],"wp:attachment":[{"href":"https:\/\/alzira.es\/es\/wp-json\/wp\/v2\/media?parent=50220"}],"wp:term":[{"taxonomy":"category","embeddable":true,"href":"https:\/\/alzira.es\/es\/wp-json\/wp\/v2\/categories?post=50220"},{"taxonomy":"post_tag","embeddable":true,"href":"https:\/\/alzira.es\/es\/wp-json\/wp\/v2\/tags?post=50220"}],"curies":[{"name":"wp","href":"https:\/\/api.w.org\/{rel}","templated":true}]}}