{"id":50218,"date":"2020-06-19T12:58:08","date_gmt":"2020-06-19T10:58:08","guid":{"rendered":"https:\/\/alzira.es\/la-policia-local-d-alzira-dete-l-agressor-de-l-indigent-ferit-la-matinada-de-dijous\/"},"modified":"2020-06-19T12:58:08","modified_gmt":"2020-06-19T10:58:08","slug":"la-policia-local-d-alzira-dete-l-agressor-de-l-indigent-ferit-la-matinada-de-dijous","status":"publish","type":"post","link":"https:\/\/alzira.es\/es\/la-policia-local-d-alzira-dete-l-agressor-de-l-indigent-ferit-la-matinada-de-dijous\/","title":{"rendered":"La Polic\u00eda Local de Alzira detiene el agresor del indigente herido la madrugada de jueves"},"content":{"rendered":"<p style=\"text-align: justify;\"><span style=\"font-size: 14.4px;\"><strong>Alzira, 19 de junio de 2020.-<\/strong> La Polic\u00eda Local ha detenido un hombre esta madrugada por robo con violencia. El detenido ha reconocido ser el autor de los hechos y que no era la primera vez que ten\u00edan lugar con la misma v\u00edctima, un indigente que se encontraba en la Plaza Mayor, el momento de la agresi\u00f3n.<\/span><\/p>\n<p>Jueves por la madrugada, la Polic\u00eda atendi\u00f3 una persona que vive en la calle en la Plaza Mayor de Alzira, puesto que presentaba una herida en la pierna y sangraba de forma abundante. Seg\u00fan los testigos de los hechos, fue el personal de limpieza urbana los que atendieron la v\u00edctima en un primer momento y telefonearon al 112. Una ambulancia acudi\u00f3 r\u00e1pidamente y traslad\u00f3 el hombre herido en el hospital porque fuera atendido.<br \/>Seg\u00fan la Polic\u00eda local, el martes por la noche ya hab\u00edan detenido a su agresor para intentar robarle a la misma persona.<\/p>\n<p>Finalmente esta madrugada los agentes de la polic\u00eda local han conseguido localizarlo y est\u00e1 previsto que paso a disposici\u00f3n judicial acusado de robo con violencia<\/p>\n<p style=\"text-align: justify;\"><span style=\"font-size: 14.4px;\">.<\/span><\/p>\n<p style=\"text-align: center;\"><img fetchpriority=\"high\" decoding=\"async\" class=\" size-full wp-image-50216\" src=\"https:\/\/alzira.es\/wp-content\/uploads\/2020\/06\/escut_policia_local.jpg\" alt=\"escut policia local\" width=\"600\" height=\"613\" srcset=\"https:\/\/alzira.es\/wp-content\/uploads\/2020\/06\/escut_policia_local.jpg 2115w, https:\/\/alzira.es\/wp-content\/uploads\/2020\/06\/escut_policia_local-499x510.jpg 499w, https:\/\/alzira.es\/wp-content\/uploads\/2020\/06\/escut_policia_local-1049x1072.jpg 1049w, https:\/\/alzira.es\/wp-content\/uploads\/2020\/06\/escut_policia_local-768x785.jpg 768w, https:\/\/alzira.es\/wp-content\/uploads\/2020\/06\/escut_policia_local-1503x1536.jpg 1503w, https:\/\/alzira.es\/wp-content\/uploads\/2020\/06\/escut_policia_local-2004x2048.jpg 2004w\" sizes=\"(max-width: 600px) 100vw, 600px\" \/><\/p>\n","protected":false},"excerpt":{"rendered":"<p>Alzira, 19 de junio de 2020.- La Polic\u00eda Local ha detenido un hombre esta madrugada por robo con violencia. El detenido ha reconocido ser el autor de los hechos y que no era la primera vez que ten\u00edan lugar con la misma v\u00edctima, un indigente que se encontraba en la Plaza Mayor, el momento de &hellip; <\/p>\n<p class=\"link-more\"><a href=\"https:\/\/alzira.es\/es\/la-policia-local-d-alzira-dete-l-agressor-de-l-indigent-ferit-la-matinada-de-dijous\/\" class=\"more-link\">Continuar leyendo<span class=\"screen-reader-text\"> \u00abLa Polic\u00eda Local de Alzira detiene el agresor del indigente herido la madrugada de jueves\u00bb<\/span><\/a><\/p>\n","protected":false},"author":29,"featured_media":50216,"comment_status":"","ping_status":"","sticky":false,"template":"","format":"standard","meta":{"_acf_changed":false,"footnotes":""},"categories":[4936],"tags":[],"class_list":["post-50218","post","type-post","status-publish","format-standard","has-post-thumbnail","hentry","category-hemeroteca-es"],"acf":[],"_links":{"self":[{"href":"https:\/\/alzira.es\/es\/wp-json\/wp\/v2\/posts\/50218","targetHints":{"allow":["GET"]}}],"collection":[{"href":"https:\/\/alzira.es\/es\/wp-json\/wp\/v2\/posts"}],"about":[{"href":"https:\/\/alzira.es\/es\/wp-json\/wp\/v2\/types\/post"}],"author":[{"embeddable":true,"href":"https:\/\/alzira.es\/es\/wp-json\/wp\/v2\/users\/29"}],"replies":[{"embeddable":true,"href":"https:\/\/alzira.es\/es\/wp-json\/wp\/v2\/comments?post=50218"}],"version-history":[{"count":0,"href":"https:\/\/alzira.es\/es\/wp-json\/wp\/v2\/posts\/50218\/revisions"}],"wp:featuredmedia":[{"embeddable":true,"href":"https:\/\/alzira.es\/es\/wp-json\/wp\/v2\/media\/50216"}],"wp:attachment":[{"href":"https:\/\/alzira.es\/es\/wp-json\/wp\/v2\/media?parent=50218"}],"wp:term":[{"taxonomy":"category","embeddable":true,"href":"https:\/\/alzira.es\/es\/wp-json\/wp\/v2\/categories?post=50218"},{"taxonomy":"post_tag","embeddable":true,"href":"https:\/\/alzira.es\/es\/wp-json\/wp\/v2\/tags?post=50218"}],"curies":[{"name":"wp","href":"https:\/\/api.w.org\/{rel}","templated":true}]}}