{"id":50200,"date":"2020-06-18T14:51:11","date_gmt":"2020-06-18T12:51:11","guid":{"rendered":"https:\/\/alzira.es\/encontre-de-teatre-a-l-estiu-3\/"},"modified":"2020-06-18T14:51:11","modified_gmt":"2020-06-18T12:51:11","slug":"encontre-de-teatre-a-l-estiu-3","status":"publish","type":"post","link":"https:\/\/alzira.es\/es\/encontre-de-teatre-a-l-estiu-3\/","title":{"rendered":"XXXII Encontre de teatre a l\u2019estiu &#8211; Alzira, del 25 al 27 de juny de 2020"},"content":{"rendered":"<p><strong>Dijous 25 de juny de 2020. Claustre de la Casa de la Cultura.<\/strong><br \/>A les 20 hores. Companyia LEAMOK presenta L\u00c1ZARO<br \/>Majors de 14 anys. Durada de 35 min.<br \/>A les 20.40 hores<br \/>Companyia ERTZA presenta MEETING POINT<br \/>Espectacle de dansa. Durada de 25 min.<br \/>Entrada per als dos espectacles del dijous 25: 8 \u20ac \/redu\u00efda: 6 \u20ac<br \/>(carnet jove i jubilats). Aforament limitat.<\/p>\n<p><strong>Divendres 26 de juny de 2020. Claustre de la Casa de la Cultura a les&nbsp;22.30 hores.<\/strong><br \/>Traj\u00edn Teatro presenta MAUTHAUSEN. LA VOZ DE MI ABUELO.<br \/>Majors de 14 anys. Durada de 60&#8242;. Aforament limitat.<br \/>Entrada 8 \u20ac \/redu\u00efda: 6 \u20ac (carnet jove i jubilats)<\/p>\n<p><strong>Dissabte 27 de juny de 2020. Claustre de la Casa de la Cultura a les 20&nbsp;hores.<\/strong><br \/>Bullanga Compa\u00f1ia Teatral presenta JOC DE XIQUETES<br \/>Durada de 60 min. Aforament limitat.<br \/>Entrada 8 \u20ac \/redu\u00efda: 6 \u20ac (carnet jove i jubilats)<\/p>\n<p><strong>VENDA D&#8217;ENTRADES:<\/strong><br \/>Dijous 18, dimarts 23 i dijous 25 de juny, de 18 a 21 hores en la<br \/>Taquilla del Gran Teatre d&#8217;Alzira, i per er tel\u00e8fon: 661 522 652 (en&nbsp;el mateix horari de la taquilla)<br \/>En el moment de l&#8217;adquisici\u00f3 de l&#8217;entrada, se vos assignar\u00e0 una&nbsp;cadira, que no es podr\u00e0 modificar baix cap concepte.<br \/>Si el mateix dia de l&#8217;event, quedaren entrades disponibles, es&nbsp;ficarien a la venda una hora abans en la taquilla de la Casa de la&nbsp;Cultura.<\/p>\n<p><strong>NORMATIVA (COVID-19):<\/strong><br \/>Les cadires estan limitades i es disposaran segons ens marca la&nbsp;normativa vigent.<br \/>Per assistir a qualsevol activitat necess\u00e0riament s&#8217;ha d&#8217;adquirir&nbsp;l&#8217;entrada corresponent.<br \/>S&#8217;assignar\u00e0 la cadira de manera personalitzada.<br \/>Tal com marca la normativa, \u00e9s obligatori l&#8217;\u00fas de mascarilla.<br \/>L&#8217;acc\u00e9s al Claustre de la Casa de la Cultura \u00e9s per la porta&nbsp;principal on hi haur\u00e0 un servidor de gel desinfectant per a fregar-se&nbsp;les mans.<br \/>Per accedir-hi cal guardar les dist\u00e0ncies de seguretat establertes per&nbsp;la llei.<\/p>\n<p><strong>MES INFORMACI\u00d3:<\/strong><br \/>WathApp: 672619637<\/p>\n<p style=\"text-align: center;\"><a href=\"https:\/\/alzira.es\/wp-content\/uploads\/2020\/06\/folleto_encontre_teatre_compressed.pdf\" target=\"_blank\" rel=\"noopener\"><img fetchpriority=\"high\" decoding=\"async\" class=\" size-full wp-image-50161\" src=\"https:\/\/alzira.es\/wp-content\/uploads\/2020\/06\/folleto_encontre_teatre_page-0001.jpg\" alt=\"folleto encontre teatre page-0001\" width=\"800\" height=\"1131\" srcset=\"https:\/\/alzira.es\/wp-content\/uploads\/2020\/06\/folleto_encontre_teatre_page-0001.jpg 1241w, https:\/\/alzira.es\/wp-content\/uploads\/2020\/06\/folleto_encontre_teatre_page-0001-361x510.jpg 361w, https:\/\/alzira.es\/wp-content\/uploads\/2020\/06\/folleto_encontre_teatre_page-0001-758x1072.jpg 758w, https:\/\/alzira.es\/wp-content\/uploads\/2020\/06\/folleto_encontre_teatre_page-0001-768x1085.jpg 768w, https:\/\/alzira.es\/wp-content\/uploads\/2020\/06\/folleto_encontre_teatre_page-0001-1087x1536.jpg 1087w\" sizes=\"(max-width: 706px) 89vw, (max-width: 767px) 82vw, 740px\" \/><\/a><\/p>\n","protected":false},"excerpt":{"rendered":"<p>Dijous 25 de juny de 2020. Claustre de la Casa de la Cultura.A les 20 hores. Companyia LEAMOK presenta L\u00c1ZAROMajors de 14 anys. Durada de 35 min.A les 20.40 horesCompanyia ERTZA presenta MEETING POINTEspectacle de dansa. Durada de 25 min.Entrada per als dos espectacles del dijous 25: 8 \u20ac \/redu\u00efda: 6 \u20ac(carnet jove i jubilats). &hellip; <\/p>\n<p class=\"link-more\"><a href=\"https:\/\/alzira.es\/es\/encontre-de-teatre-a-l-estiu-3\/\" class=\"more-link\">Continuar leyendo<span class=\"screen-reader-text\"> \u00abXXXII Encontre de teatre a l\u2019estiu &#8211; Alzira, del 25 al 27 de juny de 2020\u00bb<\/span><\/a><\/p>\n","protected":false},"author":29,"featured_media":0,"comment_status":"","ping_status":"","sticky":false,"template":"","format":"standard","meta":{"_acf_changed":false,"footnotes":""},"categories":[],"tags":[],"class_list":["post-50200","post","type-post","status-publish","format-standard","hentry"],"acf":[],"_links":{"self":[{"href":"https:\/\/alzira.es\/es\/wp-json\/wp\/v2\/posts\/50200","targetHints":{"allow":["GET"]}}],"collection":[{"href":"https:\/\/alzira.es\/es\/wp-json\/wp\/v2\/posts"}],"about":[{"href":"https:\/\/alzira.es\/es\/wp-json\/wp\/v2\/types\/post"}],"author":[{"embeddable":true,"href":"https:\/\/alzira.es\/es\/wp-json\/wp\/v2\/users\/29"}],"replies":[{"embeddable":true,"href":"https:\/\/alzira.es\/es\/wp-json\/wp\/v2\/comments?post=50200"}],"version-history":[{"count":0,"href":"https:\/\/alzira.es\/es\/wp-json\/wp\/v2\/posts\/50200\/revisions"}],"wp:attachment":[{"href":"https:\/\/alzira.es\/es\/wp-json\/wp\/v2\/media?parent=50200"}],"wp:term":[{"taxonomy":"category","embeddable":true,"href":"https:\/\/alzira.es\/es\/wp-json\/wp\/v2\/categories?post=50200"},{"taxonomy":"post_tag","embeddable":true,"href":"https:\/\/alzira.es\/es\/wp-json\/wp\/v2\/tags?post=50200"}],"curies":[{"name":"wp","href":"https:\/\/api.w.org\/{rel}","templated":true}]}}