{"id":50198,"date":"2020-06-18T14:51:11","date_gmt":"2020-06-18T12:51:11","guid":{"rendered":"https:\/\/alzira.es\/encontre-de-teatre-a-l-estiu\/"},"modified":"2020-06-18T14:51:11","modified_gmt":"2020-06-18T12:51:11","slug":"encontre-de-teatre-a-l-estiu","status":"publish","type":"post","link":"https:\/\/alzira.es\/es\/encontre-de-teatre-a-l-estiu\/","title":{"rendered":"XXXII Encuentro de teatro en verano &#8211; Alzira, del 25 al 27 de junio de 2020"},"content":{"rendered":"<p><strong>Jueves 25 de junio de 2020. Claustro de la Casa de la Cultura.<\/strong><br \/>A las 20 horas. Compa\u00f1\u00eda LEAMOK presenta L\u00c1ZARO<br \/>Mayores de 14 a\u00f1os. Duraci\u00f3n de 35 min.<br \/>A las 20.40 horas<br \/>Compa\u00f1\u00eda ERTZA presenta MEETING POINT<br \/>Espect\u00e1culo de danza. Duraci\u00f3n de 25 min.<br \/>Entrada para los dos espect\u00e1culos del jueves 25: 8 \u20ac \/reducida: 6 \u20ac<br \/>(carn\u00e9 joven y jubilados). Aforo limitado.<\/p>\n<p><strong>Viernes 26 de junio de 2020. Claustro de la Casa de la Cultura a las 22.30 horas.<\/strong><br \/>Traj\u00edn Teatro presenta MAUTHAUSEN. LA VOZ DE M\u00cd ABUELO.<br \/>Mayores de 14 a\u00f1os. Duraci\u00f3n de 60&#8242;. Aforo limitado.<br \/>Entrada 8 \u20ac \/reducida: 6 \u20ac (carn\u00e9 joven y jubilados)<\/p>\n<p><strong>S\u00e1bado 27 de junio de 2020. Claustro de la Casa de la Cultura a las 20 horas.<\/strong><br \/>Bullanga Compa\u00f1ia Teatral presenta JUEGO DE NI\u00d1AS<br \/>Durada de 60 min. Aforo limitado.<br \/>Entrada 8 \u20ac \/reducida: 6 \u20ac (carn\u00e9 joven y jubilados)<\/p>\n<p><strong>VENTA De ENTRADAS:<\/strong><br \/>Jueves 18, martes 23 y jueves 25 de junio, de 18 a 21 horas en<br \/>la Taquilla del Gran Teatro de Alzira, y por por tel\u00e9fono: 661 522 652 (en el mismo horario de la taquilla)<br \/>En el momento de la adquisici\u00f3n de la entrada, se os asignar\u00e1 una silla, que no se podr\u00e1 modificar bajo ning\u00fan concepto.<br \/>Si el mismo d\u00eda del evento, quedaron entradas disponibles, se meter\u00edan a la venta una hora antes en la taquilla de la Casa de la Cultura.<\/p>\n<p><strong>NORMATIVA (COVID-19):<\/strong><br \/>Las sillas est\u00e1n limitadas y se dispondr\u00e1n segundos nos marca la normativa vigente.<br \/>Para asistir a cualquier actividad necesariamente se tiene que adquirir la entrada correspondiente.<br \/>Se asignar\u00e1 la silla de manera personalizada.<br \/>Tal como marca la normativa, es obligatorio el uso de mascarilla.<br \/>El acceso al Claustro de la Casa de la Cultura es por la puerta principal donde habr\u00e1 un servidor de hielo desinfectando para frotarse las manos.<br \/>Para acceder hay que guardar las distancias de seguridad establecidas por la ley.<\/p>\n<p>MIS INFORMACI\u00d3N:<br \/>WathApp: 672619637<\/p>\n<p style=\"text-align: center;\"><a href=\"https:\/\/alzira.es\/wp-content\/uploads\/2020\/06\/folleto_encontre_teatre_compressed.pdf\" target=\"_blank\" rel=\"noopener\"><img fetchpriority=\"high\" decoding=\"async\" class=\" size-full wp-image-50161\" src=\"https:\/\/alzira.es\/wp-content\/uploads\/2020\/06\/folleto_encontre_teatre_page-0001.jpg\" alt=\"folleto encontre teatre page-0001\" width=\"1000\" height=\"1413\" srcset=\"https:\/\/alzira.es\/wp-content\/uploads\/2020\/06\/folleto_encontre_teatre_page-0001.jpg 1241w, https:\/\/alzira.es\/wp-content\/uploads\/2020\/06\/folleto_encontre_teatre_page-0001-361x510.jpg 361w, https:\/\/alzira.es\/wp-content\/uploads\/2020\/06\/folleto_encontre_teatre_page-0001-758x1072.jpg 758w, https:\/\/alzira.es\/wp-content\/uploads\/2020\/06\/folleto_encontre_teatre_page-0001-768x1085.jpg 768w, https:\/\/alzira.es\/wp-content\/uploads\/2020\/06\/folleto_encontre_teatre_page-0001-1087x1536.jpg 1087w\" sizes=\"(max-width: 706px) 89vw, (max-width: 767px) 82vw, 740px\" \/><\/a><\/p>\n","protected":false},"excerpt":{"rendered":"<p>Jueves 25 de junio de 2020. Claustro de la Casa de la Cultura.A las 20 horas. Compa\u00f1\u00eda LEAMOK presenta L\u00c1ZAROMayores de 14 a\u00f1os. Duraci\u00f3n de 35 min.A las 20.40 horasCompa\u00f1\u00eda ERTZA presenta MEETING POINTEspect\u00e1culo de danza. Duraci\u00f3n de 25 min.Entrada para los dos espect\u00e1culos del jueves 25: 8 \u20ac \/reducida: 6 \u20ac(carn\u00e9 joven y jubilados). &hellip; <\/p>\n<p class=\"link-more\"><a href=\"https:\/\/alzira.es\/es\/encontre-de-teatre-a-l-estiu\/\" class=\"more-link\">Continuar leyendo<span class=\"screen-reader-text\"> \u00abXXXII Encuentro de teatro en verano &#8211; Alzira, del 25 al 27 de junio de 2020\u00bb<\/span><\/a><\/p>\n","protected":false},"author":29,"featured_media":50161,"comment_status":"","ping_status":"","sticky":false,"template":"","format":"standard","meta":{"_acf_changed":false,"footnotes":""},"categories":[4936],"tags":[],"class_list":["post-50198","post","type-post","status-publish","format-standard","has-post-thumbnail","hentry","category-hemeroteca-es"],"acf":[],"_links":{"self":[{"href":"https:\/\/alzira.es\/es\/wp-json\/wp\/v2\/posts\/50198","targetHints":{"allow":["GET"]}}],"collection":[{"href":"https:\/\/alzira.es\/es\/wp-json\/wp\/v2\/posts"}],"about":[{"href":"https:\/\/alzira.es\/es\/wp-json\/wp\/v2\/types\/post"}],"author":[{"embeddable":true,"href":"https:\/\/alzira.es\/es\/wp-json\/wp\/v2\/users\/29"}],"replies":[{"embeddable":true,"href":"https:\/\/alzira.es\/es\/wp-json\/wp\/v2\/comments?post=50198"}],"version-history":[{"count":0,"href":"https:\/\/alzira.es\/es\/wp-json\/wp\/v2\/posts\/50198\/revisions"}],"wp:featuredmedia":[{"embeddable":true,"href":"https:\/\/alzira.es\/es\/wp-json\/wp\/v2\/media\/50161"}],"wp:attachment":[{"href":"https:\/\/alzira.es\/es\/wp-json\/wp\/v2\/media?parent=50198"}],"wp:term":[{"taxonomy":"category","embeddable":true,"href":"https:\/\/alzira.es\/es\/wp-json\/wp\/v2\/categories?post=50198"},{"taxonomy":"post_tag","embeddable":true,"href":"https:\/\/alzira.es\/es\/wp-json\/wp\/v2\/tags?post=50198"}],"curies":[{"name":"wp","href":"https:\/\/api.w.org\/{rel}","templated":true}]}}