{"id":50141,"date":"2020-06-17T12:15:48","date_gmt":"2020-06-17T10:15:48","guid":{"rendered":"https:\/\/alzira.es\/np-17062020-prevencio-d-incendis-3\/"},"modified":"2020-06-17T12:15:48","modified_gmt":"2020-06-17T10:15:48","slug":"np-17062020-prevencio-d-incendis-3","status":"publish","type":"post","link":"https:\/\/alzira.es\/es\/np-17062020-prevencio-d-incendis-3\/","title":{"rendered":"Alzira posa en marxa el voluntariat ambiental en prevenci\u00f3 d\u2019incendis forestals"},"content":{"rendered":"<p style=\"text-align: justify;\"><em><strong>\u2022 La participaci\u00f3 inclou formaci\u00f3, dietes i asseguran\u00e7a<\/strong><\/em><\/p>\n<p style=\"text-align: justify;\"><strong>Alzira, 17 de juny de 2020.-<\/strong> L&#8217;Ajuntament d&#8217;Alzira conjuntament amb l&#8217;Associaci\u00f3 Interpreta Natura posen en marxa la campanya d&#8217;estiu del voluntariat ambiental per a prevenci\u00f3 d&#8217;incendis forestals en les serres de la Murta i les Agulles, aix\u00ed com de les muntanyes de la Garrofera i els principals rius i barrancs del terme municipal d&#8217;Alzira.<\/p>\n<p style=\"text-align: justify;\">Despr\u00e9s de la bona experi\u00e8ncia de l&#8217;any passat en la qual es varen sobrepassar les expectatives, enguany s&#8217;ha apostat per allargar el voluntariat als tres mesos de l&#8217;estiu, i portar a terme una actuaci\u00f3 comarcal que incremente la zona de vigil\u00e0ncia fins als termes lim\u00edtrofes, de manera que s&#8217;augmenta la capacitat de resposta.<\/p>\n<p style=\"text-align: justify;\">En este sentit, el regidor de l&#8217;\u00e0rea de Medi Ambient, Agricultura i Transici\u00f3 Ecol\u00f2gica, <strong>Pep Carreres<\/strong>, ha manifestat: <em>\u00abHem d&#8217;entendre la prevenci\u00f3 d&#8217;incendis forestals com una pol\u00edtica coordinada i conjunta de tots els municipis que formem part de la serralada de la Murta i les Agulles. Els incendis no entenen de l\u00edmits administratius i per tant la seua vigil\u00e0ncia i prevenci\u00f3 han de transcendir dels dominis municipals als dominis orogr\u00e0fics\u00bb.<\/em><\/p>\n<p style=\"text-align: justify;\">Els interessats a participar han de contactar per tel\u00e8fon al 654050504 o b\u00e9 enviar un correu electr\u00f2nic a <a href=\"mailto:voluntariat@interpretayeduca.com\" target=\"_blank\" rel=\"noopener\">voluntariat@interpretayeduca.com<\/a>, indicant les seues dades i la disponibilitat de participaci\u00f3. Dins del voluntariat, els participants reben les dietes corresponents a esmorzar i dinar, asseguran\u00e7a de responsabilitat civil i accidents, EPI i uniforme identificatiu, certificat de participaci\u00f3 i jornades formatives, per exemple en primers auxilis.<\/p>\n<p style=\"text-align: justify;\">Els objectius fonamentals d&#8217;este any s\u00f3n consolidar el col\u2022lectiu del voluntariat ambiental com una pe\u00e7a clau dins de les pol\u00edtiques municipals en prevenci\u00f3 d&#8217;incendis forestals i estendre la seua zona d&#8217;afecci\u00f3 a tota la cadena muntanyosa que comen\u00e7a a les valls alzirenyes de la Murta, de la Casella i d&#8217;Aig\u00fces Vives.<\/p>\n<p style=\"text-align: justify;\">Este estiu s&#8217;espera especialment complicat sobretot en la seua segona part, que \u00e9s quan l&#8217;exuberant vegetaci\u00f3 que tenim a les nostres muntanyes perdr\u00e0 la humitat i es convertir\u00e0 en un abundant i continu combustible que donar\u00e0 molta virul\u00e8ncia al foc en cas d&#8217;incendi forestal.<\/p>\n<p style=\"text-align: justify;\">L&#8217;Ajuntament d&#8217;Alzira, sent conscient d&#8217;esta perillosa realitat, aposta per promoure un voluntariat en prevenci\u00f3 d&#8217;incendis forestals que ajude a detectar els possibles focus d&#8217;incendis forestals de forma r\u00e0pida i efectiva oferint la possibilitat als mitjans d&#8217;extinci\u00f3 d&#8217;una r\u00e0pida intervenci\u00f3 que puga evitar la proliferaci\u00f3 dels grans incendis forestals.<\/p>\n<p style=\"text-align: center;\"><a href=\"https:\/\/alzira.es\/wp-content\/uploads\/2020\/06\/cartel_voluntariat.pdf\" target=\"_blank\" rel=\"noopener\"><img fetchpriority=\"high\" decoding=\"async\" width=\"1684\" height=\"2382\" class=\" size-full wp-image-50130\" src=\"https:\/\/alzira.es\/wp-content\/uploads\/2020\/06\/cartel_voluntariat.jpg\" alt=\"cartel voluntariat\" srcset=\"https:\/\/alzira.es\/wp-content\/uploads\/2020\/06\/cartel_voluntariat.jpg 1684w, https:\/\/alzira.es\/wp-content\/uploads\/2020\/06\/cartel_voluntariat-361x510.jpg 361w, https:\/\/alzira.es\/wp-content\/uploads\/2020\/06\/cartel_voluntariat-758x1072.jpg 758w, https:\/\/alzira.es\/wp-content\/uploads\/2020\/06\/cartel_voluntariat-768x1086.jpg 768w, https:\/\/alzira.es\/wp-content\/uploads\/2020\/06\/cartel_voluntariat-1086x1536.jpg 1086w, https:\/\/alzira.es\/wp-content\/uploads\/2020\/06\/cartel_voluntariat-1448x2048.jpg 1448w\" sizes=\"(max-width: 706px) 89vw, (max-width: 767px) 82vw, 740px\" \/><\/a><\/p>\n","protected":false},"excerpt":{"rendered":"<p>\u2022 La participaci\u00f3 inclou formaci\u00f3, dietes i asseguran\u00e7a Alzira, 17 de juny de 2020.- L&#8217;Ajuntament d&#8217;Alzira conjuntament amb l&#8217;Associaci\u00f3 Interpreta Natura posen en marxa la campanya d&#8217;estiu del voluntariat ambiental per a prevenci\u00f3 d&#8217;incendis forestals en les serres de la Murta i les Agulles, aix\u00ed com de les muntanyes de la Garrofera i els principals &hellip; <\/p>\n<p class=\"link-more\"><a href=\"https:\/\/alzira.es\/es\/np-17062020-prevencio-d-incendis-3\/\" class=\"more-link\">Continuar leyendo<span class=\"screen-reader-text\"> \u00abAlzira posa en marxa el voluntariat ambiental en prevenci\u00f3 d\u2019incendis forestals\u00bb<\/span><\/a><\/p>\n","protected":false},"author":29,"featured_media":0,"comment_status":"","ping_status":"","sticky":false,"template":"","format":"standard","meta":{"_acf_changed":false,"footnotes":""},"categories":[],"tags":[],"class_list":["post-50141","post","type-post","status-publish","format-standard","hentry"],"acf":[],"_links":{"self":[{"href":"https:\/\/alzira.es\/es\/wp-json\/wp\/v2\/posts\/50141","targetHints":{"allow":["GET"]}}],"collection":[{"href":"https:\/\/alzira.es\/es\/wp-json\/wp\/v2\/posts"}],"about":[{"href":"https:\/\/alzira.es\/es\/wp-json\/wp\/v2\/types\/post"}],"author":[{"embeddable":true,"href":"https:\/\/alzira.es\/es\/wp-json\/wp\/v2\/users\/29"}],"replies":[{"embeddable":true,"href":"https:\/\/alzira.es\/es\/wp-json\/wp\/v2\/comments?post=50141"}],"version-history":[{"count":0,"href":"https:\/\/alzira.es\/es\/wp-json\/wp\/v2\/posts\/50141\/revisions"}],"wp:attachment":[{"href":"https:\/\/alzira.es\/es\/wp-json\/wp\/v2\/media?parent=50141"}],"wp:term":[{"taxonomy":"category","embeddable":true,"href":"https:\/\/alzira.es\/es\/wp-json\/wp\/v2\/categories?post=50141"},{"taxonomy":"post_tag","embeddable":true,"href":"https:\/\/alzira.es\/es\/wp-json\/wp\/v2\/tags?post=50141"}],"curies":[{"name":"wp","href":"https:\/\/api.w.org\/{rel}","templated":true}]}}