{"id":50124,"date":"2020-06-16T13:24:32","date_gmt":"2020-06-16T11:24:32","guid":{"rendered":"https:\/\/alzira.es\/pagament-ajudes-autonoms-2\/"},"modified":"2020-06-16T13:24:32","modified_gmt":"2020-06-16T11:24:32","slug":"pagament-ajudes-autonoms-2","status":"publish","type":"post","link":"https:\/\/alzira.es\/es\/pagament-ajudes-autonoms-2\/","title":{"rendered":"Diego G\u00f3mez: \u201cDes del govern de Comprom\u00eds fem front a la crisi sanit\u00e0ria, social i econ\u00f2mica de la Covid 19\u201d"},"content":{"rendered":"<p style=\"text-align: justify;\"><em><strong>\u2022&nbsp;L&#8217;Ajuntament ja ha comen\u00e7at a pagar les ajudes a aut\u00f2noms<\/strong><\/em><\/p>\n<p style=\"text-align: justify;\"><strong>Alzira, 28 de maig de 2020.-<\/strong> Des d&#8217;ahir s&#8217;ha comen\u00e7at a fer efectiu el pagament de les ajudes destinades a la reactivaci\u00f3 econ\u00f2mica d&#8217;Alzira.<br \/>En total ja s&#8217;han pagat m\u00e9s del 20% de les ajudes per un import m\u00e0xim de 400 \u20ac cadascuna. Els beneficiaris rebran l&#8217;ingr\u00e9s al compte bancari que van facilitar en el moment de la sol\u00b7licitud.<\/p>\n<p style=\"text-align: justify;\"><em>\u00abDes del govern de Comprom\u00eds, complim amb el repte que suposa fer front a esta crisi sanit\u00e0ria, social i econ\u00f2mica provocada per la Covid 19. Entenem que el paper de les administracions, i especialment el de l&#8217;Ajuntament, \u00e9s estar al costat dels nostres comerciants d&#8217;una manera r\u00e0pida, ja que en estos moments \u00e9s quan ens necessiten per a fer front a la situaci\u00f3 complicada que travessen\u00bb<\/em>, assegura l&#8217;alcalde d&#8217;Alzira, <strong>Diego G\u00f3mez<\/strong>.<\/p>\n<p style=\"text-align: justify;\">Cal recordar que esta ajuda municipal \u00e9s una de les primeres que es paguen amb l&#8217;objectiu de dinamitzar i impulsar l&#8217;economia local de manera immediata. <em>\u00abHem treballat de manera intensa per a poder fer arribar el pagament com m\u00e9s prompte millor. El termini per a demanar-la finalitzava el passat 26 de maig i nom\u00e9s en tres setmanes els nostres aut\u00f2noms ja disposen dels diners\u00bb<\/em>, afig el regidor d&#8217;Hisenda, <strong>Albert Furi\u00f3<\/strong>.<\/p>\n<p style=\"text-align: justify;\">El Ple de l&#8217;Ajuntament va aprovar el passat 27 de maig una ampliaci\u00f3 de 100.000 \u20ac de la dotaci\u00f3 pressupost\u00e0ria d&#8217;esta ajuda a proposta de l&#8217;alcaldia que se sumava als 305.000 \u20ac inicials. Han estat al voltant de 1.100 els comer\u00e7os i negocis que han demanat esta ajuda dirigida a treballadors aut\u00f2noms destinada a la reactivaci\u00f3 econ\u00f2mica en el municipi d&#8217;Alzira i compatible amb les ajudes de la Generalitat Valenciana publicades el passat mes d&#8217;abril.<\/p>\n<p style=\"text-align: justify;\">La comissi\u00f3 de baremaci\u00f3 continuar\u00e0 esta setmana amb la revisi\u00f3 de sol\u00b7licituds per a comprovar l&#8217;adequaci\u00f3 als requisits i determinar la quantia segons les condicions particulars d&#8217;acord amb les bases de la convocat\u00f2ria i el nombre de sol\u00b7licituds.<\/p>\n<p style=\"text-align: justify;\">Recordem que esta iniciativa del govern municipal t\u00e9 l&#8217;acord favorable i un\u00e0nime del plenari, i tamb\u00e9 comptem amb el vistiplau de la Secretaria i la Intervenci\u00f3 municipals.<\/p>\n<p style=\"text-align: center;\"><a class=\"jcepopup\" href=\"https:\/\/alzira.es\/wp-content\/uploads\/2020\/06\/Pagament_ajudes_autonoms.jpg\" target=\"_blank\" rel=\"noopener\"><img fetchpriority=\"high\" decoding=\"async\" class=\" size-full wp-image-50118\" src=\"https:\/\/alzira.es\/wp-content\/uploads\/2020\/06\/Pagament_ajudes_autonoms.jpg\" alt=\"Pagament ajudes aut\u00f2noms\" width=\"700\" height=\"467\" \/><\/a>&nbsp;<a class=\"jcepopup\" style=\"text-align: center;\" type=\"image\" href=\"https:\/\/alzira.es\/wp-content\/uploads\/2020\/06\/Pagament_ajudes_autonoms_1.jpg\" target=\"_blank\" rel=\"noopener\"><img decoding=\"async\" class=\"size-full wp-image-50120 lazyload\" data-src=\"https:\/\/alzira.es\/wp-content\/uploads\/2020\/06\/Pagament_ajudes_autonoms_1.jpg\" alt=\"Pagament ajudes aut\u00f2noms 1\" width=\"350\" height=\"467\" data-srcset=\"https:\/\/alzira.es\/wp-content\/uploads\/2020\/06\/Pagament_ajudes_autonoms_1.jpg 1500w, https:\/\/alzira.es\/wp-content\/uploads\/2020\/06\/Pagament_ajudes_autonoms_1-383x510.jpg 383w, https:\/\/alzira.es\/wp-content\/uploads\/2020\/06\/Pagament_ajudes_autonoms_1-804x1072.jpg 804w, https:\/\/alzira.es\/wp-content\/uploads\/2020\/06\/Pagament_ajudes_autonoms_1-768x1024.jpg 768w, https:\/\/alzira.es\/wp-content\/uploads\/2020\/06\/Pagament_ajudes_autonoms_1-1152x1536.jpg 1152w\" data-sizes=\"(max-width: 350px) 100vw, 350px\" src=\"data:image\/svg+xml;base64,PHN2ZyB3aWR0aD0iMSIgaGVpZ2h0PSIxIiB4bWxucz0iaHR0cDovL3d3dy53My5vcmcvMjAwMC9zdmciPjwvc3ZnPg==\" style=\"--smush-placeholder-width: 350px; --smush-placeholder-aspect-ratio: 350\/467;\" \/><\/a><\/p>\n","protected":false},"excerpt":{"rendered":"<p>\u2022&nbsp;L&#8217;Ajuntament ja ha comen\u00e7at a pagar les ajudes a aut\u00f2noms Alzira, 28 de maig de 2020.- Des d&#8217;ahir s&#8217;ha comen\u00e7at a fer efectiu el pagament de les ajudes destinades a la reactivaci\u00f3 econ\u00f2mica d&#8217;Alzira.En total ja s&#8217;han pagat m\u00e9s del 20% de les ajudes per un import m\u00e0xim de 400 \u20ac cadascuna. Els beneficiaris rebran &hellip; <\/p>\n<p class=\"link-more\"><a href=\"https:\/\/alzira.es\/es\/pagament-ajudes-autonoms-2\/\" class=\"more-link\">Continuar leyendo<span class=\"screen-reader-text\"> \u00abDiego G\u00f3mez: \u201cDes del govern de Comprom\u00eds fem front a la crisi sanit\u00e0ria, social i econ\u00f2mica de la Covid 19\u201d\u00bb<\/span><\/a><\/p>\n","protected":false},"author":29,"featured_media":50118,"comment_status":"","ping_status":"","sticky":false,"template":"","format":"standard","meta":{"_acf_changed":false,"footnotes":""},"categories":[],"tags":[],"class_list":["post-50124","post","type-post","status-publish","format-standard","has-post-thumbnail","hentry"],"acf":[],"_links":{"self":[{"href":"https:\/\/alzira.es\/es\/wp-json\/wp\/v2\/posts\/50124","targetHints":{"allow":["GET"]}}],"collection":[{"href":"https:\/\/alzira.es\/es\/wp-json\/wp\/v2\/posts"}],"about":[{"href":"https:\/\/alzira.es\/es\/wp-json\/wp\/v2\/types\/post"}],"author":[{"embeddable":true,"href":"https:\/\/alzira.es\/es\/wp-json\/wp\/v2\/users\/29"}],"replies":[{"embeddable":true,"href":"https:\/\/alzira.es\/es\/wp-json\/wp\/v2\/comments?post=50124"}],"version-history":[{"count":0,"href":"https:\/\/alzira.es\/es\/wp-json\/wp\/v2\/posts\/50124\/revisions"}],"wp:featuredmedia":[{"embeddable":true,"href":"https:\/\/alzira.es\/es\/wp-json\/wp\/v2\/media\/50118"}],"wp:attachment":[{"href":"https:\/\/alzira.es\/es\/wp-json\/wp\/v2\/media?parent=50124"}],"wp:term":[{"taxonomy":"category","embeddable":true,"href":"https:\/\/alzira.es\/es\/wp-json\/wp\/v2\/categories?post=50124"},{"taxonomy":"post_tag","embeddable":true,"href":"https:\/\/alzira.es\/es\/wp-json\/wp\/v2\/tags?post=50124"}],"curies":[{"name":"wp","href":"https:\/\/api.w.org\/{rel}","templated":true}]}}