{"id":50112,"date":"2020-06-12T14:05:03","date_gmt":"2020-06-12T12:05:03","guid":{"rendered":"https:\/\/alzira.es\/oferiment-estadi-luis-suner-2\/"},"modified":"2020-06-12T14:05:03","modified_gmt":"2020-06-12T12:05:03","slug":"oferiment-estadi-luis-suner-2","status":"publish","type":"post","link":"https:\/\/alzira.es\/es\/oferiment-estadi-luis-suner-2\/","title":{"rendered":"L\u2019Ajuntament i la UD Alzira han oferit a la Federaci\u00f3 Valenciana de Futbol l\u2019estadi Luis Su\u00f1er per jugar els partits d&#8217;ascens a 2a divisi\u00f3"},"content":{"rendered":"<p style=\"text-align: justify;\">El regidor d&#8217;Esports, <strong>Fernando Pascual<\/strong> junt amb la directiva de la UD Alzira s&#8217;han posat en contacte amb el President de la Federaci\u00f3 Valenciana de Futbol, <strong>Salvador Gomar<\/strong> per mostrar la seua col\u00b7laboraci\u00f3 perqu\u00e8 Alzira siga una de les ciutats que aculla estos partits en este per\u00edode de desescala i nova normalitat que permeten la represa de les competicions futbol\u00edstiques i jugar els partits classificatoris per a l&#8217;ascens.<\/p>\n<p style=\"text-align: justify;\">L&#8217;estadi Luis Su\u00f1er compta amb tots els requisits establerts per la Real Federaci\u00f3 Espanyola de Futbol, amb tot el necessari per a acollir partits d&#8217;estes caracter\u00edstiques. A m\u00e9s, gr\u00e0cies a la cura i al seu manteniment diari, la gespa natural del terreny de joc es troba en una situaci\u00f3 immillorable per a la pr\u00e0ctica d&#8217;este esport amb totes les garanties de seguretat i esportives.<\/p>\n<p style=\"text-align: justify;\">El regidor d&#8217;Esports, <strong>Fernando Pascual<\/strong> ha manifestat que <em>\u00abEs tractaria d&#8217;una molt bona not\u00edcia per a l&#8217;esport alzireny i per a la nostra ciutat, ja que suposaria una visualitzaci\u00f3 de l&#8217;esport local tant a escala auton\u00f3mica com nacional\u00bb<\/em>. L&#8217;edil tamb\u00e9 ha afegit que <em>\u00abAlzira \u00e9s una ciutat esportista, que li agrada practicar l&#8217;activitat f\u00edsica. Mostra d&#8217;aix\u00f2 s\u00f3n els 37 clubs esportius amb les seues respectives modalitats. Poder obrir les nostres instal\u00b7lacions per acollir esdeveniments esportius d&#8217;este tipus fan d&#8217;Alzira un referent de l&#8217;esport en l&#8217;\u00e0mbit comarcal, provincial i auton\u00f2mic\u00bb<\/em>.<\/p>\n<p style=\"text-align: center;\"><a class=\"jcepopup\" style=\"text-align: center;\" type=\"image\" href=\"https:\/\/alzira.es\/wp-content\/uploads\/2020\/06\/Luis_Suner_1.jpg\" target=\"_blank\" rel=\"noopener\"><img fetchpriority=\"high\" decoding=\"async\" class=\" size-full wp-image-50106\" src=\"https:\/\/alzira.es\/wp-content\/uploads\/2020\/06\/Luis_Suner_1.jpg\" alt=\"Luis Su\u00f1er 1\" width=\"405\" height=\"246\" srcset=\"https:\/\/alzira.es\/wp-content\/uploads\/2020\/06\/Luis_Suner_1.jpg 684w, https:\/\/alzira.es\/wp-content\/uploads\/2020\/06\/Luis_Suner_1-680x413.jpg 680w\" sizes=\"(max-width: 405px) 100vw, 405px\" \/><\/a>&nbsp;<a class=\"jcepopup\" href=\"https:\/\/alzira.es\/wp-content\/uploads\/2020\/06\/Luis_Suner_2.jpg\" target=\"_blank\" rel=\"noopener\"><img decoding=\"async\" class=\"size-full wp-image-50108 lazyload\" data-src=\"https:\/\/alzira.es\/wp-content\/uploads\/2020\/06\/Luis_Suner_2.jpg\" alt=\"Luis Su\u00f1er 2\" width=\"500\" height=\"246\" data-srcset=\"https:\/\/alzira.es\/wp-content\/uploads\/2020\/06\/Luis_Suner_2.jpg 973w, https:\/\/alzira.es\/wp-content\/uploads\/2020\/06\/Luis_Suner_2-680x335.jpg 680w, https:\/\/alzira.es\/wp-content\/uploads\/2020\/06\/Luis_Suner_2-768x378.jpg 768w\" data-sizes=\"(max-width: 500px) 100vw, 500px\" src=\"data:image\/svg+xml;base64,PHN2ZyB3aWR0aD0iMSIgaGVpZ2h0PSIxIiB4bWxucz0iaHR0cDovL3d3dy53My5vcmcvMjAwMC9zdmciPjwvc3ZnPg==\" style=\"--smush-placeholder-width: 500px; --smush-placeholder-aspect-ratio: 500\/246;\" \/><\/a><\/p>\n","protected":false},"excerpt":{"rendered":"<p>El regidor d&#8217;Esports, Fernando Pascual junt amb la directiva de la UD Alzira s&#8217;han posat en contacte amb el President de la Federaci\u00f3 Valenciana de Futbol, Salvador Gomar per mostrar la seua col\u00b7laboraci\u00f3 perqu\u00e8 Alzira siga una de les ciutats que aculla estos partits en este per\u00edode de desescala i nova normalitat que permeten la &hellip; <\/p>\n<p class=\"link-more\"><a href=\"https:\/\/alzira.es\/es\/oferiment-estadi-luis-suner-2\/\" class=\"more-link\">Continuar leyendo<span class=\"screen-reader-text\"> \u00abL\u2019Ajuntament i la UD Alzira han oferit a la Federaci\u00f3 Valenciana de Futbol l\u2019estadi Luis Su\u00f1er per jugar els partits d&#8217;ascens a 2a divisi\u00f3\u00bb<\/span><\/a><\/p>\n","protected":false},"author":29,"featured_media":50106,"comment_status":"","ping_status":"","sticky":false,"template":"","format":"standard","meta":{"_acf_changed":false,"footnotes":""},"categories":[],"tags":[],"class_list":["post-50112","post","type-post","status-publish","format-standard","has-post-thumbnail","hentry"],"acf":[],"_links":{"self":[{"href":"https:\/\/alzira.es\/es\/wp-json\/wp\/v2\/posts\/50112","targetHints":{"allow":["GET"]}}],"collection":[{"href":"https:\/\/alzira.es\/es\/wp-json\/wp\/v2\/posts"}],"about":[{"href":"https:\/\/alzira.es\/es\/wp-json\/wp\/v2\/types\/post"}],"author":[{"embeddable":true,"href":"https:\/\/alzira.es\/es\/wp-json\/wp\/v2\/users\/29"}],"replies":[{"embeddable":true,"href":"https:\/\/alzira.es\/es\/wp-json\/wp\/v2\/comments?post=50112"}],"version-history":[{"count":0,"href":"https:\/\/alzira.es\/es\/wp-json\/wp\/v2\/posts\/50112\/revisions"}],"wp:featuredmedia":[{"embeddable":true,"href":"https:\/\/alzira.es\/es\/wp-json\/wp\/v2\/media\/50106"}],"wp:attachment":[{"href":"https:\/\/alzira.es\/es\/wp-json\/wp\/v2\/media?parent=50112"}],"wp:term":[{"taxonomy":"category","embeddable":true,"href":"https:\/\/alzira.es\/es\/wp-json\/wp\/v2\/categories?post=50112"},{"taxonomy":"post_tag","embeddable":true,"href":"https:\/\/alzira.es\/es\/wp-json\/wp\/v2\/tags?post=50112"}],"curies":[{"name":"wp","href":"https:\/\/api.w.org\/{rel}","templated":true}]}}