{"id":50086,"date":"2020-06-11T13:07:49","date_gmt":"2020-06-11T11:07:49","guid":{"rendered":"https:\/\/alzira.es\/obri-la-piscina-coberta-2\/"},"modified":"2020-06-11T13:07:49","modified_gmt":"2020-06-11T11:07:49","slug":"obri-la-piscina-coberta-2","status":"publish","type":"post","link":"https:\/\/alzira.es\/es\/obri-la-piscina-coberta-2\/","title":{"rendered":"Alzira obri la piscina coberta el pr\u00f2xim 15 de juny"},"content":{"rendered":"<p style=\"text-align: justify;\">Alzira obri de nou la piscina municipal coberta a partir del 15 de juny. A m\u00e9s enguany la instal\u00b7laci\u00f3 romandr\u00e0 oberta els mesos de juliol i agost. L&#8217;horari durant el mes de juny ser\u00e0 de dilluns a dissabte, de 7 del mat\u00ed a 13 h, i de vesprada de 16,30 a 22 h de la nit. Els abonats anuals podran accedir sense cap mena de cost, i hi haur\u00e0 a la venda entrades per modalitats i bons 10.<\/p>\n<p style=\"text-align: justify;\">L&#8217;aforament de la piscina ser\u00e0 de 30 usuaris per hora, mentre que les instal\u00b7lacions del gimn\u00e0s esportiu, el balneari urb\u00e0 i les sales multi\u00fas, de moment, estaran tancades. S&#8217;establiran torns d&#8217;activitats d&#8217;una hora i torns de desinfecci\u00f3 de 30 minuts per netejar i condicionar els espais comuns.<\/p>\n<p style=\"text-align: justify;\">Cal destacar que seguint les normes decretades pel govern i les recomanacions de les autoritats sanit\u00e0ries, l&#8217;aforament dels vestuaris ser\u00e0 d&#8217;11 usuaris i no es podran utilitzar les dutxes, l&#8217;acc\u00e9s a les taquilles est\u00e0 prohibit, s&#8217;ha de mantenir la dist\u00e0ncia de seguretat de 2 metres i l&#8217;acc\u00e9s a la zona de cafeteria i grades romandran tancades al p\u00fablic.<\/p>\n<p style=\"text-align: justify;\">El regidor d&#8217;Esports,<strong> Fernando Pascual<\/strong>, ha manifestat que <em>\u00abSeguim fent un pas m\u00e9s en esta desescalada i obrim de nou la piscina municipal, una de les instal\u00b7lacions esportives de m\u00e9s aflu\u00e8ncia de la nostra ciutat. Des d&#8217;ac\u00ed vull fer una crida a la responsabilitat individual i a la conscienciaci\u00f3 per fer un bon \u00fas d&#8217;este servei. La posada en marxa de la piscina suposa el cam\u00ed a la nova normalitat i hem d&#8217;adaptar-nos a esta nova situaci\u00f3\u00bb<\/em>. L&#8217;edil tamb\u00e9 ha estacat que <em>\u00abDes de la regidoria d&#8217;Esports anem a garantir que es complisquen totes les mesures de seguretat amb la finalitat de vetlar per la tranquil\u00b7litat de tota la ciutadania\u00bb<\/em>.<\/p>\n<p style=\"text-align: center;\"><a class=\"jcepopup\" href=\"https:\/\/alzira.es\/wp-content\/uploads\/2020\/06\/Piscina_Alzira.jpg\" target=\"_blank\" rel=\"noopener\"><img fetchpriority=\"high\" decoding=\"async\" width=\"800\" height=\"533\" class=\" size-full wp-image-50079\" src=\"https:\/\/alzira.es\/wp-content\/uploads\/2020\/06\/Piscina_Alzira.jpg\" alt=\"Piscina Alzira\" srcset=\"https:\/\/alzira.es\/wp-content\/uploads\/2020\/06\/Piscina_Alzira.jpg 800w, https:\/\/alzira.es\/wp-content\/uploads\/2020\/06\/Piscina_Alzira-680x453.jpg 680w, https:\/\/alzira.es\/wp-content\/uploads\/2020\/06\/Piscina_Alzira-768x512.jpg 768w\" sizes=\"(max-width: 706px) 89vw, (max-width: 767px) 82vw, 740px\" \/><\/a>&nbsp;<a class=\"jcepopup\" style=\"font-size: 14.4px; text-align: center;\" type=\"image\" href=\"https:\/\/alzira.es\/wp-content\/uploads\/2020\/06\/Cartell_piscina.jpg\" target=\"_blank\" rel=\"noopener\"><img decoding=\"async\" class=\"size-full wp-image-50082 lazyload\" data-src=\"https:\/\/alzira.es\/wp-content\/uploads\/2020\/06\/Cartell_piscina.jpg\" alt=\"Cartell piscina\" width=\"375\" height=\"533\" data-srcset=\"https:\/\/alzira.es\/wp-content\/uploads\/2020\/06\/Cartell_piscina.jpg 854w, https:\/\/alzira.es\/wp-content\/uploads\/2020\/06\/Cartell_piscina-359x510.jpg 359w, https:\/\/alzira.es\/wp-content\/uploads\/2020\/06\/Cartell_piscina-754x1072.jpg 754w, https:\/\/alzira.es\/wp-content\/uploads\/2020\/06\/Cartell_piscina-768x1092.jpg 768w\" data-sizes=\"(max-width: 375px) 100vw, 375px\" src=\"data:image\/svg+xml;base64,PHN2ZyB3aWR0aD0iMSIgaGVpZ2h0PSIxIiB4bWxucz0iaHR0cDovL3d3dy53My5vcmcvMjAwMC9zdmciPjwvc3ZnPg==\" style=\"--smush-placeholder-width: 375px; --smush-placeholder-aspect-ratio: 375\/533;\" \/><\/a><\/p>\n","protected":false},"excerpt":{"rendered":"<p>Alzira obri de nou la piscina municipal coberta a partir del 15 de juny. A m\u00e9s enguany la instal\u00b7laci\u00f3 romandr\u00e0 oberta els mesos de juliol i agost. L&#8217;horari durant el mes de juny ser\u00e0 de dilluns a dissabte, de 7 del mat\u00ed a 13 h, i de vesprada de 16,30 a 22 h de la &hellip; <\/p>\n<p class=\"link-more\"><a href=\"https:\/\/alzira.es\/es\/obri-la-piscina-coberta-2\/\" class=\"more-link\">Continuar leyendo<span class=\"screen-reader-text\"> \u00abAlzira obri la piscina coberta el pr\u00f2xim 15 de juny\u00bb<\/span><\/a><\/p>\n","protected":false},"author":29,"featured_media":50079,"comment_status":"","ping_status":"","sticky":false,"template":"","format":"standard","meta":{"_acf_changed":false,"footnotes":""},"categories":[],"tags":[],"class_list":["post-50086","post","type-post","status-publish","format-standard","has-post-thumbnail","hentry"],"acf":[],"_links":{"self":[{"href":"https:\/\/alzira.es\/es\/wp-json\/wp\/v2\/posts\/50086","targetHints":{"allow":["GET"]}}],"collection":[{"href":"https:\/\/alzira.es\/es\/wp-json\/wp\/v2\/posts"}],"about":[{"href":"https:\/\/alzira.es\/es\/wp-json\/wp\/v2\/types\/post"}],"author":[{"embeddable":true,"href":"https:\/\/alzira.es\/es\/wp-json\/wp\/v2\/users\/29"}],"replies":[{"embeddable":true,"href":"https:\/\/alzira.es\/es\/wp-json\/wp\/v2\/comments?post=50086"}],"version-history":[{"count":0,"href":"https:\/\/alzira.es\/es\/wp-json\/wp\/v2\/posts\/50086\/revisions"}],"wp:featuredmedia":[{"embeddable":true,"href":"https:\/\/alzira.es\/es\/wp-json\/wp\/v2\/media\/50079"}],"wp:attachment":[{"href":"https:\/\/alzira.es\/es\/wp-json\/wp\/v2\/media?parent=50086"}],"wp:term":[{"taxonomy":"category","embeddable":true,"href":"https:\/\/alzira.es\/es\/wp-json\/wp\/v2\/categories?post=50086"},{"taxonomy":"post_tag","embeddable":true,"href":"https:\/\/alzira.es\/es\/wp-json\/wp\/v2\/tags?post=50086"}],"curies":[{"name":"wp","href":"https:\/\/api.w.org\/{rel}","templated":true}]}}