{"id":50084,"date":"2020-06-11T13:07:49","date_gmt":"2020-06-11T11:07:49","guid":{"rendered":"https:\/\/alzira.es\/obri-la-piscina-coberta\/"},"modified":"2020-06-11T13:07:49","modified_gmt":"2020-06-11T11:07:49","slug":"obri-la-piscina-coberta","status":"publish","type":"post","link":"https:\/\/alzira.es\/es\/obri-la-piscina-coberta\/","title":{"rendered":"Alzira abre la piscina cubierta el pr\u00f3ximo 15 de junio"},"content":{"rendered":"<p style=\"text-align: justify;\">Alzira abre de nuevo la piscina municipal cubierta a partir del 15 de junio. Adem\u00e1s este a\u00f1o la instalaci\u00f3n permanecer\u00e1 abierta los meses de julio y agosto. El horario durante el mes de junio ser\u00e1 de lunes a s\u00e1bado, de 7 de la ma\u00f1ana a 13 h, y por la tarde de 16,30 a 22 h de la noche. Los abonados anuales podr\u00e1n acceder sin ning\u00fan tipo de coste, y habr\u00e1 a la venta entradas por modalidades y bonos 10.<\/p>\n<p>El aforo de la piscina ser\u00e1 de 30 usuarios por hora, mientras que las instalaciones del gimnasio deportivo, el balneario urbano y las salas multiuso, de momento, estar\u00e1n cerradas. Se establecer\u00e1n turnos de actividades de una hora y turnos de desinfecci\u00f3n de 30 minutos para limpiar y condicionar los espacios comunes.<\/p>\n<p>Hay que destacar que siguiendo las normas decretadas por el gobierno y las recomendaciones de las autoridades sanitarias, el aforo de los vestuarios ser\u00e1 de 11 usuarios y no se podr\u00e1n utilizar las duchas, el acceso a las taquillas est\u00e1 prohibido, se tiene que mantener la distancia de seguridad de 2 metros y el acceso a la zona de cafeter\u00eda y gradas permanecer\u00e1n cerradas al p\u00fablico.<\/p>\n<p>El regidor de Deportes, <strong>Fernando Pascual<\/strong>, ha manifestado que <em>\u00abSeguimos dando un paso m\u00e1s en esta desescalada y abrimos de nuevo la piscina municipal, una de las instalaciones deportivas de m\u00e1s afluencia de nuestra ciudad. Desde aqu\u00ed quiero hacer un llamamiento a la responsabilidad individual y a la concienciaci\u00f3n para hacer un buen uso de este servicio. La puesta en marcha de la piscina supone el camino a la nueva normalidad y tenemos que adaptarnos a esta nueva situaci\u00f3n\u00bb<\/em>. El edil tambi\u00e9n ha estacado que <em>\u00abDesde la concejal\u00eda de Deportes vamos a garantizar que se cumplan todas las medidas de seguridad con el fin de velar por la tranquilidad de toda la ciudadan\u00eda\u00bb<\/em>.<\/p>\n<p style=\"text-align: center;\"><a class=\"jcepopup\" href=\"https:\/\/alzira.es\/wp-content\/uploads\/2020\/06\/Piscina_Alzira.jpg\" target=\"_blank\" rel=\"noopener\"><img fetchpriority=\"high\" decoding=\"async\" width=\"800\" height=\"533\" class=\" size-full wp-image-50079\" src=\"https:\/\/alzira.es\/wp-content\/uploads\/2020\/06\/Piscina_Alzira.jpg\" alt=\"Piscina Alzira\" srcset=\"https:\/\/alzira.es\/wp-content\/uploads\/2020\/06\/Piscina_Alzira.jpg 800w, https:\/\/alzira.es\/wp-content\/uploads\/2020\/06\/Piscina_Alzira-680x453.jpg 680w, https:\/\/alzira.es\/wp-content\/uploads\/2020\/06\/Piscina_Alzira-768x512.jpg 768w\" sizes=\"(max-width: 706px) 89vw, (max-width: 767px) 82vw, 740px\" \/><\/a>&nbsp;<a class=\"jcepopup\" style=\"font-size: 14.4px; text-align: center;\" type=\"image\" href=\"https:\/\/alzira.es\/wp-content\/uploads\/2020\/06\/Cartell_piscina.jpg\" target=\"_blank\" rel=\"noopener\"><img decoding=\"async\" class=\"size-full wp-image-50082 lazyload\" data-src=\"https:\/\/alzira.es\/wp-content\/uploads\/2020\/06\/Cartell_piscina.jpg\" alt=\"Cartell piscina\" width=\"375\" height=\"533\" data-srcset=\"https:\/\/alzira.es\/wp-content\/uploads\/2020\/06\/Cartell_piscina.jpg 854w, https:\/\/alzira.es\/wp-content\/uploads\/2020\/06\/Cartell_piscina-359x510.jpg 359w, https:\/\/alzira.es\/wp-content\/uploads\/2020\/06\/Cartell_piscina-754x1072.jpg 754w, https:\/\/alzira.es\/wp-content\/uploads\/2020\/06\/Cartell_piscina-768x1092.jpg 768w\" data-sizes=\"(max-width: 375px) 100vw, 375px\" src=\"data:image\/svg+xml;base64,PHN2ZyB3aWR0aD0iMSIgaGVpZ2h0PSIxIiB4bWxucz0iaHR0cDovL3d3dy53My5vcmcvMjAwMC9zdmciPjwvc3ZnPg==\" style=\"--smush-placeholder-width: 375px; --smush-placeholder-aspect-ratio: 375\/533;\" \/><\/a><\/p>\n","protected":false},"excerpt":{"rendered":"<p>Alzira abre de nuevo la piscina municipal cubierta a partir del 15 de junio. Adem\u00e1s este a\u00f1o la instalaci\u00f3n permanecer\u00e1 abierta los meses de julio y agosto. El horario durante el mes de junio ser\u00e1 de lunes a s\u00e1bado, de 7 de la ma\u00f1ana a 13 h, y por la tarde de 16,30 a 22 &hellip; <\/p>\n<p class=\"link-more\"><a href=\"https:\/\/alzira.es\/es\/obri-la-piscina-coberta\/\" class=\"more-link\">Continuar leyendo<span class=\"screen-reader-text\"> \u00abAlzira abre la piscina cubierta el pr\u00f3ximo 15 de junio\u00bb<\/span><\/a><\/p>\n","protected":false},"author":29,"featured_media":50079,"comment_status":"","ping_status":"","sticky":false,"template":"","format":"standard","meta":{"_acf_changed":false,"footnotes":""},"categories":[4936],"tags":[],"class_list":["post-50084","post","type-post","status-publish","format-standard","has-post-thumbnail","hentry","category-hemeroteca-es"],"acf":[],"_links":{"self":[{"href":"https:\/\/alzira.es\/es\/wp-json\/wp\/v2\/posts\/50084","targetHints":{"allow":["GET"]}}],"collection":[{"href":"https:\/\/alzira.es\/es\/wp-json\/wp\/v2\/posts"}],"about":[{"href":"https:\/\/alzira.es\/es\/wp-json\/wp\/v2\/types\/post"}],"author":[{"embeddable":true,"href":"https:\/\/alzira.es\/es\/wp-json\/wp\/v2\/users\/29"}],"replies":[{"embeddable":true,"href":"https:\/\/alzira.es\/es\/wp-json\/wp\/v2\/comments?post=50084"}],"version-history":[{"count":0,"href":"https:\/\/alzira.es\/es\/wp-json\/wp\/v2\/posts\/50084\/revisions"}],"wp:featuredmedia":[{"embeddable":true,"href":"https:\/\/alzira.es\/es\/wp-json\/wp\/v2\/media\/50079"}],"wp:attachment":[{"href":"https:\/\/alzira.es\/es\/wp-json\/wp\/v2\/media?parent=50084"}],"wp:term":[{"taxonomy":"category","embeddable":true,"href":"https:\/\/alzira.es\/es\/wp-json\/wp\/v2\/categories?post=50084"},{"taxonomy":"post_tag","embeddable":true,"href":"https:\/\/alzira.es\/es\/wp-json\/wp\/v2\/tags?post=50084"}],"curies":[{"name":"wp","href":"https:\/\/api.w.org\/{rel}","templated":true}]}}