{"id":50067,"date":"2020-06-09T15:04:27","date_gmt":"2020-06-09T13:04:27","guid":{"rendered":"https:\/\/alzira.es\/fraccionament-ibi-sense-interessos-3\/"},"modified":"2020-06-09T15:04:27","modified_gmt":"2020-06-09T13:04:27","slug":"fraccionament-ibi-sense-interessos-3","status":"publish","type":"post","link":"https:\/\/alzira.es\/es\/fraccionament-ibi-sense-interessos-3\/","title":{"rendered":"Les taxes i impostos locals es poden fraccionar sense interessos"},"content":{"rendered":"<p style=\"text-align: justify;\">L&#8217;Ajuntament d&#8217;Alzira ja va anunciar a l&#8217;inici de l&#8217;estat d&#8217;alarma canvis en els per\u00edodes de pagament dels impostos municipals i diferents mesures per tal de facilitar el pagament a la ciutadania.<\/p>\n<p style=\"text-align: justify;\"><em>\u00abDes de l&#8217;\u00e0rea econ\u00f2mica s&#8217;ha treballat sempre per a adaptar-se a les necessitats de la ciutadania, de fet l&#8217;ordenan\u00e7a referida als ajornaments i fraccionaments ja contemplava mesures per a que la contribuci\u00f3 urbana no domiciliada es puga fraccionar al llarg de l&#8217;any sense interessos\u00bb<\/em> ha manifestat el regidor responsable de l&#8217;\u00e0rea <strong>Albert Furi\u00f3<\/strong>.<\/p>\n<p style=\"text-align: justify;\">L&#8217;ordenan\u00e7a general de recaptaci\u00f3 va ser aprovada per unanimitat en setembre de 2017 i en el cas dels tributs de cobrament peri\u00f2dic anual, s&#8217;especifica que \u00e9s possible el fraccionament sense interessos de demora fins el 20 de desembre.<\/p>\n<p style=\"text-align: justify;\"><span style=\"text-decoration: underline;\">Aix\u00f2 \u00e9s aplicable als rebuts no domiciliats de<\/span>:<\/p>\n<p style=\"text-align: justify; margin-left: 30px;\">&#8211; Impost de B\u00e9ns Immobles Urbans.<br \/>&#8211; Impost de Vehicles de Tracci\u00f3 Mec\u00e0nica.<br \/>&#8211; Taxa per Entrada de Vehicles i Guals.<br \/>&#8211; Impost de B\u00e9ns Immobles R\u00fastics.<br \/>&#8211; Impost d&#8217;Activitats Econ\u00f2miques.<\/p>\n<p style=\"text-align: justify;\">Per a poder ser beneficiari d&#8217;aquest fraccionament s&#8217;haur\u00e0 demanar abans del 30 de juny sol\u00b7licitant-ho en La Clau (cal demanar citaprevia.alzira.es&nbsp;a trav\u00e9s de correu electr\u00f2nic a <strong><em><a href=\"mailto:voluntaria@alzira.es\">voluntaria@alzira.es<\/a><\/em><\/strong>&nbsp;o a la seu electr\u00f2nica)<\/p>\n<p style=\"text-align: justify;\">En el cas dels rebuts domiciliats ja es fraccionen autom\u00e0ticament en dos trams, el primer el 15 de juny i el segon el 5 d&#8217;octubre i es bonifica en un 5% de la quota \u00edntegra.<\/p>\n<p style=\"text-align: center;\"><a class=\"jcepopup\" href=\"https:\/\/alzira.es\/wp-content\/uploads\/2020\/06\/Fraccionament_IBI_sense_interessos_IMG_4422.jpg\" target=\"_blank\" rel=\"noopener\"><img fetchpriority=\"high\" decoding=\"async\" class=\" size-full wp-image-50056\" src=\"https:\/\/alzira.es\/wp-content\/uploads\/2020\/06\/Fraccionament_IBI_sense_interessos_IMG_4422.jpg\" alt=\"Fraccionament IBI sense interessos IMG 4422\" width=\"600\" height=\"400\" \/><\/a>&nbsp;<a class=\"jcepopup\" style=\"font-size: 14.4px; text-align: center;\" type=\"image\" href=\"https:\/\/alzira.es\/wp-content\/uploads\/2020\/06\/calendari_de_pagaments.pdf\" target=\"_blank\" rel=\"noopener\"><img decoding=\"async\" class=\"size-full wp-image-50061 lazyload\" data-src=\"https:\/\/alzira.es\/wp-content\/uploads\/2020\/06\/Fraccionament_IBI_sense_interessos_calendari_de_pagaments.png\" alt=\"Fraccionament IBI sense interessos calendari de pagaments\" width=\"600\" height=\"400\" src=\"data:image\/svg+xml;base64,PHN2ZyB3aWR0aD0iMSIgaGVpZ2h0PSIxIiB4bWxucz0iaHR0cDovL3d3dy53My5vcmcvMjAwMC9zdmciPjwvc3ZnPg==\" style=\"--smush-placeholder-width: 600px; --smush-placeholder-aspect-ratio: 600\/400;\" \/><\/a><\/p>\n","protected":false},"excerpt":{"rendered":"<p>L&#8217;Ajuntament d&#8217;Alzira ja va anunciar a l&#8217;inici de l&#8217;estat d&#8217;alarma canvis en els per\u00edodes de pagament dels impostos municipals i diferents mesures per tal de facilitar el pagament a la ciutadania. \u00abDes de l&#8217;\u00e0rea econ\u00f2mica s&#8217;ha treballat sempre per a adaptar-se a les necessitats de la ciutadania, de fet l&#8217;ordenan\u00e7a referida als ajornaments i fraccionaments &hellip; <\/p>\n<p class=\"link-more\"><a href=\"https:\/\/alzira.es\/es\/fraccionament-ibi-sense-interessos-3\/\" class=\"more-link\">Continuar leyendo<span class=\"screen-reader-text\"> \u00abLes taxes i impostos locals es poden fraccionar sense interessos\u00bb<\/span><\/a><\/p>\n","protected":false},"author":29,"featured_media":50056,"comment_status":"","ping_status":"","sticky":false,"template":"","format":"standard","meta":{"_acf_changed":false,"footnotes":""},"categories":[],"tags":[],"class_list":["post-50067","post","type-post","status-publish","format-standard","has-post-thumbnail","hentry"],"acf":[],"_links":{"self":[{"href":"https:\/\/alzira.es\/es\/wp-json\/wp\/v2\/posts\/50067","targetHints":{"allow":["GET"]}}],"collection":[{"href":"https:\/\/alzira.es\/es\/wp-json\/wp\/v2\/posts"}],"about":[{"href":"https:\/\/alzira.es\/es\/wp-json\/wp\/v2\/types\/post"}],"author":[{"embeddable":true,"href":"https:\/\/alzira.es\/es\/wp-json\/wp\/v2\/users\/29"}],"replies":[{"embeddable":true,"href":"https:\/\/alzira.es\/es\/wp-json\/wp\/v2\/comments?post=50067"}],"version-history":[{"count":0,"href":"https:\/\/alzira.es\/es\/wp-json\/wp\/v2\/posts\/50067\/revisions"}],"wp:featuredmedia":[{"embeddable":true,"href":"https:\/\/alzira.es\/es\/wp-json\/wp\/v2\/media\/50056"}],"wp:attachment":[{"href":"https:\/\/alzira.es\/es\/wp-json\/wp\/v2\/media?parent=50067"}],"wp:term":[{"taxonomy":"category","embeddable":true,"href":"https:\/\/alzira.es\/es\/wp-json\/wp\/v2\/categories?post=50067"},{"taxonomy":"post_tag","embeddable":true,"href":"https:\/\/alzira.es\/es\/wp-json\/wp\/v2\/tags?post=50067"}],"curies":[{"name":"wp","href":"https:\/\/api.w.org\/{rel}","templated":true}]}}