{"id":50054,"date":"2020-06-09T14:52:27","date_gmt":"2020-06-09T12:52:27","guid":{"rendered":"https:\/\/alzira.es\/tourist-info-d-alzira-2\/"},"modified":"2020-06-09T14:52:27","modified_gmt":"2020-06-09T12:52:27","slug":"tourist-info-d-alzira-2","status":"publish","type":"post","link":"https:\/\/alzira.es\/es\/tourist-info-d-alzira-2\/","title":{"rendered":"La Tourist Info d&#8217;Alzira obri este dijous 11 de juny"},"content":{"rendered":"<p style=\"text-align: justify;\"><strong><em>\u00b7 L&#8217;horari d&#8217;atenci\u00f3 al p\u00fablic ser\u00e0 de 10 a 12, encara que anir\u00e0 augmentant progressivament conforme passen les setmanes<\/em><\/strong><\/p>\n<p style=\"text-align: justify;\">La Tourist Info d&#8217;Alzira, ubicada en la pla\u00e7a del Regne, obri de nou al p\u00fablic este dijous 11 de juny despr\u00e9s de l&#8217;obligat par\u00e8ntesi per la pand\u00e8mia de la Covid-19.<\/p>\n<p style=\"text-align: justify;\">L&#8217;horari en els primers dia d&#8217;obertura ser\u00e0 de 10 a 12 hores. La franja hor\u00e0ria anir\u00e0 ampliant-se progressivament conforme passen les setmanes, encara que l&#8217;atenci\u00f3 telef\u00f2nica oferir\u00e0 servici fins les 14 hores.<\/p>\n<p style=\"text-align: justify;\">Al llarg de les setmanes de confinament s&#8217;ha estat treballant amb l&#8217;actualitzaci\u00f3 de tota la informaci\u00f3 que s&#8217;oferix de la Tourist Info per tal de tindre-ho tot a punt per a tornar a donar servici: horaris d&#8217;autob\u00fas urb\u00e0; rutes de senderisme; MUMA; Museu Faller; elements del patrimoni de la ciutat; etc&#8230;<\/p>\n<p style=\"text-align: justify;\">L&#8217;oficina d&#8217;Alzira esta integrada dins de la xarxa d&#8217;oficines de la Comunitat Valenciana, dependents de la Generalitat Valenciana, i un dels objectius amb el que es treballa \u00e9s la de millorar el grau de satisfacci\u00f3 dels turistes que ens visiten.<\/p>\n<p style=\"text-align: justify;\"><strong>Isabel Aguilar<\/strong>, regidora de l&#8217;\u00e0rea de Turisme, manifesta que <em>\u00abL&#8217;objectiu de cara als pr\u00f2xims mesos \u00e9s la de seguir dissenyant propostes atractives i \u00fatils per als que desitgen con\u00e9ixer la nostra ciutat, la seua manera d&#8217;entendre les manifestacions culturals i festives; els monuments patrimonials; o la interessant barriada de la Vila on es concentra bona part dels elements del passat \u00e0rab de la nostra ciutat\u00bb<\/em>.<\/p>\n<p style=\"text-align: center;\"><a class=\"jcepopup\" style=\"font-size: 14.4px; text-align: center;\" type=\"image\" href=\"https:\/\/alzira.es\/wp-content\/uploads\/2020\/06\/TourInfoRegne-04064.jpg\" target=\"_blank\" rel=\"noopener\"><img fetchpriority=\"high\" decoding=\"async\" class=\" size-full wp-image-50047\" src=\"https:\/\/alzira.es\/wp-content\/uploads\/2020\/06\/TourInfoRegne-04064.jpg\" alt=\"TourInfoRegne-04064\" width=\"800\" height=\"533\" srcset=\"https:\/\/alzira.es\/wp-content\/uploads\/2020\/06\/TourInfoRegne-04064.jpg 2000w, https:\/\/alzira.es\/wp-content\/uploads\/2020\/06\/TourInfoRegne-04064-680x453.jpg 680w, https:\/\/alzira.es\/wp-content\/uploads\/2020\/06\/TourInfoRegne-04064-1430x953.jpg 1430w, https:\/\/alzira.es\/wp-content\/uploads\/2020\/06\/TourInfoRegne-04064-768x512.jpg 768w, https:\/\/alzira.es\/wp-content\/uploads\/2020\/06\/TourInfoRegne-04064-1536x1024.jpg 1536w\" sizes=\"(max-width: 706px) 89vw, (max-width: 767px) 82vw, 740px\" \/><\/a>&nbsp;<a class=\"jcepopup\" href=\"https:\/\/alzira.es\/wp-content\/uploads\/2020\/06\/Tourist_Info_Alzira_P1240031.jpg\" target=\"_blank\" rel=\"noopener\"><img decoding=\"async\" class=\"size-full wp-image-50049 lazyload\" data-src=\"https:\/\/alzira.es\/wp-content\/uploads\/2020\/06\/Tourist_Info_Alzira_P1240031.jpg\" alt=\"Tourist Info Alzira P1240031\" width=\"400\" height=\"533\" src=\"data:image\/svg+xml;base64,PHN2ZyB3aWR0aD0iMSIgaGVpZ2h0PSIxIiB4bWxucz0iaHR0cDovL3d3dy53My5vcmcvMjAwMC9zdmciPjwvc3ZnPg==\" style=\"--smush-placeholder-width: 400px; --smush-placeholder-aspect-ratio: 400\/533;\" \/><\/a><\/p>\n","protected":false},"excerpt":{"rendered":"<p>\u00b7 L&#8217;horari d&#8217;atenci\u00f3 al p\u00fablic ser\u00e0 de 10 a 12, encara que anir\u00e0 augmentant progressivament conforme passen les setmanes La Tourist Info d&#8217;Alzira, ubicada en la pla\u00e7a del Regne, obri de nou al p\u00fablic este dijous 11 de juny despr\u00e9s de l&#8217;obligat par\u00e8ntesi per la pand\u00e8mia de la Covid-19. L&#8217;horari en els primers dia d&#8217;obertura &hellip; <\/p>\n<p class=\"link-more\"><a href=\"https:\/\/alzira.es\/es\/tourist-info-d-alzira-2\/\" class=\"more-link\">Continuar leyendo<span class=\"screen-reader-text\"> \u00abLa Tourist Info d&#8217;Alzira obri este dijous 11 de juny\u00bb<\/span><\/a><\/p>\n","protected":false},"author":29,"featured_media":50047,"comment_status":"","ping_status":"","sticky":false,"template":"","format":"standard","meta":{"_acf_changed":false,"footnotes":""},"categories":[],"tags":[],"class_list":["post-50054","post","type-post","status-publish","format-standard","has-post-thumbnail","hentry"],"acf":[],"_links":{"self":[{"href":"https:\/\/alzira.es\/es\/wp-json\/wp\/v2\/posts\/50054","targetHints":{"allow":["GET"]}}],"collection":[{"href":"https:\/\/alzira.es\/es\/wp-json\/wp\/v2\/posts"}],"about":[{"href":"https:\/\/alzira.es\/es\/wp-json\/wp\/v2\/types\/post"}],"author":[{"embeddable":true,"href":"https:\/\/alzira.es\/es\/wp-json\/wp\/v2\/users\/29"}],"replies":[{"embeddable":true,"href":"https:\/\/alzira.es\/es\/wp-json\/wp\/v2\/comments?post=50054"}],"version-history":[{"count":0,"href":"https:\/\/alzira.es\/es\/wp-json\/wp\/v2\/posts\/50054\/revisions"}],"wp:featuredmedia":[{"embeddable":true,"href":"https:\/\/alzira.es\/es\/wp-json\/wp\/v2\/media\/50047"}],"wp:attachment":[{"href":"https:\/\/alzira.es\/es\/wp-json\/wp\/v2\/media?parent=50054"}],"wp:term":[{"taxonomy":"category","embeddable":true,"href":"https:\/\/alzira.es\/es\/wp-json\/wp\/v2\/categories?post=50054"},{"taxonomy":"post_tag","embeddable":true,"href":"https:\/\/alzira.es\/es\/wp-json\/wp\/v2\/tags?post=50054"}],"curies":[{"name":"wp","href":"https:\/\/api.w.org\/{rel}","templated":true}]}}