{"id":49999,"date":"2020-06-05T13:51:09","date_gmt":"2020-06-05T11:51:09","guid":{"rendered":"https:\/\/alzira.es\/rebuts-bonificats-reciclatge\/"},"modified":"2020-06-05T13:51:09","modified_gmt":"2020-06-05T11:51:09","slug":"rebuts-bonificats-reciclatge","status":"publish","type":"post","link":"https:\/\/alzira.es\/es\/rebuts-bonificats-reciclatge\/","title":{"rendered":"2.533 recibos bonificados a Alzira por la utilizaci\u00f3n del Ecoparc"},"content":{"rendered":"<p style=\"text-align: justify;\">Alzira con 2.533 recibos bonificados es la ciudad que acumula mayor n\u00famero de recibos para reciclar en la Ribera.<\/p>\n<p style=\"text-align: justify;\">Aunque lejos del que ser\u00eda deseable en cuanto a concienciaci\u00f3n del reciclaje, tal y como se ha solicitado reiteradamente desde la Concejal\u00eda de Servicios Urbanos, los alzire\u00f1os somos por cantidad de habitantes los que vamos a recibir un mayor n\u00famero de recibos con bonificaci\u00f3n por haber utilizado el Ecoparc.<\/p>\n<p><em>\u00abEsta noticia nos congratula por la voluntad y concienciaci\u00f3n demostrada por el vecindario de nuestra ciudad en que es importante reciclar. Quien m\u00e1s recicla, menos paga, esa es la filosof\u00eda del Ayuntamiento de Alzira que va a compensar a qui\u00e9n m\u00e1s han utilizado el Ecoparc\u00bb<\/em>, ha manifestado <strong>Fernando Pascual<\/strong>, regidor de Servicios Urbanos.<\/p>\n<p>Son m\u00faltiples las campa\u00f1as de concienciaci\u00f3n que se han realizado en los \u00faltimos a\u00f1os para hacer reunir a los alzire\u00f1os la idea de no dejar los trastos que ya no necesitamos junto a los contenedores ensuciando el entorno urbano y degradando la imagen que ofrecemos como ciudad. Aunque esta pr\u00e1ctica contin\u00faa siendo una constante en Alzira vamos dando pasos hacia el pensamiento de reciclar, tal y como lo demuestran los datos de recibos con bonificaci\u00f3n.<\/p>\n<p><strong>Hoy<\/strong>,<strong> 5 de junio<\/strong>, <strong>se celebra el D\u00eda Mundial del Medio Ambiente<\/strong>. Las pol\u00edticas a nivel estatal, comunidad y local han ido inclin\u00e1ndose hacia el favorecimiento de la transici\u00f3n ecol\u00f3gica, para proteger y defender la biodiversidad del planeta, pero esto no ser\u00e1 posible hasta que nosotros como ciudadanos no tomemos conciencia de los beneficios que estas buenas pr\u00e1cticas pueden reportar.<\/p>\n<p style=\"text-align: center;\"><a class=\"jcepopup\" href=\"https:\/\/alzira.es\/wp-content\/uploads\/2020\/06\/rebuts_bonificats_reciclatge-20200605-WA0014.jpg\" target=\"_blank\" rel=\"noopener\"><img fetchpriority=\"high\" decoding=\"async\" class=\" size-full wp-image-49992\" src=\"https:\/\/alzira.es\/wp-content\/uploads\/2020\/06\/rebuts_bonificats_reciclatge-20200605-WA0014.jpg\" alt=\"rebuts bonificats reciclatge-20200605-WA0014\" width=\"600\" height=\"338\" srcset=\"https:\/\/alzira.es\/wp-content\/uploads\/2020\/06\/rebuts_bonificats_reciclatge-20200605-WA0014.jpg 1600w, https:\/\/alzira.es\/wp-content\/uploads\/2020\/06\/rebuts_bonificats_reciclatge-20200605-WA0014-680x383.jpg 680w, https:\/\/alzira.es\/wp-content\/uploads\/2020\/06\/rebuts_bonificats_reciclatge-20200605-WA0014-1430x804.jpg 1430w, https:\/\/alzira.es\/wp-content\/uploads\/2020\/06\/rebuts_bonificats_reciclatge-20200605-WA0014-768x432.jpg 768w, https:\/\/alzira.es\/wp-content\/uploads\/2020\/06\/rebuts_bonificats_reciclatge-20200605-WA0014-1536x864.jpg 1536w\" sizes=\"(max-width: 600px) 100vw, 600px\" \/><\/a>&nbsp;<a class=\"jcepopup\" style=\"font-size: 14.4px; text-align: center;\" type=\"image\" href=\"https:\/\/alzira.es\/wp-content\/uploads\/2020\/06\/rebuts_bonificats_reciclatge-20200605-WA0015.jpg\" target=\"_blank\" rel=\"noopener\"><img decoding=\"async\" class=\"size-full wp-image-49994 lazyload\" data-src=\"https:\/\/alzira.es\/wp-content\/uploads\/2020\/06\/rebuts_bonificats_reciclatge-20200605-WA0015.jpg\" alt=\"rebuts bonificats reciclatge-20200605-WA0015\" width=\"600\" height=\"338\" data-srcset=\"https:\/\/alzira.es\/wp-content\/uploads\/2020\/06\/rebuts_bonificats_reciclatge-20200605-WA0015.jpg 1600w, https:\/\/alzira.es\/wp-content\/uploads\/2020\/06\/rebuts_bonificats_reciclatge-20200605-WA0015-680x383.jpg 680w, https:\/\/alzira.es\/wp-content\/uploads\/2020\/06\/rebuts_bonificats_reciclatge-20200605-WA0015-1430x804.jpg 1430w, https:\/\/alzira.es\/wp-content\/uploads\/2020\/06\/rebuts_bonificats_reciclatge-20200605-WA0015-768x432.jpg 768w, https:\/\/alzira.es\/wp-content\/uploads\/2020\/06\/rebuts_bonificats_reciclatge-20200605-WA0015-1536x864.jpg 1536w\" data-sizes=\"(max-width: 600px) 100vw, 600px\" src=\"data:image\/svg+xml;base64,PHN2ZyB3aWR0aD0iMSIgaGVpZ2h0PSIxIiB4bWxucz0iaHR0cDovL3d3dy53My5vcmcvMjAwMC9zdmciPjwvc3ZnPg==\" style=\"--smush-placeholder-width: 600px; --smush-placeholder-aspect-ratio: 600\/338;\" \/><\/a><\/p>\n<p style=\"text-align: center;\"><a class=\"jcepopup\" href=\"https:\/\/alzira.es\/wp-content\/uploads\/2020\/06\/rebuts_bonificats_reciclatge-20200605-WA0016.jpg\" target=\"_blank\" rel=\"noopener\"><img decoding=\"async\" width=\"900\" height=\"1600\" class=\"size-full wp-image-49997 lazyload\" data-src=\"https:\/\/alzira.es\/wp-content\/uploads\/2020\/06\/rebuts_bonificats_reciclatge-20200605-WA0016.jpg\" alt=\"rebuts bonificats reciclatge-20200605-WA0016\" data-srcset=\"https:\/\/alzira.es\/wp-content\/uploads\/2020\/06\/rebuts_bonificats_reciclatge-20200605-WA0016.jpg 900w, https:\/\/alzira.es\/wp-content\/uploads\/2020\/06\/rebuts_bonificats_reciclatge-20200605-WA0016-287x510.jpg 287w, https:\/\/alzira.es\/wp-content\/uploads\/2020\/06\/rebuts_bonificats_reciclatge-20200605-WA0016-603x1072.jpg 603w, https:\/\/alzira.es\/wp-content\/uploads\/2020\/06\/rebuts_bonificats_reciclatge-20200605-WA0016-768x1365.jpg 768w, https:\/\/alzira.es\/wp-content\/uploads\/2020\/06\/rebuts_bonificats_reciclatge-20200605-WA0016-864x1536.jpg 864w\" data-sizes=\"(max-width: 706px) 89vw, (max-width: 767px) 82vw, 740px\" src=\"data:image\/svg+xml;base64,PHN2ZyB3aWR0aD0iMSIgaGVpZ2h0PSIxIiB4bWxucz0iaHR0cDovL3d3dy53My5vcmcvMjAwMC9zdmciPjwvc3ZnPg==\" style=\"--smush-placeholder-width: 900px; --smush-placeholder-aspect-ratio: 900\/1600;\" \/><\/a><\/p>\n","protected":false},"excerpt":{"rendered":"<p>Alzira con 2.533 recibos bonificados es la ciudad que acumula mayor n\u00famero de recibos para reciclar en la Ribera. Aunque lejos del que ser\u00eda deseable en cuanto a concienciaci\u00f3n del reciclaje, tal y como se ha solicitado reiteradamente desde la Concejal\u00eda de Servicios Urbanos, los alzire\u00f1os somos por cantidad de habitantes los que vamos a &hellip; <\/p>\n<p class=\"link-more\"><a href=\"https:\/\/alzira.es\/es\/rebuts-bonificats-reciclatge\/\" class=\"more-link\">Continuar leyendo<span class=\"screen-reader-text\"> \u00ab2.533 recibos bonificados a Alzira por la utilizaci\u00f3n del Ecoparc\u00bb<\/span><\/a><\/p>\n","protected":false},"author":29,"featured_media":49992,"comment_status":"","ping_status":"","sticky":false,"template":"","format":"standard","meta":{"_acf_changed":false,"footnotes":""},"categories":[4936],"tags":[],"class_list":["post-49999","post","type-post","status-publish","format-standard","has-post-thumbnail","hentry","category-hemeroteca-es"],"acf":[],"_links":{"self":[{"href":"https:\/\/alzira.es\/es\/wp-json\/wp\/v2\/posts\/49999","targetHints":{"allow":["GET"]}}],"collection":[{"href":"https:\/\/alzira.es\/es\/wp-json\/wp\/v2\/posts"}],"about":[{"href":"https:\/\/alzira.es\/es\/wp-json\/wp\/v2\/types\/post"}],"author":[{"embeddable":true,"href":"https:\/\/alzira.es\/es\/wp-json\/wp\/v2\/users\/29"}],"replies":[{"embeddable":true,"href":"https:\/\/alzira.es\/es\/wp-json\/wp\/v2\/comments?post=49999"}],"version-history":[{"count":0,"href":"https:\/\/alzira.es\/es\/wp-json\/wp\/v2\/posts\/49999\/revisions"}],"wp:featuredmedia":[{"embeddable":true,"href":"https:\/\/alzira.es\/es\/wp-json\/wp\/v2\/media\/49992"}],"wp:attachment":[{"href":"https:\/\/alzira.es\/es\/wp-json\/wp\/v2\/media?parent=49999"}],"wp:term":[{"taxonomy":"category","embeddable":true,"href":"https:\/\/alzira.es\/es\/wp-json\/wp\/v2\/categories?post=49999"},{"taxonomy":"post_tag","embeddable":true,"href":"https:\/\/alzira.es\/es\/wp-json\/wp\/v2\/tags?post=49999"}],"curies":[{"name":"wp","href":"https:\/\/api.w.org\/{rel}","templated":true}]}}