{"id":49957,"date":"2020-06-05T09:48:14","date_gmt":"2020-06-05T07:48:14","guid":{"rendered":"https:\/\/alzira.es\/horaris-paratges-3\/"},"modified":"2020-06-05T09:48:14","modified_gmt":"2020-06-05T07:48:14","slug":"horaris-paratges-3","status":"publish","type":"post","link":"https:\/\/alzira.es\/es\/horaris-paratges-3\/","title":{"rendered":"Els paratges de la Murta i la Casella recuperen l\u2019horari habitual amb restricci\u00f3 d\u2019aforament"},"content":{"rendered":"<p style=\"text-align: justify;\">Coincidint amb la celebraci\u00f3 del Dia Mundial del Medi Ambient, la Regidoria de Medi Ambient Agricultura i Transici\u00f3 Ecol\u00f2gica ha informat de l&#8217;ampliaci\u00f3 hor\u00e0ria als Paratges Naturals Municipals de la Murta i la Casella d&#8217;Alzira.<\/p>\n<p style=\"text-align: justify;\">L&#8217;entrada en fase 2 el passat cap de setmana ja va propiciar que de manera gradual s&#8217;anara recuperant la normalitat en les visites als espais naturals.<br \/>El Consell del Paratge Natural Municipal es va reunir dimarts passat i va acordar la recuperaci\u00f3 de l&#8217;horari habitual de visites a la Murta, \u00e9s a dir, de 8 del mat\u00ed a 8 de la vesprada. En tot cas, per raons sanit\u00e0ries nom\u00e9s es permet un aforament diari de visites de 600 persones, la qual cosa permet un total de 4.200 visites a la setmana.<\/p>\n<p style=\"text-align: justify;\"><strong>Per tal d&#8217;evitar aglomeracions de visitants s&#8217;ha establit una distribuci\u00f3 al llarg del dia en les seg\u00fcents franges hor\u00e0ries i per al seg\u00fcent personal;<\/strong><span style=\"font-size: 11pt; line-height: 150%; font-family: Arial, sans-serif;\">&nbsp; &nbsp; &nbsp; &nbsp; &nbsp; &nbsp;<\/span><\/p>\n<table style=\"width: 548px; margin-left: auto; border-collapse: collapse; border: none; margin-right: auto;\" border=\"1\" cellspacing=\"0\" cellpadding=\"0\">\n<tbody>\n<tr>\n<td style=\"width: 58.7pt; border-top: 1pt solid #000001; border-bottom: 1pt solid #000001; border-left: 1pt solid #000001; border-right: none; padding: 2.75pt 2.75pt 2.75pt 2.25pt;\" valign=\"top\" width=\"78\">\n<p class=\"Contenidodelatabla\" style=\"text-align: justify; line-height: 150%;\"><span style=\"font-size: 11pt; line-height: 150%; font-family: Arial, sans-serif; color: windowtext;\">Horari <\/span><\/p>\n<\/td>\n<td style=\"width: 58.7pt; border-top: 1pt solid #000001; border-bottom: 1pt solid #000001; border-left: 1pt solid #000001; border-right: none; padding: 2.75pt 2.75pt 2.75pt 2.25pt;\" valign=\"top\" width=\"78\">\n<p class=\"Contenidodelatabla\" style=\"text-align: justify; line-height: 150%;\"><span style=\"font-size: 11pt; line-height: 150%; font-family: Arial, sans-serif; color: windowtext;\">De 8:00<\/span><\/p>\n<p class=\"Contenidodelatabla\" style=\"text-align: justify; line-height: 150%;\"><span style=\"font-size: 11pt; line-height: 150%; font-family: Arial, sans-serif; color: windowtext;\">a 9:00 h<\/span><\/p>\n<\/td>\n<td style=\"width: 58.7pt; border-top: 1pt solid #000001; border-bottom: 1pt solid #000001; border-left: 1pt solid #000001; border-right: none; padding: 2.75pt 2.75pt 2.75pt 2.25pt;\" valign=\"top\" width=\"78\">\n<p style=\"text-align: justify; line-height: 150%;\"><span style=\"font-size: 11pt; line-height: 150%; font-family: Arial, sans-serif;\">De 9:00<\/span><\/p>\n<p style=\"text-align: justify; line-height: 150%;\"><span style=\"font-size: 11pt; line-height: 150%; font-family: Arial, sans-serif;\">a 11.30 h <\/span><\/p>\n<\/td>\n<td style=\"width: 58.75pt; border-top: 1pt solid #000001; border-bottom: 1pt solid #000001; border-left: 1pt solid #000001; border-right: none; padding: 2.75pt 2.75pt 2.75pt 2.25pt;\" valign=\"top\" width=\"78\">\n<p style=\"text-align: justify; line-height: 150%;\"><span style=\"font-size: 11pt; line-height: 150%; font-family: Arial, sans-serif;\">De 11:30 a 14:00 h<\/span><\/p>\n<\/td>\n<td style=\"width: 58.7pt; border-top: 1pt solid #000001; border-bottom: 1pt solid #000001; border-left: 1pt solid #000001; border-right: none; padding: 2.75pt 2.75pt 2.75pt 2.25pt;\" valign=\"top\" width=\"78\">\n<p style=\"text-align: justify; line-height: 150%;\"><span style=\"font-size: 11pt; line-height: 150%; font-family: Arial, sans-serif;\">De 14:00 a 16:30 h<\/span><\/p>\n<\/td>\n<td style=\"width: 58.7pt; border-top: 1pt solid #000001; border-bottom: 1pt solid #000001; border-left: 1pt solid #000001; border-right: none; padding: 2.75pt 2.75pt 2.75pt 2.25pt;\" valign=\"top\" width=\"78\">\n<p style=\"text-align: justify; line-height: 150%;\"><span style=\"font-size: 11pt; line-height: 150%; font-family: Arial, sans-serif;\">De 16.30 a 19:00 h<\/span><\/p>\n<\/td>\n<td style=\"width: 58.7pt; border: 1pt solid #000001; padding: 2.75pt 2.75pt 2.75pt 2.25pt;\" valign=\"top\" width=\"78\">\n<p style=\"text-align: justify; line-height: 150%;\"><span style=\"font-size: 11pt; line-height: 150%; font-family: Arial, sans-serif;\">De 19:00 a 20:00 h<\/span><\/p>\n<\/td>\n<\/tr>\n<tr>\n<td style=\"width: 58.7pt; border-top: none; border-left: 1pt solid #000001; border-bottom: 1pt solid #000001; border-right: none; padding: 2.75pt 2.75pt 2.75pt 2.25pt;\" valign=\"top\" width=\"78\">\n<p class=\"Contenidodelatabla\" style=\"text-align: justify; line-height: 150%;\"><span style=\"font-size: 11pt; line-height: 150%; font-family: Arial, sans-serif; color: windowtext;\">Persones<\/span><\/p>\n<\/td>\n<td style=\"width: 58.7pt; border-top: none; border-left: 1pt solid #000001; border-bottom: 1pt solid #000001; border-right: none; padding: 2.75pt 2.75pt 2.75pt 2.25pt;\" valign=\"top\" width=\"78\">\n<p class=\"Contenidodelatabla\" style=\"text-align: justify; line-height: 150%;\"><span style=\"font-size: 11pt; line-height: 150%; font-family: Arial, sans-serif; color: windowtext;\">100<\/span><\/p>\n<\/td>\n<td style=\"width: 58.7pt; border-top: none; border-left: 1pt solid #000001; border-bottom: 1pt solid #000001; border-right: none; padding: 2.75pt 2.75pt 2.75pt 2.25pt;\" valign=\"top\" width=\"78\">\n<p class=\"Contenidodelatabla\" style=\"text-align: justify; line-height: 150%;\"><span style=\"font-size: 11pt; line-height: 150%; font-family: Arial, sans-serif; color: windowtext;\">100<\/span><\/p>\n<\/td>\n<td style=\"width: 58.75pt; border-top: none; border-left: 1pt solid #000001; border-bottom: 1pt solid #000001; border-right: none; padding: 2.75pt 2.75pt 2.75pt 2.25pt;\" valign=\"top\" width=\"78\">\n<p class=\"Contenidodelatabla\" style=\"text-align: justify; line-height: 150%;\"><span style=\"font-size: 11pt; line-height: 150%; font-family: Arial, sans-serif; color: windowtext;\">100<\/span><\/p>\n<\/td>\n<td style=\"width: 58.7pt; border-top: none; border-left: 1pt solid #000001; border-bottom: 1pt solid #000001; border-right: none; padding: 2.75pt 2.75pt 2.75pt 2.25pt;\" valign=\"top\" width=\"78\">\n<p class=\"Contenidodelatabla\" style=\"text-align: justify; line-height: 150%;\"><span style=\"font-size: 11pt; line-height: 150%; font-family: Arial, sans-serif; color: windowtext;\">100<\/span><\/p>\n<\/td>\n<td style=\"width: 58.7pt; border-top: none; border-left: 1pt solid #000001; border-bottom: 1pt solid #000001; border-right: none; padding: 2.75pt 2.75pt 2.75pt 2.25pt;\" valign=\"top\" width=\"78\">\n<p class=\"Contenidodelatabla\" style=\"text-align: justify; line-height: 150%;\"><span style=\"font-size: 11pt; line-height: 150%; font-family: Arial, sans-serif; color: windowtext;\">100<\/span><\/p>\n<\/td>\n<td style=\"width: 58.7pt; border-right: 1pt solid #000001; border-bottom: 1pt solid #000001; border-left: 1pt solid #000001; border-top: none; padding: 2.75pt 2.75pt 2.75pt 2.25pt;\" valign=\"top\" width=\"78\">\n<p class=\"Contenidodelatabla\" style=\"text-align: justify; line-height: 150%;\"><span style=\"font-size: 11pt; line-height: 150%; font-family: Arial, sans-serif; color: windowtext;\">100<\/span><\/p>\n<\/td>\n<\/tr>\n<\/tbody>\n<\/table>\n<p style=\"text-align: center;\">&nbsp;<\/p>\n<p style=\"text-align: justify;\">A m\u00e9s se seguiran pautes per a l&#8217;acc\u00e9s donant entrada priorit\u00e0ria en qualsevol franja hor\u00e0ria als visitants majors de 70 anys o vulnerables. I en tot cas, els grups no hauran d&#8217;excedir les 8 persones i s&#8217;evitaran les aglomeracions.<\/p>\n<p style=\"text-align: justify;\">A la Casella, per les seues caracter\u00edstiques, es permet ara mateix l&#8217;acc\u00e9s sense aforament, si b\u00e9 les bicicletes no podran superar la velocitat de 30 km\/hora en tot moment i no poden circular per sendes. S&#8217;evitaran les aglomeracions, per la qual cosa els grups no haurien d&#8217;excedir les 15 persones.<\/p>\n<p style=\"text-align: justify;\">En els dos casos, els visitants han de respectar en tot moment les mesures de prevenci\u00f3 de transmissi\u00f3 de Covid-19, recollint tot el fem que generen, incloent-hi mascaretes, guants, tovalloletes i altres elements d&#8217;un sol \u00fas, i depositant-los en els contenidors de l&#8217;entrada.<\/p>\n<p style=\"text-align: justify;\">Els aparcaments i \u00e0rees recreatives romandran obertes, i els usuaris hauran de complir les mesures d&#8217;higiene i respectar les dist\u00e0ncies m\u00ednimes.<\/p>\n<p style=\"text-align: justify;\">L&#8217;entrada en pr\u00f2ximes fases permetr\u00e0 una ampliaci\u00f3 de l&#8217;aforament, si b\u00e9 en cap moment caldr\u00e0 oblidar la precauci\u00f3 respecte a la covid i als incendis forestals.<\/p>\n<p style=\"text-align: center;\"><img fetchpriority=\"high\" decoding=\"async\" class=\" size-full wp-image-49934\" src=\"https:\/\/alzira.es\/wp-content\/uploads\/2020\/06\/FontGarrofer.jpg\" alt=\"FontGarrofer\" width=\"1000\" height=\"750\" srcset=\"https:\/\/alzira.es\/wp-content\/uploads\/2020\/06\/FontGarrofer.jpg 2048w, https:\/\/alzira.es\/wp-content\/uploads\/2020\/06\/FontGarrofer-680x510.jpg 680w, https:\/\/alzira.es\/wp-content\/uploads\/2020\/06\/FontGarrofer-1430x1072.jpg 1430w, https:\/\/alzira.es\/wp-content\/uploads\/2020\/06\/FontGarrofer-768x576.jpg 768w, https:\/\/alzira.es\/wp-content\/uploads\/2020\/06\/FontGarrofer-1536x1152.jpg 1536w\" sizes=\"(max-width: 706px) 89vw, (max-width: 767px) 82vw, 740px\" \/><\/p>\n","protected":false},"excerpt":{"rendered":"<p>Coincidint amb la celebraci\u00f3 del Dia Mundial del Medi Ambient, la Regidoria de Medi Ambient Agricultura i Transici\u00f3 Ecol\u00f2gica ha informat de l&#8217;ampliaci\u00f3 hor\u00e0ria als Paratges Naturals Municipals de la Murta i la Casella d&#8217;Alzira. L&#8217;entrada en fase 2 el passat cap de setmana ja va propiciar que de manera gradual s&#8217;anara recuperant la normalitat &hellip; <\/p>\n<p class=\"link-more\"><a href=\"https:\/\/alzira.es\/es\/horaris-paratges-3\/\" class=\"more-link\">Continuar leyendo<span class=\"screen-reader-text\"> \u00abEls paratges de la Murta i la Casella recuperen l\u2019horari habitual amb restricci\u00f3 d\u2019aforament\u00bb<\/span><\/a><\/p>\n","protected":false},"author":29,"featured_media":49934,"comment_status":"","ping_status":"","sticky":false,"template":"","format":"standard","meta":{"_acf_changed":false,"footnotes":""},"categories":[],"tags":[],"class_list":["post-49957","post","type-post","status-publish","format-standard","has-post-thumbnail","hentry"],"acf":[],"_links":{"self":[{"href":"https:\/\/alzira.es\/es\/wp-json\/wp\/v2\/posts\/49957","targetHints":{"allow":["GET"]}}],"collection":[{"href":"https:\/\/alzira.es\/es\/wp-json\/wp\/v2\/posts"}],"about":[{"href":"https:\/\/alzira.es\/es\/wp-json\/wp\/v2\/types\/post"}],"author":[{"embeddable":true,"href":"https:\/\/alzira.es\/es\/wp-json\/wp\/v2\/users\/29"}],"replies":[{"embeddable":true,"href":"https:\/\/alzira.es\/es\/wp-json\/wp\/v2\/comments?post=49957"}],"version-history":[{"count":0,"href":"https:\/\/alzira.es\/es\/wp-json\/wp\/v2\/posts\/49957\/revisions"}],"wp:featuredmedia":[{"embeddable":true,"href":"https:\/\/alzira.es\/es\/wp-json\/wp\/v2\/media\/49934"}],"wp:attachment":[{"href":"https:\/\/alzira.es\/es\/wp-json\/wp\/v2\/media?parent=49957"}],"wp:term":[{"taxonomy":"category","embeddable":true,"href":"https:\/\/alzira.es\/es\/wp-json\/wp\/v2\/categories?post=49957"},{"taxonomy":"post_tag","embeddable":true,"href":"https:\/\/alzira.es\/es\/wp-json\/wp\/v2\/tags?post=49957"}],"curies":[{"name":"wp","href":"https:\/\/api.w.org\/{rel}","templated":true}]}}