{"id":49955,"date":"2020-06-05T11:09:39","date_gmt":"2020-06-05T09:09:39","guid":{"rendered":"https:\/\/alzira.es\/campanya-carto-comercial-2\/"},"modified":"2020-06-05T11:09:39","modified_gmt":"2020-06-05T09:09:39","slug":"campanya-carto-comercial-2","status":"publish","type":"post","link":"https:\/\/alzira.es\/es\/campanya-carto-comercial-2\/","title":{"rendered":"Alzira posa en marxa una nova campanya per adherir-se al servei d\u2019arreplega de cart\u00f3 comercial"},"content":{"rendered":"<p style=\"text-align: justify;\">Des de la regidoria de Serveis Urbans i de l&#8217;Associaci\u00f3 Empresarial d&#8217;Alzira es posa en marxa una nova campanya per fomentar el servei de recollida de cart\u00f3 comercial.<\/p>\n<p style=\"text-align: justify;\">La finalitat d&#8217;esta campanya \u00e9s facilitar al xicotet i mitj\u00e0 comer\u00e7 ubicat al nucli urb\u00e0 d&#8217;Alzira el tractament correcte del cart\u00f3 d&#8217;embalatge que es genera per l&#8217;activitat comercial. Amb la recollida del cart\u00f3 s&#8217;aconsegueix alliberar capacitat als contenidors blaus de la via p\u00fablica per a la recollida de paper-cart\u00f3 generat a l&#8217;\u00e0mbit dom\u00e8stic, alhora que es millora la imatge de la ciutat, evitant les caixes de cart\u00f3 al voltant dels contenidors i la massificaci\u00f3 d&#8217;estos.<\/p>\n<p style=\"text-align: justify;\">Es tracta d&#8217;un servei gratu\u00eft per a tots els comer\u00e7os d&#8217;Alzira i repercuteix en benefici de totes i tots. La campanya tamb\u00e9 comptar\u00e0 amb dues educadores mediambientals que oferiran adherir-se a esta iniciativa mostrant els beneficis tant per al mateix comer\u00e7, aix\u00ed com per a la cura del medi ambient, conscienciant en la necessitat de reciclar per aconseguir una ciutat m\u00e9s sostenible.<\/p>\n<p style=\"text-align: justify;\"><span style=\"text-decoration: underline;\">La recollida de cart\u00f3 comercial es realitza de dilluns a dissabte a partir de les 14 hores<\/span>. Dipositant-lo a la porta del comer\u00e7 per ser retirat per este servei. Aix\u00ed mateix es facilitar\u00e0 un tel\u00e8fon on poder cridar en el cas de disposar d&#8217;una gran quantitat de cart\u00f3 per concertar aix\u00ed una recollida extraordin\u00e0ria. Nom\u00e9s \u00e9s objecte d&#8217;este servei el cart\u00f3 d&#8217;embalatge, quedant excl\u00f2s qualsevol altre material com: polietil\u00e9 expandit (suro blanc); pl\u00e0stic d&#8217;embalatge; fleixos; caixes de fusta; paper, revistes o fullets.<\/p>\n<p style=\"text-align: justify;\">El regidor de Serveis Urbans, <strong>Fernando Pascual<\/strong>, ha destacat que <em>\u00ab\u00c9s important que els comer\u00e7os es consciencien de la import\u00e0ncia d&#8217;adherir-se a este servei que ja disposa l&#8217;Ajuntament d&#8217;Alzira. Els comerciants es poden aprofitar d&#8217;este servei que \u00e9s totalment gratu\u00eft i que els facilita el reciclatge, ja que s&#8217;arreplega a la mateixa porta de la botiga\u00bb<\/em>. L&#8217;edil tamb\u00e9 ha assenyalat que <em>\u00abAmb estes accions tamb\u00e9 es pret\u00e9n millorar el medi ambient i conscienciar de la import\u00e0ncia de cuidar del planeta\u00bb<\/em>.<\/p>\n<p style=\"text-align: center;\"><a class=\"jcepopup\" href=\"https:\/\/alzira.es\/wp-content\/uploads\/2020\/06\/Carto_1.jpeg\" target=\"_blank\" rel=\"noopener\"><img fetchpriority=\"high\" decoding=\"async\" class=\" size-full wp-image-49943\" src=\"https:\/\/alzira.es\/wp-content\/uploads\/2020\/06\/Carto_1.jpeg\" alt=\"Cart\u00f3 1\" width=\"400\" height=\"300\" srcset=\"https:\/\/alzira.es\/wp-content\/uploads\/2020\/06\/Carto_1.jpeg 1618w, https:\/\/alzira.es\/wp-content\/uploads\/2020\/06\/Carto_1-680x510.jpeg 680w, https:\/\/alzira.es\/wp-content\/uploads\/2020\/06\/Carto_1-1430x1072.jpeg 1430w, https:\/\/alzira.es\/wp-content\/uploads\/2020\/06\/Carto_1-768x576.jpeg 768w, https:\/\/alzira.es\/wp-content\/uploads\/2020\/06\/Carto_1-1536x1152.jpeg 1536w\" sizes=\"(max-width: 400px) 100vw, 400px\" \/><\/a>&nbsp;<a class=\"jcepopup\" style=\"font-size: 14.4px; text-align: center;\" type=\"image\" href=\"https:\/\/alzira.es\/wp-content\/uploads\/2020\/06\/Carto_2.jpeg\" target=\"_blank\" rel=\"noopener\"><img decoding=\"async\" class=\"size-full wp-image-49945 lazyload\" data-src=\"https:\/\/alzira.es\/wp-content\/uploads\/2020\/06\/Carto_2.jpeg\" alt=\"Cart\u00f3 2\" width=\"400\" height=\"300\" data-srcset=\"https:\/\/alzira.es\/wp-content\/uploads\/2020\/06\/Carto_2.jpeg 1374w, https:\/\/alzira.es\/wp-content\/uploads\/2020\/06\/Carto_2-680x510.jpeg 680w, https:\/\/alzira.es\/wp-content\/uploads\/2020\/06\/Carto_2-768x576.jpeg 768w\" data-sizes=\"(max-width: 400px) 100vw, 400px\" src=\"data:image\/svg+xml;base64,PHN2ZyB3aWR0aD0iMSIgaGVpZ2h0PSIxIiB4bWxucz0iaHR0cDovL3d3dy53My5vcmcvMjAwMC9zdmciPjwvc3ZnPg==\" style=\"--smush-placeholder-width: 400px; --smush-placeholder-aspect-ratio: 400\/300;\" \/><\/a>&nbsp;<a class=\"jcepopup\" style=\"font-size: 14.4px; text-align: center;\" type=\"image\" href=\"https:\/\/alzira.es\/wp-content\/uploads\/2020\/06\/Carto_3.jpeg\" target=\"_blank\" rel=\"noopener\"><img decoding=\"async\" class=\"size-full wp-image-49948 lazyload\" data-src=\"https:\/\/alzira.es\/wp-content\/uploads\/2020\/06\/Carto_3.jpeg\" alt=\"Cart\u00f3 3\" width=\"400\" height=\"300\" data-srcset=\"https:\/\/alzira.es\/wp-content\/uploads\/2020\/06\/Carto_3.jpeg 1633w, https:\/\/alzira.es\/wp-content\/uploads\/2020\/06\/Carto_3-680x510.jpeg 680w, https:\/\/alzira.es\/wp-content\/uploads\/2020\/06\/Carto_3-1430x1072.jpeg 1430w, https:\/\/alzira.es\/wp-content\/uploads\/2020\/06\/Carto_3-768x576.jpeg 768w, https:\/\/alzira.es\/wp-content\/uploads\/2020\/06\/Carto_3-1536x1152.jpeg 1536w\" data-sizes=\"(max-width: 400px) 100vw, 400px\" src=\"data:image\/svg+xml;base64,PHN2ZyB3aWR0aD0iMSIgaGVpZ2h0PSIxIiB4bWxucz0iaHR0cDovL3d3dy53My5vcmcvMjAwMC9zdmciPjwvc3ZnPg==\" style=\"--smush-placeholder-width: 400px; --smush-placeholder-aspect-ratio: 400\/300;\" \/><\/a><\/p>\n<p style=\"text-align: center;\"><a href=\"https:\/\/alzira.es\/wp-content\/uploads\/2020\/06\/AUDIO-2020-06-05-10-53-49.m4a\" target=\"_blank\" rel=\"noopener\"><img decoding=\"async\" width=\"200\" height=\"258\" class=\"size-full wp-image-49015 lazyload\" data-src=\"https:\/\/alzira.es\/wp-content\/uploads\/2020\/04\/m4a.png\" alt=\"m4a\" src=\"data:image\/svg+xml;base64,PHN2ZyB3aWR0aD0iMSIgaGVpZ2h0PSIxIiB4bWxucz0iaHR0cDovL3d3dy53My5vcmcvMjAwMC9zdmciPjwvc3ZnPg==\" style=\"--smush-placeholder-width: 200px; --smush-placeholder-aspect-ratio: 200\/258;\" \/><\/a><\/p>\n","protected":false},"excerpt":{"rendered":"<p>Des de la regidoria de Serveis Urbans i de l&#8217;Associaci\u00f3 Empresarial d&#8217;Alzira es posa en marxa una nova campanya per fomentar el servei de recollida de cart\u00f3 comercial. La finalitat d&#8217;esta campanya \u00e9s facilitar al xicotet i mitj\u00e0 comer\u00e7 ubicat al nucli urb\u00e0 d&#8217;Alzira el tractament correcte del cart\u00f3 d&#8217;embalatge que es genera per l&#8217;activitat &hellip; <\/p>\n<p class=\"link-more\"><a href=\"https:\/\/alzira.es\/es\/campanya-carto-comercial-2\/\" class=\"more-link\">Continuar leyendo<span class=\"screen-reader-text\"> \u00abAlzira posa en marxa una nova campanya per adherir-se al servei d\u2019arreplega de cart\u00f3 comercial\u00bb<\/span><\/a><\/p>\n","protected":false},"author":29,"featured_media":49943,"comment_status":"","ping_status":"","sticky":false,"template":"","format":"standard","meta":{"_acf_changed":false,"footnotes":""},"categories":[],"tags":[],"class_list":["post-49955","post","type-post","status-publish","format-standard","has-post-thumbnail","hentry"],"acf":[],"_links":{"self":[{"href":"https:\/\/alzira.es\/es\/wp-json\/wp\/v2\/posts\/49955","targetHints":{"allow":["GET"]}}],"collection":[{"href":"https:\/\/alzira.es\/es\/wp-json\/wp\/v2\/posts"}],"about":[{"href":"https:\/\/alzira.es\/es\/wp-json\/wp\/v2\/types\/post"}],"author":[{"embeddable":true,"href":"https:\/\/alzira.es\/es\/wp-json\/wp\/v2\/users\/29"}],"replies":[{"embeddable":true,"href":"https:\/\/alzira.es\/es\/wp-json\/wp\/v2\/comments?post=49955"}],"version-history":[{"count":0,"href":"https:\/\/alzira.es\/es\/wp-json\/wp\/v2\/posts\/49955\/revisions"}],"wp:featuredmedia":[{"embeddable":true,"href":"https:\/\/alzira.es\/es\/wp-json\/wp\/v2\/media\/49943"}],"wp:attachment":[{"href":"https:\/\/alzira.es\/es\/wp-json\/wp\/v2\/media?parent=49955"}],"wp:term":[{"taxonomy":"category","embeddable":true,"href":"https:\/\/alzira.es\/es\/wp-json\/wp\/v2\/categories?post=49955"},{"taxonomy":"post_tag","embeddable":true,"href":"https:\/\/alzira.es\/es\/wp-json\/wp\/v2\/tags?post=49955"}],"curies":[{"name":"wp","href":"https:\/\/api.w.org\/{rel}","templated":true}]}}