{"id":49952,"date":"2020-06-05T11:09:39","date_gmt":"2020-06-05T09:09:39","guid":{"rendered":"https:\/\/alzira.es\/campanya-carto-comercial\/"},"modified":"2020-06-05T11:09:39","modified_gmt":"2020-06-05T09:09:39","slug":"campanya-carto-comercial","status":"publish","type":"post","link":"https:\/\/alzira.es\/es\/campanya-carto-comercial\/","title":{"rendered":"Alzira pone en marcha una nueva campa\u00f1a para adherirse al servicio de recogida de cart\u00f3n comercial"},"content":{"rendered":"<p style=\"text-align: justify;\">Desde la concejal\u00eda de Servicios Urbanos y de la Asociaci\u00f3n Empresarial de Alzira se pone en marcha una nueva campa\u00f1a para fomentar el servicio de recogida de cart\u00f3n comercial.<\/p>\n<p>La finalidad de esta campa\u00f1a es facilitar al peque\u00f1o y mediano comercio ubicado en el casco urbano de Alzira el tratamiento correcto del cart\u00f3n de embalaje que se genera por la actividad comercial. Con la recogida del cart\u00f3n se consigue liberar capacidad a los contenedores azules de la v\u00eda p\u00fablica para la recogida de papel-cart\u00f3n generado en el \u00e1mbito dom\u00e9stico, a la vez que se mejora la imagen de la ciudad, evitando las cajas de cart\u00f3n alrededor de los contenedores y la masificaci\u00f3n de estos.<\/p>\n<p>Se trata de un servicio gratuito para todos los comercios de Alzira y repercute en beneficio de todas y todos. La campa\u00f1a tambi\u00e9n contar\u00e1 con dos educadoras medioambientales que ofrecer\u00e1n adherirse a esta iniciativa mostrando los beneficios tanto para el mismo comercio, as\u00ed como para la cura del medio ambiente, concienciando en la necesidad de reciclar para conseguir una ciudad m\u00e1s sostenible.<\/p>\n<p><span style=\"text-decoration: underline;\">La recogida de cart\u00f3n comercial se realiza de lunes a s\u00e1bado a partir de las 14 horas<\/span>. Deposit\u00e1ndolo en la puerta del comercio para ser retirado por este servicio. As\u00ed mismo se facilitar\u00e1 un tel\u00e9fono donde poder llamar en el caso de disponer de una gran cantidad de cart\u00f3n para concertar as\u00ed una recogida extraordinaria. Solo es objeto de este servicio el cart\u00f3n de embalaje, quedando excluido cualquier otro material como: polietileno expandido (corcho blanco); pl\u00e1stico de embalaje; flejes; cajas de madera; papel, revistas o folletos.<\/p>\n<p>El regidor de Servicios Urbanos, <strong>Fernando Pascual<\/strong>, ha destacado que <em>\u00abEs importante que los comercios se conciencien de la importancia de adherirse a este servicio que ya dispone el Ayuntamiento de Alzira. Los comerciantes se pueden aprovechar de este servicio que es totalmente gratuito y que los facilita el reciclaje, puesto que se recoge a la misma puerta de la tienda\u00bb<\/em>. El edil tambi\u00e9n ha se\u00f1alado que <em>\u00abCon estas acciones tambi\u00e9n se pretende mejorar el medio ambiente y concienciar de la importancia de cuidar del planeta\u00bb<\/em>.<\/p>\n<p style=\"text-align: center;\"><a class=\"jcepopup\" href=\"https:\/\/alzira.es\/wp-content\/uploads\/2020\/06\/Carto_1.jpeg\" target=\"_blank\" rel=\"noopener\"><img fetchpriority=\"high\" decoding=\"async\" class=\" size-full wp-image-49943\" src=\"https:\/\/alzira.es\/wp-content\/uploads\/2020\/06\/Carto_1.jpeg\" alt=\"Cart\u00f3 1\" width=\"400\" height=\"300\" srcset=\"https:\/\/alzira.es\/wp-content\/uploads\/2020\/06\/Carto_1.jpeg 1618w, https:\/\/alzira.es\/wp-content\/uploads\/2020\/06\/Carto_1-680x510.jpeg 680w, https:\/\/alzira.es\/wp-content\/uploads\/2020\/06\/Carto_1-1430x1072.jpeg 1430w, https:\/\/alzira.es\/wp-content\/uploads\/2020\/06\/Carto_1-768x576.jpeg 768w, https:\/\/alzira.es\/wp-content\/uploads\/2020\/06\/Carto_1-1536x1152.jpeg 1536w\" sizes=\"(max-width: 400px) 100vw, 400px\" \/><\/a>&nbsp;<a class=\"jcepopup\" style=\"font-size: 14.4px; text-align: center;\" type=\"image\" href=\"https:\/\/alzira.es\/wp-content\/uploads\/2020\/06\/Carto_2.jpeg\" target=\"_blank\" rel=\"noopener\"><img decoding=\"async\" class=\"size-full wp-image-49945 lazyload\" data-src=\"https:\/\/alzira.es\/wp-content\/uploads\/2020\/06\/Carto_2.jpeg\" alt=\"Cart\u00f3 2\" width=\"400\" height=\"300\" data-srcset=\"https:\/\/alzira.es\/wp-content\/uploads\/2020\/06\/Carto_2.jpeg 1374w, https:\/\/alzira.es\/wp-content\/uploads\/2020\/06\/Carto_2-680x510.jpeg 680w, https:\/\/alzira.es\/wp-content\/uploads\/2020\/06\/Carto_2-768x576.jpeg 768w\" data-sizes=\"(max-width: 400px) 100vw, 400px\" src=\"data:image\/svg+xml;base64,PHN2ZyB3aWR0aD0iMSIgaGVpZ2h0PSIxIiB4bWxucz0iaHR0cDovL3d3dy53My5vcmcvMjAwMC9zdmciPjwvc3ZnPg==\" style=\"--smush-placeholder-width: 400px; --smush-placeholder-aspect-ratio: 400\/300;\" \/><\/a>&nbsp;<a class=\"jcepopup\" style=\"font-size: 14.4px; text-align: center;\" type=\"image\" href=\"https:\/\/alzira.es\/wp-content\/uploads\/2020\/06\/Carto_3.jpeg\" target=\"_blank\" rel=\"noopener\"><img decoding=\"async\" class=\"size-full wp-image-49948 lazyload\" data-src=\"https:\/\/alzira.es\/wp-content\/uploads\/2020\/06\/Carto_3.jpeg\" alt=\"Cart\u00f3 3\" width=\"400\" height=\"300\" data-srcset=\"https:\/\/alzira.es\/wp-content\/uploads\/2020\/06\/Carto_3.jpeg 1633w, https:\/\/alzira.es\/wp-content\/uploads\/2020\/06\/Carto_3-680x510.jpeg 680w, https:\/\/alzira.es\/wp-content\/uploads\/2020\/06\/Carto_3-1430x1072.jpeg 1430w, https:\/\/alzira.es\/wp-content\/uploads\/2020\/06\/Carto_3-768x576.jpeg 768w, https:\/\/alzira.es\/wp-content\/uploads\/2020\/06\/Carto_3-1536x1152.jpeg 1536w\" data-sizes=\"(max-width: 400px) 100vw, 400px\" src=\"data:image\/svg+xml;base64,PHN2ZyB3aWR0aD0iMSIgaGVpZ2h0PSIxIiB4bWxucz0iaHR0cDovL3d3dy53My5vcmcvMjAwMC9zdmciPjwvc3ZnPg==\" style=\"--smush-placeholder-width: 400px; --smush-placeholder-aspect-ratio: 400\/300;\" \/><\/a><\/p>\n<p style=\"text-align: center;\"><a href=\"https:\/\/alzira.es\/wp-content\/uploads\/2020\/06\/AUDIO-2020-06-05-10-53-49.m4a\" target=\"_blank\" rel=\"noopener\"><img decoding=\"async\" width=\"200\" height=\"258\" class=\"size-full wp-image-49015 lazyload\" data-src=\"https:\/\/alzira.es\/wp-content\/uploads\/2020\/04\/m4a.png\" alt=\"m4a\" src=\"data:image\/svg+xml;base64,PHN2ZyB3aWR0aD0iMSIgaGVpZ2h0PSIxIiB4bWxucz0iaHR0cDovL3d3dy53My5vcmcvMjAwMC9zdmciPjwvc3ZnPg==\" style=\"--smush-placeholder-width: 200px; --smush-placeholder-aspect-ratio: 200\/258;\" \/><\/a><\/p>\n","protected":false},"excerpt":{"rendered":"<p>Desde la concejal\u00eda de Servicios Urbanos y de la Asociaci\u00f3n Empresarial de Alzira se pone en marcha una nueva campa\u00f1a para fomentar el servicio de recogida de cart\u00f3n comercial. La finalidad de esta campa\u00f1a es facilitar al peque\u00f1o y mediano comercio ubicado en el casco urbano de Alzira el tratamiento correcto del cart\u00f3n de embalaje &hellip; <\/p>\n<p class=\"link-more\"><a href=\"https:\/\/alzira.es\/es\/campanya-carto-comercial\/\" class=\"more-link\">Continuar leyendo<span class=\"screen-reader-text\"> \u00abAlzira pone en marcha una nueva campa\u00f1a para adherirse al servicio de recogida de cart\u00f3n comercial\u00bb<\/span><\/a><\/p>\n","protected":false},"author":29,"featured_media":49943,"comment_status":"","ping_status":"","sticky":false,"template":"","format":"standard","meta":{"_acf_changed":false,"footnotes":""},"categories":[4936],"tags":[],"class_list":["post-49952","post","type-post","status-publish","format-standard","has-post-thumbnail","hentry","category-hemeroteca-es"],"acf":[],"_links":{"self":[{"href":"https:\/\/alzira.es\/es\/wp-json\/wp\/v2\/posts\/49952","targetHints":{"allow":["GET"]}}],"collection":[{"href":"https:\/\/alzira.es\/es\/wp-json\/wp\/v2\/posts"}],"about":[{"href":"https:\/\/alzira.es\/es\/wp-json\/wp\/v2\/types\/post"}],"author":[{"embeddable":true,"href":"https:\/\/alzira.es\/es\/wp-json\/wp\/v2\/users\/29"}],"replies":[{"embeddable":true,"href":"https:\/\/alzira.es\/es\/wp-json\/wp\/v2\/comments?post=49952"}],"version-history":[{"count":0,"href":"https:\/\/alzira.es\/es\/wp-json\/wp\/v2\/posts\/49952\/revisions"}],"wp:featuredmedia":[{"embeddable":true,"href":"https:\/\/alzira.es\/es\/wp-json\/wp\/v2\/media\/49943"}],"wp:attachment":[{"href":"https:\/\/alzira.es\/es\/wp-json\/wp\/v2\/media?parent=49952"}],"wp:term":[{"taxonomy":"category","embeddable":true,"href":"https:\/\/alzira.es\/es\/wp-json\/wp\/v2\/categories?post=49952"},{"taxonomy":"post_tag","embeddable":true,"href":"https:\/\/alzira.es\/es\/wp-json\/wp\/v2\/tags?post=49952"}],"curies":[{"name":"wp","href":"https:\/\/api.w.org\/{rel}","templated":true}]}}