{"id":49937,"date":"2020-06-05T09:48:14","date_gmt":"2020-06-05T07:48:14","guid":{"rendered":"https:\/\/alzira.es\/horaris-paratges\/"},"modified":"2020-06-05T09:48:14","modified_gmt":"2020-06-05T07:48:14","slug":"horaris-paratges","status":"publish","type":"post","link":"https:\/\/alzira.es\/es\/horaris-paratges\/","title":{"rendered":"Los parajes de la Murta y la Casella recuperan el horario habitual con restricci\u00f3n de aforo"},"content":{"rendered":"<p style=\"text-align: justify;\">Coincidiendo con la celebraci\u00f3n del D\u00eda Mundial del Medio Ambiente, la Concejal\u00eda de Medio Ambiente Agricultura y Transici\u00f3n Ecol\u00f3gica ha informado de la ampliaci\u00f3n horaria a los Parajes Naturales Municipales dela Murta y la Casella de Alzira.<\/p>\n<p>La entrada en fase 2 el pasado fin de semana ya propici\u00f3 que de manera gradual se fuera recuperando la normalidad en las visitas a los espacios naturales.<br \/>El Consejo del Paraje Natural Municipal se reuni\u00f3 el pasado martes y acord\u00f3 la recuperaci\u00f3n del horario habitual de visitas a la Murta, es decir, de 8 de la ma\u00f1ana a 8 de la tarde. En todo caso, por razones sanitarias solo se permite un aforo diario de visitas de 600 personas, lo cual permite un total de 4.200 visitas en la semana.<\/p>\n<p><strong>Para evitar aglomeraciones de visitantes se ha establecido una distribuci\u00f3n a lo largo del d\u00eda en las siguientes franjas horarias y para el siguiente personal;<\/strong><span style=\"font-family: Arial, sans-serif; font-size: 11pt;\">&nbsp; &nbsp; &nbsp;<\/span><\/p>\n<table style=\"width: 548px; margin-left: auto; border-collapse: collapse; border: none; margin-right: auto;\" border=\"1\" cellspacing=\"0\" cellpadding=\"0\">\n<tbody>\n<tr>\n<td style=\"width: 58.7pt; border-top: 1pt solid #000001; border-bottom: 1pt solid #000001; border-left: 1pt solid #000001; border-right: none; padding: 2.75pt 2.75pt 2.75pt 2.25pt;\" valign=\"top\" width=\"78\">\n<p class=\"Contenidodelatabla\" style=\"text-align: justify; line-height: 150%;\"><span style=\"font-size: 11pt; line-height: 150%; font-family: Arial, sans-serif; color: windowtext;\">Horari <\/span><\/p>\n<\/td>\n<td style=\"width: 58.7pt; border-top: 1pt solid #000001; border-bottom: 1pt solid #000001; border-left: 1pt solid #000001; border-right: none; padding: 2.75pt 2.75pt 2.75pt 2.25pt;\" valign=\"top\" width=\"78\">\n<p class=\"Contenidodelatabla\" style=\"text-align: justify; line-height: 150%;\"><span style=\"font-size: 11pt; line-height: 150%; font-family: Arial, sans-serif; color: windowtext;\">De 8:00<\/span><\/p>\n<p class=\"Contenidodelatabla\" style=\"text-align: justify; line-height: 150%;\"><span style=\"font-size: 11pt; line-height: 150%; font-family: Arial, sans-serif; color: windowtext;\">a 9:00 h<\/span><\/p>\n<\/td>\n<td style=\"width: 58.7pt; border-top: 1pt solid #000001; border-bottom: 1pt solid #000001; border-left: 1pt solid #000001; border-right: none; padding: 2.75pt 2.75pt 2.75pt 2.25pt;\" valign=\"top\" width=\"78\">\n<p style=\"text-align: justify; line-height: 150%;\"><span style=\"font-size: 11pt; line-height: 150%; font-family: Arial, sans-serif;\">De 9:00<\/span><\/p>\n<p style=\"text-align: justify; line-height: 150%;\"><span style=\"font-size: 11pt; line-height: 150%; font-family: Arial, sans-serif;\">a 11.30 h <\/span><\/p>\n<\/td>\n<td style=\"width: 58.75pt; border-top: 1pt solid #000001; border-bottom: 1pt solid #000001; border-left: 1pt solid #000001; border-right: none; padding: 2.75pt 2.75pt 2.75pt 2.25pt;\" valign=\"top\" width=\"78\">\n<p style=\"text-align: justify; line-height: 150%;\"><span style=\"font-size: 11pt; line-height: 150%; font-family: Arial, sans-serif;\">De 11:30 a 14:00 h<\/span><\/p>\n<\/td>\n<td style=\"width: 58.7pt; border-top: 1pt solid #000001; border-bottom: 1pt solid #000001; border-left: 1pt solid #000001; border-right: none; padding: 2.75pt 2.75pt 2.75pt 2.25pt;\" valign=\"top\" width=\"78\">\n<p style=\"text-align: justify; line-height: 150%;\"><span style=\"font-size: 11pt; line-height: 150%; font-family: Arial, sans-serif;\">De 14:00 a 16:30 h<\/span><\/p>\n<\/td>\n<td style=\"width: 58.7pt; border-top: 1pt solid #000001; border-bottom: 1pt solid #000001; border-left: 1pt solid #000001; border-right: none; padding: 2.75pt 2.75pt 2.75pt 2.25pt;\" valign=\"top\" width=\"78\">\n<p style=\"text-align: justify; line-height: 150%;\"><span style=\"font-size: 11pt; line-height: 150%; font-family: Arial, sans-serif;\">De 16.30 a 19:00 h<\/span><\/p>\n<\/td>\n<td style=\"width: 58.7pt; border: 1pt solid #000001; padding: 2.75pt 2.75pt 2.75pt 2.25pt;\" valign=\"top\" width=\"78\">\n<p style=\"text-align: justify; line-height: 150%;\"><span style=\"font-size: 11pt; line-height: 150%; font-family: Arial, sans-serif;\">De 19:00 a 20:00 h<\/span><\/p>\n<\/td>\n<\/tr>\n<tr>\n<td style=\"width: 58.7pt; border-top: none; border-left: 1pt solid #000001; border-bottom: 1pt solid #000001; border-right: none; padding: 2.75pt 2.75pt 2.75pt 2.25pt;\" valign=\"top\" width=\"78\">\n<p class=\"Contenidodelatabla\" style=\"text-align: justify; line-height: 150%;\"><span style=\"font-size: 11pt; line-height: 150%; font-family: Arial, sans-serif; color: windowtext;\">Persones<\/span><\/p>\n<\/td>\n<td style=\"width: 58.7pt; border-top: none; border-left: 1pt solid #000001; border-bottom: 1pt solid #000001; border-right: none; padding: 2.75pt 2.75pt 2.75pt 2.25pt;\" valign=\"top\" width=\"78\">\n<p class=\"Contenidodelatabla\" style=\"text-align: justify; line-height: 150%;\"><span style=\"font-size: 11pt; line-height: 150%; font-family: Arial, sans-serif; color: windowtext;\">100<\/span><\/p>\n<\/td>\n<td style=\"width: 58.7pt; border-top: none; border-left: 1pt solid #000001; border-bottom: 1pt solid #000001; border-right: none; padding: 2.75pt 2.75pt 2.75pt 2.25pt;\" valign=\"top\" width=\"78\">\n<p class=\"Contenidodelatabla\" style=\"text-align: justify; line-height: 150%;\"><span style=\"font-size: 11pt; line-height: 150%; font-family: Arial, sans-serif; color: windowtext;\">100<\/span><\/p>\n<\/td>\n<td style=\"width: 58.75pt; border-top: none; border-left: 1pt solid #000001; border-bottom: 1pt solid #000001; border-right: none; padding: 2.75pt 2.75pt 2.75pt 2.25pt;\" valign=\"top\" width=\"78\">\n<p class=\"Contenidodelatabla\" style=\"text-align: justify; line-height: 150%;\"><span style=\"font-size: 11pt; line-height: 150%; font-family: Arial, sans-serif; color: windowtext;\">100<\/span><\/p>\n<\/td>\n<td style=\"width: 58.7pt; border-top: none; border-left: 1pt solid #000001; border-bottom: 1pt solid #000001; border-right: none; padding: 2.75pt 2.75pt 2.75pt 2.25pt;\" valign=\"top\" width=\"78\">\n<p class=\"Contenidodelatabla\" style=\"text-align: justify; line-height: 150%;\"><span style=\"font-size: 11pt; line-height: 150%; font-family: Arial, sans-serif; color: windowtext;\">100<\/span><\/p>\n<\/td>\n<td style=\"width: 58.7pt; border-top: none; border-left: 1pt solid #000001; border-bottom: 1pt solid #000001; border-right: none; padding: 2.75pt 2.75pt 2.75pt 2.25pt;\" valign=\"top\" width=\"78\">\n<p class=\"Contenidodelatabla\" style=\"text-align: justify; line-height: 150%;\"><span style=\"font-size: 11pt; line-height: 150%; font-family: Arial, sans-serif; color: windowtext;\">100<\/span><\/p>\n<\/td>\n<td style=\"width: 58.7pt; border-right: 1pt solid #000001; border-bottom: 1pt solid #000001; border-left: 1pt solid #000001; border-top: none; padding: 2.75pt 2.75pt 2.75pt 2.25pt;\" valign=\"top\" width=\"78\">\n<p class=\"Contenidodelatabla\" style=\"text-align: justify; line-height: 150%;\"><span style=\"font-size: 11pt; line-height: 150%; font-family: Arial, sans-serif; color: windowtext;\">100<\/span><\/p>\n<\/td>\n<\/tr>\n<\/tbody>\n<\/table>\n<p style=\"text-align: center;\">&nbsp;<\/p>\n<p style=\"text-align: justify;\">Adem\u00e1s se seguir\u00e1n pautas para el acceso dando entrada prioritaria en cualquier franja horaria a los visitantes mayores de 70 a\u00f1os o vulnerables. Y en todo caso, los grupos no tendr\u00e1n que exceder las 8 personas y se evitar\u00e1n las aglomeraciones.<\/p>\n<p>A la Casella, por sus caracter\u00edsticas, se permite ahora mismo el acceso sin aforo, si bien las bicicletas no podr\u00e1n superar la velocidad de 30 km\/hora en todo momento y no pueden circular por sendas. Se evitar\u00e1n las aglomeraciones, por lo cual los grupos no tendr\u00edan que exceder las 15 personas.<\/p>\n<p>En los dos casos, los visitantes tienen que respetar en todo momento las medidas de prevenci\u00f3n de transmisi\u00f3n de Covid-19, recogiendo toda la basura que generan, incluyendo mascarillas, guantes, toallitas y otros elementos desechables, y deposit\u00e1ndolos en los contenedores de la entrada.<\/p>\n<p>Los aparcamientos y \u00e1reas recreativas permanecer\u00e1n abiertas, y los usuarios tendr\u00e1n que cumplir las medidas de higiene y respetar las distancias m\u00ednimas.<\/p>\n<p>La entrada en pr\u00f3ximas fases permitir\u00e1 una ampliaci\u00f3n del aforo, si bien en ning\u00fan momento habr\u00e1 que olvidar la precauci\u00f3n respecto a la covid y a los incendios forestales.<\/p>\n<p style=\"text-align: center;\"><img fetchpriority=\"high\" decoding=\"async\" width=\"2048\" height=\"1536\" class=\" size-full wp-image-49934\" src=\"https:\/\/alzira.es\/wp-content\/uploads\/2020\/06\/FontGarrofer.jpg\" alt=\"FontGarrofer\" srcset=\"https:\/\/alzira.es\/wp-content\/uploads\/2020\/06\/FontGarrofer.jpg 2048w, https:\/\/alzira.es\/wp-content\/uploads\/2020\/06\/FontGarrofer-680x510.jpg 680w, https:\/\/alzira.es\/wp-content\/uploads\/2020\/06\/FontGarrofer-1430x1072.jpg 1430w, https:\/\/alzira.es\/wp-content\/uploads\/2020\/06\/FontGarrofer-768x576.jpg 768w, https:\/\/alzira.es\/wp-content\/uploads\/2020\/06\/FontGarrofer-1536x1152.jpg 1536w\" sizes=\"(max-width: 706px) 89vw, (max-width: 767px) 82vw, 740px\" \/><\/p>\n","protected":false},"excerpt":{"rendered":"<p>Coincidiendo con la celebraci\u00f3n del D\u00eda Mundial del Medio Ambiente, la Concejal\u00eda de Medio Ambiente Agricultura y Transici\u00f3n Ecol\u00f3gica ha informado de la ampliaci\u00f3n horaria a los Parajes Naturales Municipales dela Murta y la Casella de Alzira. La entrada en fase 2 el pasado fin de semana ya propici\u00f3 que de manera gradual se fuera &hellip; <\/p>\n<p class=\"link-more\"><a href=\"https:\/\/alzira.es\/es\/horaris-paratges\/\" class=\"more-link\">Continuar leyendo<span class=\"screen-reader-text\"> \u00abLos parajes de la Murta y la Casella recuperan el horario habitual con restricci\u00f3n de aforo\u00bb<\/span><\/a><\/p>\n","protected":false},"author":29,"featured_media":49934,"comment_status":"","ping_status":"","sticky":false,"template":"","format":"standard","meta":{"_acf_changed":false,"footnotes":""},"categories":[4936],"tags":[],"class_list":["post-49937","post","type-post","status-publish","format-standard","has-post-thumbnail","hentry","category-hemeroteca-es"],"acf":[],"_links":{"self":[{"href":"https:\/\/alzira.es\/es\/wp-json\/wp\/v2\/posts\/49937","targetHints":{"allow":["GET"]}}],"collection":[{"href":"https:\/\/alzira.es\/es\/wp-json\/wp\/v2\/posts"}],"about":[{"href":"https:\/\/alzira.es\/es\/wp-json\/wp\/v2\/types\/post"}],"author":[{"embeddable":true,"href":"https:\/\/alzira.es\/es\/wp-json\/wp\/v2\/users\/29"}],"replies":[{"embeddable":true,"href":"https:\/\/alzira.es\/es\/wp-json\/wp\/v2\/comments?post=49937"}],"version-history":[{"count":0,"href":"https:\/\/alzira.es\/es\/wp-json\/wp\/v2\/posts\/49937\/revisions"}],"wp:featuredmedia":[{"embeddable":true,"href":"https:\/\/alzira.es\/es\/wp-json\/wp\/v2\/media\/49934"}],"wp:attachment":[{"href":"https:\/\/alzira.es\/es\/wp-json\/wp\/v2\/media?parent=49937"}],"wp:term":[{"taxonomy":"category","embeddable":true,"href":"https:\/\/alzira.es\/es\/wp-json\/wp\/v2\/categories?post=49937"},{"taxonomy":"post_tag","embeddable":true,"href":"https:\/\/alzira.es\/es\/wp-json\/wp\/v2\/tags?post=49937"}],"curies":[{"name":"wp","href":"https:\/\/api.w.org\/{rel}","templated":true}]}}