{"id":49931,"date":"2020-06-03T19:51:00","date_gmt":"2020-06-03T17:51:00","guid":{"rendered":"https:\/\/alzira.es\/piscina-d-estiu-alzira\/"},"modified":"2020-06-03T19:51:00","modified_gmt":"2020-06-03T17:51:00","slug":"piscina-d-estiu-alzira","status":"publish","type":"post","link":"https:\/\/alzira.es\/es\/piscina-d-estiu-alzira\/","title":{"rendered":"Alzira abre la piscina de verano el pr\u00f3ximo 8 de junio"},"content":{"rendered":"<p style=\"text-align: justify;\">Con la llegada del verano, la concejal\u00eda de Deportes pone en funcionamiento la piscina descubierta municipal. La instalaciones abrir\u00e1 las puertas a partir del pr\u00f3ximo 8 de junio. Los horarios ser\u00e1n de lunes a domingo de 10:30 a 14 h y de 16 a 19:30 h.<\/p>\n<p>A causa de la situaci\u00f3n provocada por la Covid 19 y siguiendo las directrices y recomendaciones del Gobierno y de las autoridades sanitarias, habr\u00e1 control de aforo de 50 personas para cada turno, haciendo un total de 100 plazas diarias. Adem\u00e1s se realizar\u00e1 un protocolo de limpieza y desinfecci\u00f3n antes de abrir a las 8 de la ma\u00f1ana y tambi\u00e9n a las 14 h de la tarde. Tambi\u00e9n se desinfectar\u00e1n y limpiar\u00e1n los vestuarios y lavabos cada hora.<\/p>\n<p>El precio de la entrada ser\u00e1 de 3 \u20ac para los adultos, 1,5 \u20ac para los ni\u00f1os de 3 a 11 a\u00f1os, y para los jubilados ser\u00e1 de 2 \u20ac. La entrada dar\u00e1 derecho a disfrutar en el turno de acceso: turno por la ma\u00f1ana o turno por la tarde.<\/p>\n<p>Para acceder a las instalaciones, se podr\u00e1 reservar plaza con cita previa y pagar la entrada a trav\u00e9s de la web del Ayuntamiento o bien se podr\u00e1n adquirir a la misma piscina descubierta con pago por dat\u00e1fono, no se permitir\u00e1 el efectivo.<\/p>\n<p>Adem\u00e1s se tomar\u00e1n otras medidas de seguridad como el control de aforo a los vestuarios, el acceso a las taquillas estar\u00e1 prohibido, no se podr\u00e1n utilizar las duchas de los vestuarios, no se montar\u00e1 mobiliario a la zona de sombra, no se vender\u00e1n bebidas a la instalaci\u00f3n y se tendr\u00e1 que mantener la distancia de seguridad de 2 metros.<\/p>\n<p>El regidor de Deportes, <strong>Fernando Pascual<\/strong>, ha manifestado que <em>\u00abSe trata de una situaci\u00f3n extraordinaria y nueva para todos, por eso hago un llamamiento a la responsabilidad individual y al comportamiento ejemplar que han demostrado los alzire\u00f1os&nbsp; y alzire\u00f1as a lo largo de toda esta pandemia. Desde la concejal\u00eda de Deportes vayamos a garantizar que se cumplan todas las medidas de seguridad con el fin de velar por la salud de toda la ciudadan\u00eda\u00bb<\/em>. Adem\u00e1s, el edil ha a\u00f1adido que <em>\u00abCon la llegada del verano y las altas temperaturas es necesario ofrecer este servicio municipal para paliar los efectos del calor durante los meses estivales, eso s\u00ed, con las m\u00e1ximas garant\u00edas de salud ante el coronavirus\u00bb<\/em>.<\/p>\n<p style=\"text-align: center;\"><img fetchpriority=\"high\" decoding=\"async\" width=\"595\" height=\"842\" class=\" size-full wp-image-49926\" src=\"https:\/\/alzira.es\/wp-content\/uploads\/2020\/06\/PISCINA_DESTIU2_04062020.jpg\" alt=\"PISCINA DESTIU2 04062020\" srcset=\"https:\/\/alzira.es\/wp-content\/uploads\/2020\/06\/PISCINA_DESTIU2_04062020.jpg 595w, https:\/\/alzira.es\/wp-content\/uploads\/2020\/06\/PISCINA_DESTIU2_04062020-360x510.jpg 360w\" sizes=\"(max-width: 595px) 100vw, 595px\" \/><\/p>\n","protected":false},"excerpt":{"rendered":"<p>Con la llegada del verano, la concejal\u00eda de Deportes pone en funcionamiento la piscina descubierta municipal. La instalaciones abrir\u00e1 las puertas a partir del pr\u00f3ximo 8 de junio. Los horarios ser\u00e1n de lunes a domingo de 10:30 a 14 h y de 16 a 19:30 h. A causa de la situaci\u00f3n provocada por la Covid &hellip; <\/p>\n<p class=\"link-more\"><a href=\"https:\/\/alzira.es\/es\/piscina-d-estiu-alzira\/\" class=\"more-link\">Continuar leyendo<span class=\"screen-reader-text\"> \u00abAlzira abre la piscina de verano el pr\u00f3ximo 8 de junio\u00bb<\/span><\/a><\/p>\n","protected":false},"author":29,"featured_media":49927,"comment_status":"","ping_status":"","sticky":false,"template":"","format":"standard","meta":{"_acf_changed":false,"footnotes":""},"categories":[4936],"tags":[],"class_list":["post-49931","post","type-post","status-publish","format-standard","has-post-thumbnail","hentry","category-hemeroteca-es"],"acf":[],"_links":{"self":[{"href":"https:\/\/alzira.es\/es\/wp-json\/wp\/v2\/posts\/49931","targetHints":{"allow":["GET"]}}],"collection":[{"href":"https:\/\/alzira.es\/es\/wp-json\/wp\/v2\/posts"}],"about":[{"href":"https:\/\/alzira.es\/es\/wp-json\/wp\/v2\/types\/post"}],"author":[{"embeddable":true,"href":"https:\/\/alzira.es\/es\/wp-json\/wp\/v2\/users\/29"}],"replies":[{"embeddable":true,"href":"https:\/\/alzira.es\/es\/wp-json\/wp\/v2\/comments?post=49931"}],"version-history":[{"count":0,"href":"https:\/\/alzira.es\/es\/wp-json\/wp\/v2\/posts\/49931\/revisions"}],"wp:featuredmedia":[{"embeddable":true,"href":"https:\/\/alzira.es\/es\/wp-json\/wp\/v2\/media\/49927"}],"wp:attachment":[{"href":"https:\/\/alzira.es\/es\/wp-json\/wp\/v2\/media?parent=49931"}],"wp:term":[{"taxonomy":"category","embeddable":true,"href":"https:\/\/alzira.es\/es\/wp-json\/wp\/v2\/categories?post=49931"},{"taxonomy":"post_tag","embeddable":true,"href":"https:\/\/alzira.es\/es\/wp-json\/wp\/v2\/tags?post=49931"}],"curies":[{"name":"wp","href":"https:\/\/api.w.org\/{rel}","templated":true}]}}