{"id":49924,"date":"2020-06-03T11:24:59","date_gmt":"2020-06-03T09:24:59","guid":{"rendered":"https:\/\/alzira.es\/llum-led-zona-albuixarres-2\/"},"modified":"2020-06-03T11:24:59","modified_gmt":"2020-06-03T09:24:59","slug":"llum-led-zona-albuixarres-2","status":"publish","type":"post","link":"https:\/\/alzira.es\/es\/llum-led-zona-albuixarres-2\/","title":{"rendered":"Alzira continua amb el canvi a il\u00b7luminaci\u00f3 LED a la zona d\u2019Albuixarres"},"content":{"rendered":"<p style=\"text-align: justify;\">Des de la regidoria de Serveis Urbans es continua treballant en el pla d&#8217;estalvi energ\u00e8tic de la ciutat d&#8217;Alzira. En esta nova actuaci\u00f3 s&#8217;ha millorat l&#8217;efici\u00e8ncia energ\u00e8tica dels carrers Ntra. Sra. de Luj\u00e1n, Tejar Mart\u00ed i Progr\u00e8s. S&#8217;han canviat les antigues llums per altres noves de tecnologia LED que millora la qualitat de la il\u00b7luminaci\u00f3 de la zona, a m\u00e9s de suposar un estalvi econ\u00f2mic i energ\u00e8tic. A m\u00e9s, est\u00e0 previst al llarg del mes de juny la millora de la il\u00b7luminaci\u00f3 dels carrers Rei en Jaume i Cervantes.<\/p>\n<p style=\"text-align: justify;\">Amb esta intervenci\u00f3, que se suma a les ja realitzades a altres zones i carrers d&#8217;Alzira durant esta legislatura, ja suma quasi 10.000\u202f\u20ac d&#8217;estalvi econ\u00f2mic anual.<\/p>\n<p style=\"text-align: justify;\">Cal recordar que la il\u00b7luminaci\u00f3 LED utilitza un 80% menys d&#8217;energia que els llums incandescents per produir la mateixa quantitat de llum, el que significa que s\u00f3n molt m\u00e9s eficients i que efectivament poden servir per a implementar mesures de reducci\u00f3 de les emissions de carboni. Utilitzar il\u00b7luminaci\u00f3 LED ofereix una major vida \u00fatil i facilita un major respecte al medi ambient i millora la qualitat lum\u00ednica dels carrers d&#8217;Alzira.<\/p>\n<p style=\"text-align: justify;\">El regidor responsable de l&#8217;\u00e0rea, <strong>Fernando Pascual<\/strong> ha manifestat que: <em>\u00abLa idea \u00e9s, a poc a poc, anar canviant la il\u00b7luminaci\u00f3 de tots els carrers d&#8217;Alzira per ser una ciutat m\u00e9s sostenible, eficient i respectuosa amb el medi ambient\u00bb<\/em>. A m\u00e9s ha afegit que: <em>\u00abAmb estes actuacions estem complint amb el projecte d&#8217;Efici\u00e8ncia Energ\u00e8tica programat per a esta legislatura\u00bb<\/em>.<\/p>\n<p style=\"text-align: center;\"><a class=\"jcepopup\" href=\"https:\/\/alzira.es\/wp-content\/uploads\/2020\/06\/Llum_LED_zona_Albuixarres.jpeg\" target=\"_blank\" rel=\"noopener\"><img fetchpriority=\"high\" decoding=\"async\" class=\" size-full wp-image-49916\" src=\"https:\/\/alzira.es\/wp-content\/uploads\/2020\/06\/Llum_LED_zona_Albuixarres.jpeg\" alt=\"Llum LED zona Albuixarres\" width=\"600\" height=\"450\" srcset=\"https:\/\/alzira.es\/wp-content\/uploads\/2020\/06\/Llum_LED_zona_Albuixarres.jpeg 2016w, https:\/\/alzira.es\/wp-content\/uploads\/2020\/06\/Llum_LED_zona_Albuixarres-680x510.jpeg 680w, https:\/\/alzira.es\/wp-content\/uploads\/2020\/06\/Llum_LED_zona_Albuixarres-1430x1072.jpeg 1430w, https:\/\/alzira.es\/wp-content\/uploads\/2020\/06\/Llum_LED_zona_Albuixarres-768x576.jpeg 768w, https:\/\/alzira.es\/wp-content\/uploads\/2020\/06\/Llum_LED_zona_Albuixarres-1536x1152.jpeg 1536w\" sizes=\"(max-width: 600px) 100vw, 600px\" \/><\/a>&nbsp;<a class=\"jcepopup\" style=\"font-size: 14.4px; text-align: center;\" type=\"image\" href=\"https:\/\/alzira.es\/wp-content\/uploads\/2020\/06\/Llum_LED_zona_Albuixarres_5E.jpeg\" target=\"_blank\" rel=\"noopener\"><img decoding=\"async\" class=\"size-full wp-image-49918 lazyload\" data-src=\"https:\/\/alzira.es\/wp-content\/uploads\/2020\/06\/Llum_LED_zona_Albuixarres_5E.jpeg\" alt=\"Llum LED zona Albuixarres 5E\" width=\"600\" height=\"450\" data-srcset=\"https:\/\/alzira.es\/wp-content\/uploads\/2020\/06\/Llum_LED_zona_Albuixarres_5E.jpeg 2016w, https:\/\/alzira.es\/wp-content\/uploads\/2020\/06\/Llum_LED_zona_Albuixarres_5E-680x510.jpeg 680w, https:\/\/alzira.es\/wp-content\/uploads\/2020\/06\/Llum_LED_zona_Albuixarres_5E-1430x1072.jpeg 1430w, https:\/\/alzira.es\/wp-content\/uploads\/2020\/06\/Llum_LED_zona_Albuixarres_5E-768x576.jpeg 768w, https:\/\/alzira.es\/wp-content\/uploads\/2020\/06\/Llum_LED_zona_Albuixarres_5E-1536x1152.jpeg 1536w\" data-sizes=\"(max-width: 600px) 100vw, 600px\" src=\"data:image\/svg+xml;base64,PHN2ZyB3aWR0aD0iMSIgaGVpZ2h0PSIxIiB4bWxucz0iaHR0cDovL3d3dy53My5vcmcvMjAwMC9zdmciPjwvc3ZnPg==\" style=\"--smush-placeholder-width: 600px; --smush-placeholder-aspect-ratio: 600\/450;\" \/><\/a><\/p>\n<p style=\"text-align: center;\">&nbsp;<\/p>\n<p style=\"text-align: center;\"><a href=\"https:\/\/alzira.es\/wp-content\/uploads\/2020\/06\/llum_led_zona_albuixarres.m4a\" target=\"_blank\" rel=\"noopener\"><img decoding=\"async\" width=\"200\" height=\"258\" class=\"size-full wp-image-49015 lazyload\" data-src=\"https:\/\/alzira.es\/wp-content\/uploads\/2020\/04\/m4a.png\" alt=\"m4a\" src=\"data:image\/svg+xml;base64,PHN2ZyB3aWR0aD0iMSIgaGVpZ2h0PSIxIiB4bWxucz0iaHR0cDovL3d3dy53My5vcmcvMjAwMC9zdmciPjwvc3ZnPg==\" style=\"--smush-placeholder-width: 200px; --smush-placeholder-aspect-ratio: 200\/258;\" \/><\/a><\/p>\n","protected":false},"excerpt":{"rendered":"<p>Des de la regidoria de Serveis Urbans es continua treballant en el pla d&#8217;estalvi energ\u00e8tic de la ciutat d&#8217;Alzira. En esta nova actuaci\u00f3 s&#8217;ha millorat l&#8217;efici\u00e8ncia energ\u00e8tica dels carrers Ntra. Sra. de Luj\u00e1n, Tejar Mart\u00ed i Progr\u00e8s. S&#8217;han canviat les antigues llums per altres noves de tecnologia LED que millora la qualitat de la il\u00b7luminaci\u00f3 &hellip; <\/p>\n<p class=\"link-more\"><a href=\"https:\/\/alzira.es\/es\/llum-led-zona-albuixarres-2\/\" class=\"more-link\">Continuar leyendo<span class=\"screen-reader-text\"> \u00abAlzira continua amb el canvi a il\u00b7luminaci\u00f3 LED a la zona d\u2019Albuixarres\u00bb<\/span><\/a><\/p>\n","protected":false},"author":29,"featured_media":49916,"comment_status":"","ping_status":"","sticky":false,"template":"","format":"standard","meta":{"_acf_changed":false,"footnotes":""},"categories":[],"tags":[],"class_list":["post-49924","post","type-post","status-publish","format-standard","has-post-thumbnail","hentry"],"acf":[],"_links":{"self":[{"href":"https:\/\/alzira.es\/es\/wp-json\/wp\/v2\/posts\/49924","targetHints":{"allow":["GET"]}}],"collection":[{"href":"https:\/\/alzira.es\/es\/wp-json\/wp\/v2\/posts"}],"about":[{"href":"https:\/\/alzira.es\/es\/wp-json\/wp\/v2\/types\/post"}],"author":[{"embeddable":true,"href":"https:\/\/alzira.es\/es\/wp-json\/wp\/v2\/users\/29"}],"replies":[{"embeddable":true,"href":"https:\/\/alzira.es\/es\/wp-json\/wp\/v2\/comments?post=49924"}],"version-history":[{"count":0,"href":"https:\/\/alzira.es\/es\/wp-json\/wp\/v2\/posts\/49924\/revisions"}],"wp:featuredmedia":[{"embeddable":true,"href":"https:\/\/alzira.es\/es\/wp-json\/wp\/v2\/media\/49916"}],"wp:attachment":[{"href":"https:\/\/alzira.es\/es\/wp-json\/wp\/v2\/media?parent=49924"}],"wp:term":[{"taxonomy":"category","embeddable":true,"href":"https:\/\/alzira.es\/es\/wp-json\/wp\/v2\/categories?post=49924"},{"taxonomy":"post_tag","embeddable":true,"href":"https:\/\/alzira.es\/es\/wp-json\/wp\/v2\/tags?post=49924"}],"curies":[{"name":"wp","href":"https:\/\/api.w.org\/{rel}","templated":true}]}}