{"id":49922,"date":"2020-06-03T11:24:59","date_gmt":"2020-06-03T09:24:59","guid":{"rendered":"https:\/\/alzira.es\/llum-led-zona-albuixarres\/"},"modified":"2020-06-03T11:24:59","modified_gmt":"2020-06-03T09:24:59","slug":"llum-led-zona-albuixarres","status":"publish","type":"post","link":"https:\/\/alzira.es\/es\/llum-led-zona-albuixarres\/","title":{"rendered":"Alzira contin\u00faa con el cambio a iluminaci\u00f3n LED en la zona de Albuixarres"},"content":{"rendered":"<p style=\"text-align: justify;\">Desde la concejal\u00eda de Servicios Urbanos se contin\u00faa trabajando en el plan de ahorro energ\u00e9tico de la ciudad de Alzira. En esta nueva actuaci\u00f3n se ha mejorado la eficiencia energ\u00e9tica de las calles Ntra. Sra. de Luj\u00e1n, Tejar Mart\u00ed y Progreso. Se han cambiado las antiguas luces por otras nuevas de tecnolog\u00eda LED que mejora la calidad de la iluminaci\u00f3n de la zona, adem\u00e1s de suponer un ahorro econ\u00f3mico y energ\u00e9tico. Adem\u00e1s, est\u00e1 previsto a lo largo del mes de junio la mejora de la iluminaci\u00f3n de las calles Rey en Jaume y Cervantes.<\/p>\n<p>Con esta intervenci\u00f3n, que se suma a las ya realizadas en otras zonas y calles de Alzira durante esta legislatura, ya suma casi 10.000\u202f\u20ac de ahorro econ\u00f3mico anual.<\/p>\n<p>Hay que recordar que la iluminaci\u00f3n LED utiliza un 80% menos de energ\u00eda que las luces incandescentes para producir la misma cantidad de luz, el que significa que son mucho m\u00e1s eficientes y que efectivamente pueden servir para implementar medidas de reducci\u00f3n de las emisiones de carbono. Utilizar iluminaci\u00f3n LED ofrece una mayor vida \u00fatil y facilita un mayor respecto al medio ambiente y mejora la calidad lum\u00ednica de las calles de Alzira.<\/p>\n<p>El regidor responsable del \u00e1rea, <strong>Fernando Pascual<\/strong> ha manifestado que: <em>\u00abLa idea es, despacio, ir cambiando la iluminaci\u00f3n de todas las calles de Alzira para ser una ciudad m\u00e1s sostenible, eficiente y respetuosa con el medio ambiente\u00bb<\/em>. Adem\u00e1s ha a\u00f1adido que: <em>\u00abCon estas actuaciones estamos cumpliendo con el proyecto de Eficiencia Energ\u00e9tica programado para esta legislatura\u00bb<\/em>.<\/p>\n<p style=\"text-align: center;\"><a class=\"jcepopup\" href=\"https:\/\/alzira.es\/wp-content\/uploads\/2020\/06\/Llum_LED_zona_Albuixarres.jpeg\" target=\"_blank\" rel=\"noopener\"><img fetchpriority=\"high\" decoding=\"async\" class=\" size-full wp-image-49916\" src=\"https:\/\/alzira.es\/wp-content\/uploads\/2020\/06\/Llum_LED_zona_Albuixarres.jpeg\" alt=\"Llum LED zona Albuixarres\" width=\"600\" height=\"450\" srcset=\"https:\/\/alzira.es\/wp-content\/uploads\/2020\/06\/Llum_LED_zona_Albuixarres.jpeg 2016w, https:\/\/alzira.es\/wp-content\/uploads\/2020\/06\/Llum_LED_zona_Albuixarres-680x510.jpeg 680w, https:\/\/alzira.es\/wp-content\/uploads\/2020\/06\/Llum_LED_zona_Albuixarres-1430x1072.jpeg 1430w, https:\/\/alzira.es\/wp-content\/uploads\/2020\/06\/Llum_LED_zona_Albuixarres-768x576.jpeg 768w, https:\/\/alzira.es\/wp-content\/uploads\/2020\/06\/Llum_LED_zona_Albuixarres-1536x1152.jpeg 1536w\" sizes=\"(max-width: 600px) 100vw, 600px\" \/><\/a>&nbsp;<a class=\"jcepopup\" style=\"font-size: 14.4px; text-align: center;\" type=\"image\" href=\"https:\/\/alzira.es\/wp-content\/uploads\/2020\/06\/Llum_LED_zona_Albuixarres_5E.jpeg\" target=\"_blank\" rel=\"noopener\"><img decoding=\"async\" class=\"size-full wp-image-49918 lazyload\" data-src=\"https:\/\/alzira.es\/wp-content\/uploads\/2020\/06\/Llum_LED_zona_Albuixarres_5E.jpeg\" alt=\"Llum LED zona Albuixarres 5E\" width=\"600\" height=\"450\" data-srcset=\"https:\/\/alzira.es\/wp-content\/uploads\/2020\/06\/Llum_LED_zona_Albuixarres_5E.jpeg 2016w, https:\/\/alzira.es\/wp-content\/uploads\/2020\/06\/Llum_LED_zona_Albuixarres_5E-680x510.jpeg 680w, https:\/\/alzira.es\/wp-content\/uploads\/2020\/06\/Llum_LED_zona_Albuixarres_5E-1430x1072.jpeg 1430w, https:\/\/alzira.es\/wp-content\/uploads\/2020\/06\/Llum_LED_zona_Albuixarres_5E-768x576.jpeg 768w, https:\/\/alzira.es\/wp-content\/uploads\/2020\/06\/Llum_LED_zona_Albuixarres_5E-1536x1152.jpeg 1536w\" data-sizes=\"(max-width: 600px) 100vw, 600px\" src=\"data:image\/svg+xml;base64,PHN2ZyB3aWR0aD0iMSIgaGVpZ2h0PSIxIiB4bWxucz0iaHR0cDovL3d3dy53My5vcmcvMjAwMC9zdmciPjwvc3ZnPg==\" style=\"--smush-placeholder-width: 600px; --smush-placeholder-aspect-ratio: 600\/450;\" \/><\/a><\/p>\n<p style=\"text-align: center;\">&nbsp;<\/p>\n<p style=\"text-align: center;\"><a href=\"https:\/\/alzira.es\/wp-content\/uploads\/2020\/06\/llum_led_zona_albuixarres.m4a\" target=\"_blank\" rel=\"noopener\"><img decoding=\"async\" width=\"200\" height=\"258\" class=\"size-full wp-image-49015 lazyload\" data-src=\"https:\/\/alzira.es\/wp-content\/uploads\/2020\/04\/m4a.png\" alt=\"m4a\" src=\"data:image\/svg+xml;base64,PHN2ZyB3aWR0aD0iMSIgaGVpZ2h0PSIxIiB4bWxucz0iaHR0cDovL3d3dy53My5vcmcvMjAwMC9zdmciPjwvc3ZnPg==\" style=\"--smush-placeholder-width: 200px; --smush-placeholder-aspect-ratio: 200\/258;\" \/><\/a><\/p>\n","protected":false},"excerpt":{"rendered":"<p>Desde la concejal\u00eda de Servicios Urbanos se contin\u00faa trabajando en el plan de ahorro energ\u00e9tico de la ciudad de Alzira. En esta nueva actuaci\u00f3n se ha mejorado la eficiencia energ\u00e9tica de las calles Ntra. Sra. de Luj\u00e1n, Tejar Mart\u00ed y Progreso. Se han cambiado las antiguas luces por otras nuevas de tecnolog\u00eda LED que mejora &hellip; <\/p>\n<p class=\"link-more\"><a href=\"https:\/\/alzira.es\/es\/llum-led-zona-albuixarres\/\" class=\"more-link\">Continuar leyendo<span class=\"screen-reader-text\"> \u00abAlzira contin\u00faa con el cambio a iluminaci\u00f3n LED en la zona de Albuixarres\u00bb<\/span><\/a><\/p>\n","protected":false},"author":29,"featured_media":49916,"comment_status":"","ping_status":"","sticky":false,"template":"","format":"standard","meta":{"_acf_changed":false,"footnotes":""},"categories":[4936],"tags":[],"class_list":["post-49922","post","type-post","status-publish","format-standard","has-post-thumbnail","hentry","category-hemeroteca-es"],"acf":[],"_links":{"self":[{"href":"https:\/\/alzira.es\/es\/wp-json\/wp\/v2\/posts\/49922","targetHints":{"allow":["GET"]}}],"collection":[{"href":"https:\/\/alzira.es\/es\/wp-json\/wp\/v2\/posts"}],"about":[{"href":"https:\/\/alzira.es\/es\/wp-json\/wp\/v2\/types\/post"}],"author":[{"embeddable":true,"href":"https:\/\/alzira.es\/es\/wp-json\/wp\/v2\/users\/29"}],"replies":[{"embeddable":true,"href":"https:\/\/alzira.es\/es\/wp-json\/wp\/v2\/comments?post=49922"}],"version-history":[{"count":0,"href":"https:\/\/alzira.es\/es\/wp-json\/wp\/v2\/posts\/49922\/revisions"}],"wp:featuredmedia":[{"embeddable":true,"href":"https:\/\/alzira.es\/es\/wp-json\/wp\/v2\/media\/49916"}],"wp:attachment":[{"href":"https:\/\/alzira.es\/es\/wp-json\/wp\/v2\/media?parent=49922"}],"wp:term":[{"taxonomy":"category","embeddable":true,"href":"https:\/\/alzira.es\/es\/wp-json\/wp\/v2\/categories?post=49922"},{"taxonomy":"post_tag","embeddable":true,"href":"https:\/\/alzira.es\/es\/wp-json\/wp\/v2\/tags?post=49922"}],"curies":[{"name":"wp","href":"https:\/\/api.w.org\/{rel}","templated":true}]}}