{"id":49914,"date":"2020-06-02T14:39:29","date_gmt":"2020-06-02T12:39:29","guid":{"rendered":"https:\/\/alzira.es\/np-carril-bici-alzira-algemesi-2\/"},"modified":"2020-06-02T14:39:29","modified_gmt":"2020-06-02T12:39:29","slug":"np-carril-bici-alzira-algemesi-2","status":"publish","type":"post","link":"https:\/\/alzira.es\/es\/np-carril-bici-alzira-algemesi-2\/","title":{"rendered":"Llum verda a la connexi\u00f3 Alzira-Algemes\u00ed amb carril bici"},"content":{"rendered":"<p style=\"text-align: justify;\"><strong>Diego G\u00f3mez:<\/strong> <em>\u00abEste projecte \u00e9s essencial per facilitar que la ciutadania es puga moure per una xarxa que unix tota la comarca\u00bb<\/em><\/p>\n<p style=\"text-align: justify;\">La Conselleria Pol\u00edtica territorial, Obres P\u00fabliques i Mobilitat ha comunicat a l&#8217;Ajuntament d&#8217;Alzira l&#8217;acceptaci\u00f3 d&#8217;este itinerari ciclista que unix Alzira i Algemes\u00ed mitjan\u00e7ant la construcci\u00f3 del carril bici des de la redona del mercat d&#8217;Abastos.<\/p>\n<p style=\"text-align: justify;\">L&#8217;alcalde d&#8217;Alzira, <strong>Diego G\u00f3mez<\/strong>, ha manifestat al respecte <em>\u00abPortem anys treballant per la millora de la mobilitat sostenible. Este projecte \u00e9s essencial per a facilitar que la ciutadania es puga moure per una xarxa que a poc a poc unir\u00e0 tota la comarca\u00bb<\/em><\/p>\n<p style=\"text-align: justify;\">L&#8217;inici de les obres per part de la Generalitat planteja una primera actuaci\u00f3 a la redona del mercat d&#8217;Abastos, a continuaci\u00f3 del carril bici que ja existeix des del parc d&#8217;Educaci\u00f3 Vial i en direcci\u00f3 a Algemes\u00ed. En un segon tram continuar\u00e0 per per la CV 42 salvant el Riu Verd i finalment connectar\u00e0 amb la via de servei del Pol\u00edgon Industrial de l&#8217;ITV fins a Algemes\u00ed. D&#8217;altra banda tamb\u00e9 est\u00e0 prevista una connexi\u00f3 en direcci\u00f3 a Guadassuar pel pol\u00edgon de El Pla.<\/p>\n<p style=\"text-align: justify;\">Per la seua banda el regidor de Medi Ambient, <strong>Pep Carreres<\/strong> s&#8217;ha mostrat satisfet per vore l&#8217;inici d&#8217;este projecte que suposa una reivindicaci\u00f3 d&#8217;este govern des dels seus inicis. <em>\u00abAmb l&#8217;inici d&#8217;este tram del carril bici es dona resposta al treball coordinat dels ajuntaments d&#8217;Alzira, Algemes\u00ed i Guadassuar\u00bb<\/em><\/p>\n<p style=\"text-align: justify;\">El projecte inclou la dotaci\u00f3 d&#8217;enllumenat en tots els encreuaments, la remodelaci\u00f3 de l&#8217;entroncament de la CV43 amb la redona aix\u00ed com amb els camins agr\u00edcoles.<\/p>\n<p style=\"text-align: center;\"><a class=\"jcepopup\" href=\"https:\/\/alzira.es\/wp-content\/uploads\/2020\/06\/CV42-CB-02-PLANTA-V3_Pagina_1.jpg\" target=\"_blank\" rel=\"noopener\"><img fetchpriority=\"high\" decoding=\"async\" class=\" size-full wp-image-49904\" src=\"https:\/\/alzira.es\/wp-content\/uploads\/2020\/06\/CV42-CB-02-PLANTA-V3_Pagina_1.jpg\" alt=\"CV42-CB-02-PLANTA-V3 P\u00e1gina 1\" width=\"600\" height=\"412\" srcset=\"https:\/\/alzira.es\/wp-content\/uploads\/2020\/06\/CV42-CB-02-PLANTA-V3_Pagina_1.jpg 2395w, https:\/\/alzira.es\/wp-content\/uploads\/2020\/06\/CV42-CB-02-PLANTA-V3_Pagina_1-680x467.jpg 680w, https:\/\/alzira.es\/wp-content\/uploads\/2020\/06\/CV42-CB-02-PLANTA-V3_Pagina_1-1430x982.jpg 1430w, https:\/\/alzira.es\/wp-content\/uploads\/2020\/06\/CV42-CB-02-PLANTA-V3_Pagina_1-768x527.jpg 768w, https:\/\/alzira.es\/wp-content\/uploads\/2020\/06\/CV42-CB-02-PLANTA-V3_Pagina_1-1536x1054.jpg 1536w, https:\/\/alzira.es\/wp-content\/uploads\/2020\/06\/CV42-CB-02-PLANTA-V3_Pagina_1-2048x1406.jpg 2048w\" sizes=\"(max-width: 600px) 100vw, 600px\" \/><\/a>&nbsp;<a class=\"jcepopup\" style=\"text-align: center;\" type=\"image\" href=\"https:\/\/alzira.es\/wp-content\/uploads\/2020\/06\/CV42-CB-02-PLANTA-V3_Pagina_2.jpg\" target=\"_blank\" rel=\"noopener\"><img decoding=\"async\" class=\"size-full wp-image-49906 lazyload\" data-src=\"https:\/\/alzira.es\/wp-content\/uploads\/2020\/06\/CV42-CB-02-PLANTA-V3_Pagina_2.jpg\" alt=\"CV42-CB-02-PLANTA-V3 P\u00e1gina 2\" width=\"600\" height=\"412\" data-srcset=\"https:\/\/alzira.es\/wp-content\/uploads\/2020\/06\/CV42-CB-02-PLANTA-V3_Pagina_2.jpg 2377w, https:\/\/alzira.es\/wp-content\/uploads\/2020\/06\/CV42-CB-02-PLANTA-V3_Pagina_2-680x467.jpg 680w, https:\/\/alzira.es\/wp-content\/uploads\/2020\/06\/CV42-CB-02-PLANTA-V3_Pagina_2-1430x982.jpg 1430w, https:\/\/alzira.es\/wp-content\/uploads\/2020\/06\/CV42-CB-02-PLANTA-V3_Pagina_2-768x527.jpg 768w, https:\/\/alzira.es\/wp-content\/uploads\/2020\/06\/CV42-CB-02-PLANTA-V3_Pagina_2-1536x1055.jpg 1536w, https:\/\/alzira.es\/wp-content\/uploads\/2020\/06\/CV42-CB-02-PLANTA-V3_Pagina_2-2048x1406.jpg 2048w\" data-sizes=\"(max-width: 600px) 100vw, 600px\" src=\"data:image\/svg+xml;base64,PHN2ZyB3aWR0aD0iMSIgaGVpZ2h0PSIxIiB4bWxucz0iaHR0cDovL3d3dy53My5vcmcvMjAwMC9zdmciPjwvc3ZnPg==\" style=\"--smush-placeholder-width: 600px; --smush-placeholder-aspect-ratio: 600\/412;\" \/><\/a>&nbsp;<a class=\"jcepopup\" style=\"text-align: center;\" type=\"image\" href=\"https:\/\/alzira.es\/wp-content\/uploads\/2020\/06\/CV42-CB-02-PLANTA-V3_Pagina_3.jpg\" target=\"_blank\" rel=\"noopener\"><img decoding=\"async\" class=\"size-full wp-image-49908 lazyload\" data-src=\"https:\/\/alzira.es\/wp-content\/uploads\/2020\/06\/CV42-CB-02-PLANTA-V3_Pagina_3.jpg\" alt=\"CV42-CB-02-PLANTA-V3 P\u00e1gina 3\" width=\"600\" height=\"410\" src=\"data:image\/svg+xml;base64,PHN2ZyB3aWR0aD0iMSIgaGVpZ2h0PSIxIiB4bWxucz0iaHR0cDovL3d3dy53My5vcmcvMjAwMC9zdmciPjwvc3ZnPg==\" style=\"--smush-placeholder-width: 600px; --smush-placeholder-aspect-ratio: 600\/410;\" \/><\/a>&nbsp;<a class=\"jcepopup\" style=\"text-align: center;\" type=\"image\" href=\"https:\/\/alzira.es\/wp-content\/uploads\/2020\/06\/CV42-CB-02-PLANTA-V3_Pagina_4.jpg\" target=\"_blank\" rel=\"noopener\"><img decoding=\"async\" class=\"size-full wp-image-49910 lazyload\" data-src=\"https:\/\/alzira.es\/wp-content\/uploads\/2020\/06\/CV42-CB-02-PLANTA-V3_Pagina_4.jpg\" alt=\"CV42-CB-02-PLANTA-V3 P\u00e1gina 4\" width=\"600\" height=\"415\" src=\"data:image\/svg+xml;base64,PHN2ZyB3aWR0aD0iMSIgaGVpZ2h0PSIxIiB4bWxucz0iaHR0cDovL3d3dy53My5vcmcvMjAwMC9zdmciPjwvc3ZnPg==\" style=\"--smush-placeholder-width: 600px; --smush-placeholder-aspect-ratio: 600\/415;\" \/><\/a><\/p>\n","protected":false},"excerpt":{"rendered":"<p>Diego G\u00f3mez: \u00abEste projecte \u00e9s essencial per facilitar que la ciutadania es puga moure per una xarxa que unix tota la comarca\u00bb La Conselleria Pol\u00edtica territorial, Obres P\u00fabliques i Mobilitat ha comunicat a l&#8217;Ajuntament d&#8217;Alzira l&#8217;acceptaci\u00f3 d&#8217;este itinerari ciclista que unix Alzira i Algemes\u00ed mitjan\u00e7ant la construcci\u00f3 del carril bici des de la redona del &hellip; <\/p>\n<p class=\"link-more\"><a href=\"https:\/\/alzira.es\/es\/np-carril-bici-alzira-algemesi-2\/\" class=\"more-link\">Continuar leyendo<span class=\"screen-reader-text\"> \u00abLlum verda a la connexi\u00f3 Alzira-Algemes\u00ed amb carril bici\u00bb<\/span><\/a><\/p>\n","protected":false},"author":29,"featured_media":49904,"comment_status":"","ping_status":"","sticky":false,"template":"","format":"standard","meta":{"_acf_changed":false,"footnotes":""},"categories":[],"tags":[],"class_list":["post-49914","post","type-post","status-publish","format-standard","has-post-thumbnail","hentry"],"acf":[],"_links":{"self":[{"href":"https:\/\/alzira.es\/es\/wp-json\/wp\/v2\/posts\/49914","targetHints":{"allow":["GET"]}}],"collection":[{"href":"https:\/\/alzira.es\/es\/wp-json\/wp\/v2\/posts"}],"about":[{"href":"https:\/\/alzira.es\/es\/wp-json\/wp\/v2\/types\/post"}],"author":[{"embeddable":true,"href":"https:\/\/alzira.es\/es\/wp-json\/wp\/v2\/users\/29"}],"replies":[{"embeddable":true,"href":"https:\/\/alzira.es\/es\/wp-json\/wp\/v2\/comments?post=49914"}],"version-history":[{"count":0,"href":"https:\/\/alzira.es\/es\/wp-json\/wp\/v2\/posts\/49914\/revisions"}],"wp:featuredmedia":[{"embeddable":true,"href":"https:\/\/alzira.es\/es\/wp-json\/wp\/v2\/media\/49904"}],"wp:attachment":[{"href":"https:\/\/alzira.es\/es\/wp-json\/wp\/v2\/media?parent=49914"}],"wp:term":[{"taxonomy":"category","embeddable":true,"href":"https:\/\/alzira.es\/es\/wp-json\/wp\/v2\/categories?post=49914"},{"taxonomy":"post_tag","embeddable":true,"href":"https:\/\/alzira.es\/es\/wp-json\/wp\/v2\/tags?post=49914"}],"curies":[{"name":"wp","href":"https:\/\/api.w.org\/{rel}","templated":true}]}}