{"id":49912,"date":"2020-06-02T14:39:29","date_gmt":"2020-06-02T12:39:29","guid":{"rendered":"https:\/\/alzira.es\/np-carril-bici-alzira-algemesi\/"},"modified":"2020-06-02T14:39:29","modified_gmt":"2020-06-02T12:39:29","slug":"np-carril-bici-alzira-algemesi","status":"publish","type":"post","link":"https:\/\/alzira.es\/es\/np-carril-bici-alzira-algemesi\/","title":{"rendered":"Luz verde a la conexi\u00f3n Alzira-Algemes\u00ed con carril bici"},"content":{"rendered":"<p style=\"text-align: justify;\"><strong>Diego G\u00f3mez<\/strong>:<em> \u00abEste proyecto es esencial para facilitar que la ciudadan\u00eda se pueda mover por una red que une toda la comarca\u00bb<\/em><\/p>\n<p>La Conseller\u00eda Pol\u00edtica territorial, Obras P\u00fablicas y Movilidad ha comunicado en el Ayuntamiento de Alzira la aceptaci\u00f3n de este itinerario ciclista que une Alzira y Algemes\u00ed mediante la construcci\u00f3n del carril bici desde la redonda del mercado de Alcances.<\/p>\n<p>El alcalde de Alzira, <strong>Diego G\u00f3mez<\/strong>, ha manifestado al respeto <em>\u00abLlevamos a\u00f1os trabajando por la mejora de la movilidad sostenible. Este proyecto es esencial para facilitar que la ciudadan\u00eda se pueda mover por una red que despacio unir\u00e1 toda la comarca\u00bb<\/em><\/p>\n<p>El inicio de las obras por parte de la Generalitat plantea una primera actuaci\u00f3n a la redonda del mercat d&#8217;Abastos, a continuaci\u00f3n del carril bici que ya existe desde el parque de Educaci\u00f3n Vial y en direcci\u00f3n a Algemes\u00ed. En un segundo tramo continuar\u00e1 por la CV 42 salvo el R\u00edo Verde y finalmente conectar\u00e1 con la v\u00eda de servicio del Pol\u00edgono Industrial de la ITV hasta Algemes\u00ed. Por otro lado tambi\u00e9n est\u00e1 prevista una conexi\u00f3n en direcci\u00f3n a Guadassuar por el pol\u00edgono del Plan.<\/p>\n<p>Por su parte el regidor de Medio Ambiente, <strong>Pep Carreres<\/strong> se ha mostrado satisfecho para ver el inicio de este proyecto que supone una reivindicaci\u00f3n de este gobierno desde sus inicios. <em>\u00abCon el inicio de este tramo del carril bici se da respuesta al trabajo coordinado de los ayuntamientos de Alzira, Algemes\u00ed y Guadassuar\u00bb<\/em><\/p>\n<p>El proyecto incluye la dotaci\u00f3n de alumbrado en todos los cruces, la remodelaci\u00f3n del entronque de la CV43 con la redonda as\u00ed como con los caminos agr\u00edcolas.<\/p>\n<p style=\"text-align: center;\"><a class=\"jcepopup\" href=\"https:\/\/alzira.es\/wp-content\/uploads\/2020\/06\/CV42-CB-02-PLANTA-V3_Pagina_1.jpg\" target=\"_blank\" rel=\"noopener\"><img fetchpriority=\"high\" decoding=\"async\" class=\" size-full wp-image-49904\" src=\"https:\/\/alzira.es\/wp-content\/uploads\/2020\/06\/CV42-CB-02-PLANTA-V3_Pagina_1.jpg\" alt=\"CV42-CB-02-PLANTA-V3 P\u00e1gina 1\" width=\"600\" height=\"412\" srcset=\"https:\/\/alzira.es\/wp-content\/uploads\/2020\/06\/CV42-CB-02-PLANTA-V3_Pagina_1.jpg 2395w, https:\/\/alzira.es\/wp-content\/uploads\/2020\/06\/CV42-CB-02-PLANTA-V3_Pagina_1-680x467.jpg 680w, https:\/\/alzira.es\/wp-content\/uploads\/2020\/06\/CV42-CB-02-PLANTA-V3_Pagina_1-1430x982.jpg 1430w, https:\/\/alzira.es\/wp-content\/uploads\/2020\/06\/CV42-CB-02-PLANTA-V3_Pagina_1-768x527.jpg 768w, https:\/\/alzira.es\/wp-content\/uploads\/2020\/06\/CV42-CB-02-PLANTA-V3_Pagina_1-1536x1054.jpg 1536w, https:\/\/alzira.es\/wp-content\/uploads\/2020\/06\/CV42-CB-02-PLANTA-V3_Pagina_1-2048x1406.jpg 2048w\" sizes=\"(max-width: 600px) 100vw, 600px\" \/><\/a>&nbsp;<a class=\"jcepopup\" style=\"text-align: center;\" type=\"image\" href=\"https:\/\/alzira.es\/wp-content\/uploads\/2020\/06\/CV42-CB-02-PLANTA-V3_Pagina_2.jpg\" target=\"_blank\" rel=\"noopener\"><img decoding=\"async\" class=\"size-full wp-image-49906 lazyload\" data-src=\"https:\/\/alzira.es\/wp-content\/uploads\/2020\/06\/CV42-CB-02-PLANTA-V3_Pagina_2.jpg\" alt=\"CV42-CB-02-PLANTA-V3 P\u00e1gina 2\" width=\"600\" height=\"412\" data-srcset=\"https:\/\/alzira.es\/wp-content\/uploads\/2020\/06\/CV42-CB-02-PLANTA-V3_Pagina_2.jpg 2377w, https:\/\/alzira.es\/wp-content\/uploads\/2020\/06\/CV42-CB-02-PLANTA-V3_Pagina_2-680x467.jpg 680w, https:\/\/alzira.es\/wp-content\/uploads\/2020\/06\/CV42-CB-02-PLANTA-V3_Pagina_2-1430x982.jpg 1430w, https:\/\/alzira.es\/wp-content\/uploads\/2020\/06\/CV42-CB-02-PLANTA-V3_Pagina_2-768x527.jpg 768w, https:\/\/alzira.es\/wp-content\/uploads\/2020\/06\/CV42-CB-02-PLANTA-V3_Pagina_2-1536x1055.jpg 1536w, https:\/\/alzira.es\/wp-content\/uploads\/2020\/06\/CV42-CB-02-PLANTA-V3_Pagina_2-2048x1406.jpg 2048w\" data-sizes=\"(max-width: 600px) 100vw, 600px\" src=\"data:image\/svg+xml;base64,PHN2ZyB3aWR0aD0iMSIgaGVpZ2h0PSIxIiB4bWxucz0iaHR0cDovL3d3dy53My5vcmcvMjAwMC9zdmciPjwvc3ZnPg==\" style=\"--smush-placeholder-width: 600px; --smush-placeholder-aspect-ratio: 600\/412;\" \/><\/a>&nbsp;<a class=\"jcepopup\" style=\"text-align: center;\" type=\"image\" href=\"https:\/\/alzira.es\/wp-content\/uploads\/2020\/06\/CV42-CB-02-PLANTA-V3_Pagina_3.jpg\" target=\"_blank\" rel=\"noopener\"><img decoding=\"async\" class=\"size-full wp-image-49908 lazyload\" data-src=\"https:\/\/alzira.es\/wp-content\/uploads\/2020\/06\/CV42-CB-02-PLANTA-V3_Pagina_3.jpg\" alt=\"CV42-CB-02-PLANTA-V3 P\u00e1gina 3\" width=\"600\" height=\"410\" src=\"data:image\/svg+xml;base64,PHN2ZyB3aWR0aD0iMSIgaGVpZ2h0PSIxIiB4bWxucz0iaHR0cDovL3d3dy53My5vcmcvMjAwMC9zdmciPjwvc3ZnPg==\" style=\"--smush-placeholder-width: 600px; --smush-placeholder-aspect-ratio: 600\/410;\" \/><\/a>&nbsp;<a class=\"jcepopup\" style=\"text-align: center;\" type=\"image\" href=\"https:\/\/alzira.es\/wp-content\/uploads\/2020\/06\/CV42-CB-02-PLANTA-V3_Pagina_4.jpg\" target=\"_blank\" rel=\"noopener\"><img decoding=\"async\" class=\"size-full wp-image-49910 lazyload\" data-src=\"https:\/\/alzira.es\/wp-content\/uploads\/2020\/06\/CV42-CB-02-PLANTA-V3_Pagina_4.jpg\" alt=\"CV42-CB-02-PLANTA-V3 P\u00e1gina 4\" width=\"600\" height=\"415\" src=\"data:image\/svg+xml;base64,PHN2ZyB3aWR0aD0iMSIgaGVpZ2h0PSIxIiB4bWxucz0iaHR0cDovL3d3dy53My5vcmcvMjAwMC9zdmciPjwvc3ZnPg==\" style=\"--smush-placeholder-width: 600px; --smush-placeholder-aspect-ratio: 600\/415;\" \/><\/a><\/p>\n","protected":false},"excerpt":{"rendered":"<p>Diego G\u00f3mez: \u00abEste proyecto es esencial para facilitar que la ciudadan\u00eda se pueda mover por una red que une toda la comarca\u00bb La Conseller\u00eda Pol\u00edtica territorial, Obras P\u00fablicas y Movilidad ha comunicado en el Ayuntamiento de Alzira la aceptaci\u00f3n de este itinerario ciclista que une Alzira y Algemes\u00ed mediante la construcci\u00f3n del carril bici desde &hellip; <\/p>\n<p class=\"link-more\"><a href=\"https:\/\/alzira.es\/es\/np-carril-bici-alzira-algemesi\/\" class=\"more-link\">Continuar leyendo<span class=\"screen-reader-text\"> \u00abLuz verde a la conexi\u00f3n Alzira-Algemes\u00ed con carril bici\u00bb<\/span><\/a><\/p>\n","protected":false},"author":29,"featured_media":49904,"comment_status":"","ping_status":"","sticky":false,"template":"","format":"standard","meta":{"_acf_changed":false,"footnotes":""},"categories":[4936],"tags":[],"class_list":["post-49912","post","type-post","status-publish","format-standard","has-post-thumbnail","hentry","category-hemeroteca-es"],"acf":[],"_links":{"self":[{"href":"https:\/\/alzira.es\/es\/wp-json\/wp\/v2\/posts\/49912","targetHints":{"allow":["GET"]}}],"collection":[{"href":"https:\/\/alzira.es\/es\/wp-json\/wp\/v2\/posts"}],"about":[{"href":"https:\/\/alzira.es\/es\/wp-json\/wp\/v2\/types\/post"}],"author":[{"embeddable":true,"href":"https:\/\/alzira.es\/es\/wp-json\/wp\/v2\/users\/29"}],"replies":[{"embeddable":true,"href":"https:\/\/alzira.es\/es\/wp-json\/wp\/v2\/comments?post=49912"}],"version-history":[{"count":0,"href":"https:\/\/alzira.es\/es\/wp-json\/wp\/v2\/posts\/49912\/revisions"}],"wp:featuredmedia":[{"embeddable":true,"href":"https:\/\/alzira.es\/es\/wp-json\/wp\/v2\/media\/49904"}],"wp:attachment":[{"href":"https:\/\/alzira.es\/es\/wp-json\/wp\/v2\/media?parent=49912"}],"wp:term":[{"taxonomy":"category","embeddable":true,"href":"https:\/\/alzira.es\/es\/wp-json\/wp\/v2\/categories?post=49912"},{"taxonomy":"post_tag","embeddable":true,"href":"https:\/\/alzira.es\/es\/wp-json\/wp\/v2\/tags?post=49912"}],"curies":[{"name":"wp","href":"https:\/\/api.w.org\/{rel}","templated":true}]}}