{"id":49902,"date":"2020-06-02T13:35:29","date_gmt":"2020-06-02T11:35:29","guid":{"rendered":"https:\/\/alzira.es\/sainets-valencians-pertanyents-a-vicente-aledon-2\/"},"modified":"2020-06-02T13:35:29","modified_gmt":"2020-06-02T11:35:29","slug":"sainets-valencians-pertanyents-a-vicente-aledon-2","status":"publish","type":"post","link":"https:\/\/alzira.es\/es\/sainets-valencians-pertanyents-a-vicente-aledon-2\/","title":{"rendered":"La fam\u00edlia Aled\u00f3n cedix al MUMA 300 obres de teatre i sainets valencians pertanyents a Vicente Aled\u00f3n"},"content":{"rendered":"<p style=\"text-align: justify;\"><strong>El MUMA<\/strong>, Museu Municipal d&#8217;Alzira, <strong>alberga bona part del passat del ve\u00efnat de la nostra ciutat<\/strong>, troballes com monedes, pitxers, panells cer\u00e0mics etc.; quadres de pintors locals destacant a Teodoro Andreu, que disposa d&#8217;una sala exclusiva per tal de mostrar la seua obra; i tamb\u00e9 importants documents que ens ajuden a entendre de quina manera vivien, pensaven i s&#8217;entretenien els nostres avantpassats.<\/p>\n<p style=\"text-align: justify;\">Hui la regidora de Patrimoni Cultural, <strong>Isabel Aguilar<\/strong>, junt al director del MUMA, <strong>Agust\u00ed Ferrer<\/strong>, <span style=\"text-decoration: underline;\">han rebut de mans de la fam\u00edlia Aled\u00f3n 300 obres de teatre i sainets valencians que pertanyien a Vicente Aled\u00f3n<\/span> i que, el seu fill, Joaqu\u00edn s&#8217;ha encarregat de classificar i datar. <span style=\"text-decoration: underline;\">En<\/span> l&#8217;any <span style=\"text-decoration: underline;\">2006 ja van ser cedides 700 obres que sumades a l&#8217;entrega de hui passen a ser 1.000 les peces que es custodien al museu<\/span>, totes elles pertanyents a un home que, encara que va n\u00e0ixer a Corbera, va passar la seua vida a Alzira.<\/p>\n<p style=\"text-align: justify;\">A l&#8217;acte han assistit els familiars m\u00e9s directes de Vicente Aled\u00f3n que no han volgut perdre&#8217;s l&#8217;emotiu acte.<\/p>\n<p style=\"text-align: justify;\"><em>\u00abTot el que es cedit al museu \u00e9s benvingut, ja que aporta una nova vida a l&#8217;espai muse\u00edstic. Qualsevol donaci\u00f3 ens fa sentir-nos orgullosos del comportament dels nostres predecessors i ens ajuda a con\u00e9ixer millor i amb tot detall els costums i manera d&#8217;entendre altres \u00e8poques, que a la fi s\u00f3n les que ens han portat fins on ens trobem hui\u00bb<\/em>, ha assenyalat la regidora.<\/p>\n<p style=\"text-align: center;\"><a class=\"jcepopup\" href=\"https:\/\/alzira.es\/wp-content\/uploads\/2020\/06\/Vicente_Aledon_20200602_111016.jpg\" target=\"_blank\" rel=\"noopener\"><img fetchpriority=\"high\" decoding=\"async\" class=\" size-full wp-image-49886\" src=\"https:\/\/alzira.es\/wp-content\/uploads\/2020\/06\/Vicente_Aledon_20200602_111016.jpg\" alt=\"Vicente Aled\u00f3n 20200602 111016\" width=\"600\" height=\"270\" srcset=\"https:\/\/alzira.es\/wp-content\/uploads\/2020\/06\/Vicente_Aledon_20200602_111016.jpg 2016w, https:\/\/alzira.es\/wp-content\/uploads\/2020\/06\/Vicente_Aledon_20200602_111016-680x306.jpg 680w, https:\/\/alzira.es\/wp-content\/uploads\/2020\/06\/Vicente_Aledon_20200602_111016-1430x644.jpg 1430w, https:\/\/alzira.es\/wp-content\/uploads\/2020\/06\/Vicente_Aledon_20200602_111016-768x346.jpg 768w, https:\/\/alzira.es\/wp-content\/uploads\/2020\/06\/Vicente_Aledon_20200602_111016-1536x692.jpg 1536w\" sizes=\"(max-width: 600px) 100vw, 600px\" \/><\/a>&nbsp;<a class=\"jcepopup\" style=\"text-align: center;\" type=\"image\" href=\"https:\/\/alzira.es\/wp-content\/uploads\/2020\/06\/Vicente_Aledon_20200602_111409.jpg\" target=\"_blank\" rel=\"noopener\"><img decoding=\"async\" class=\"size-full wp-image-49889 lazyload\" data-src=\"https:\/\/alzira.es\/wp-content\/uploads\/2020\/06\/Vicente_Aledon_20200602_111409.jpg\" alt=\"Vicente Aled\u00f3n 20200602 111409\" width=\"600\" height=\"270\" data-srcset=\"https:\/\/alzira.es\/wp-content\/uploads\/2020\/06\/Vicente_Aledon_20200602_111409.jpg 2016w, https:\/\/alzira.es\/wp-content\/uploads\/2020\/06\/Vicente_Aledon_20200602_111409-680x306.jpg 680w, https:\/\/alzira.es\/wp-content\/uploads\/2020\/06\/Vicente_Aledon_20200602_111409-1430x644.jpg 1430w, https:\/\/alzira.es\/wp-content\/uploads\/2020\/06\/Vicente_Aledon_20200602_111409-768x346.jpg 768w, https:\/\/alzira.es\/wp-content\/uploads\/2020\/06\/Vicente_Aledon_20200602_111409-1536x692.jpg 1536w\" data-sizes=\"(max-width: 600px) 100vw, 600px\" src=\"data:image\/svg+xml;base64,PHN2ZyB3aWR0aD0iMSIgaGVpZ2h0PSIxIiB4bWxucz0iaHR0cDovL3d3dy53My5vcmcvMjAwMC9zdmciPjwvc3ZnPg==\" style=\"--smush-placeholder-width: 600px; --smush-placeholder-aspect-ratio: 600\/270;\" \/><\/a>&nbsp;<a class=\"jcepopup\" style=\"text-align: center;\" type=\"image\" href=\"https:\/\/alzira.es\/wp-content\/uploads\/2020\/06\/Vicente_Aledon_20200602_112830.jpg\" target=\"_blank\" rel=\"noopener\"><img decoding=\"async\" class=\"size-full wp-image-49892 lazyload\" data-src=\"https:\/\/alzira.es\/wp-content\/uploads\/2020\/06\/Vicente_Aledon_20200602_112830.jpg\" alt=\"Vicente Aled\u00f3n 20200602 112830\" width=\"600\" height=\"270\" data-srcset=\"https:\/\/alzira.es\/wp-content\/uploads\/2020\/06\/Vicente_Aledon_20200602_112830.jpg 2016w, https:\/\/alzira.es\/wp-content\/uploads\/2020\/06\/Vicente_Aledon_20200602_112830-680x306.jpg 680w, https:\/\/alzira.es\/wp-content\/uploads\/2020\/06\/Vicente_Aledon_20200602_112830-1430x644.jpg 1430w, https:\/\/alzira.es\/wp-content\/uploads\/2020\/06\/Vicente_Aledon_20200602_112830-768x346.jpg 768w, https:\/\/alzira.es\/wp-content\/uploads\/2020\/06\/Vicente_Aledon_20200602_112830-1536x692.jpg 1536w\" data-sizes=\"(max-width: 600px) 100vw, 600px\" src=\"data:image\/svg+xml;base64,PHN2ZyB3aWR0aD0iMSIgaGVpZ2h0PSIxIiB4bWxucz0iaHR0cDovL3d3dy53My5vcmcvMjAwMC9zdmciPjwvc3ZnPg==\" style=\"--smush-placeholder-width: 600px; --smush-placeholder-aspect-ratio: 600\/270;\" \/><\/a>&nbsp;<a class=\"jcepopup\" style=\"text-align: center;\" type=\"image\" href=\"https:\/\/alzira.es\/wp-content\/uploads\/2020\/06\/Vicente_Aledon_20200602_112633.jpg\" target=\"_blank\" rel=\"noopener\"><img decoding=\"async\" class=\"size-full wp-image-49894 lazyload\" data-src=\"https:\/\/alzira.es\/wp-content\/uploads\/2020\/06\/Vicente_Aledon_20200602_112633.jpg\" alt=\"Vicente Aled\u00f3n 20200602 112633\" width=\"600\" height=\"270\" data-srcset=\"https:\/\/alzira.es\/wp-content\/uploads\/2020\/06\/Vicente_Aledon_20200602_112633.jpg 2016w, https:\/\/alzira.es\/wp-content\/uploads\/2020\/06\/Vicente_Aledon_20200602_112633-680x306.jpg 680w, https:\/\/alzira.es\/wp-content\/uploads\/2020\/06\/Vicente_Aledon_20200602_112633-1430x644.jpg 1430w, https:\/\/alzira.es\/wp-content\/uploads\/2020\/06\/Vicente_Aledon_20200602_112633-768x346.jpg 768w, https:\/\/alzira.es\/wp-content\/uploads\/2020\/06\/Vicente_Aledon_20200602_112633-1536x692.jpg 1536w\" data-sizes=\"(max-width: 600px) 100vw, 600px\" src=\"data:image\/svg+xml;base64,PHN2ZyB3aWR0aD0iMSIgaGVpZ2h0PSIxIiB4bWxucz0iaHR0cDovL3d3dy53My5vcmcvMjAwMC9zdmciPjwvc3ZnPg==\" style=\"--smush-placeholder-width: 600px; --smush-placeholder-aspect-ratio: 600\/270;\" \/><\/a>&nbsp;<a class=\"jcepopup\" href=\"https:\/\/alzira.es\/wp-content\/uploads\/2020\/06\/Vicente_Aledon_20200602_112548.jpg\" target=\"_blank\" rel=\"noopener\"><img decoding=\"async\" class=\"size-full wp-image-49897 lazyload\" data-src=\"https:\/\/alzira.es\/wp-content\/uploads\/2020\/06\/Vicente_Aledon_20200602_112548.jpg\" alt=\"Vicente Aled\u00f3n 20200602 112548\" width=\"1200\" height=\"510\" data-srcset=\"https:\/\/alzira.es\/wp-content\/uploads\/2020\/06\/Vicente_Aledon_20200602_112548.jpg 1827w, https:\/\/alzira.es\/wp-content\/uploads\/2020\/06\/Vicente_Aledon_20200602_112548-680x289.jpg 680w, https:\/\/alzira.es\/wp-content\/uploads\/2020\/06\/Vicente_Aledon_20200602_112548-1430x608.jpg 1430w, https:\/\/alzira.es\/wp-content\/uploads\/2020\/06\/Vicente_Aledon_20200602_112548-768x327.jpg 768w, https:\/\/alzira.es\/wp-content\/uploads\/2020\/06\/Vicente_Aledon_20200602_112548-1536x653.jpg 1536w\" data-sizes=\"(max-width: 706px) 89vw, (max-width: 767px) 82vw, 740px\" src=\"data:image\/svg+xml;base64,PHN2ZyB3aWR0aD0iMSIgaGVpZ2h0PSIxIiB4bWxucz0iaHR0cDovL3d3dy53My5vcmcvMjAwMC9zdmciPjwvc3ZnPg==\" style=\"--smush-placeholder-width: 1200px; --smush-placeholder-aspect-ratio: 1200\/510;\" \/><\/a><\/p>\n","protected":false},"excerpt":{"rendered":"<p>El MUMA, Museu Municipal d&#8217;Alzira, alberga bona part del passat del ve\u00efnat de la nostra ciutat, troballes com monedes, pitxers, panells cer\u00e0mics etc.; quadres de pintors locals destacant a Teodoro Andreu, que disposa d&#8217;una sala exclusiva per tal de mostrar la seua obra; i tamb\u00e9 importants documents que ens ajuden a entendre de quina manera &hellip; <\/p>\n<p class=\"link-more\"><a href=\"https:\/\/alzira.es\/es\/sainets-valencians-pertanyents-a-vicente-aledon-2\/\" class=\"more-link\">Continuar leyendo<span class=\"screen-reader-text\"> \u00abLa fam\u00edlia Aled\u00f3n cedix al MUMA 300 obres de teatre i sainets valencians pertanyents a Vicente Aled\u00f3n\u00bb<\/span><\/a><\/p>\n","protected":false},"author":29,"featured_media":49886,"comment_status":"","ping_status":"","sticky":false,"template":"","format":"standard","meta":{"_acf_changed":false,"footnotes":""},"categories":[],"tags":[],"class_list":["post-49902","post","type-post","status-publish","format-standard","has-post-thumbnail","hentry"],"acf":[],"_links":{"self":[{"href":"https:\/\/alzira.es\/es\/wp-json\/wp\/v2\/posts\/49902","targetHints":{"allow":["GET"]}}],"collection":[{"href":"https:\/\/alzira.es\/es\/wp-json\/wp\/v2\/posts"}],"about":[{"href":"https:\/\/alzira.es\/es\/wp-json\/wp\/v2\/types\/post"}],"author":[{"embeddable":true,"href":"https:\/\/alzira.es\/es\/wp-json\/wp\/v2\/users\/29"}],"replies":[{"embeddable":true,"href":"https:\/\/alzira.es\/es\/wp-json\/wp\/v2\/comments?post=49902"}],"version-history":[{"count":0,"href":"https:\/\/alzira.es\/es\/wp-json\/wp\/v2\/posts\/49902\/revisions"}],"wp:featuredmedia":[{"embeddable":true,"href":"https:\/\/alzira.es\/es\/wp-json\/wp\/v2\/media\/49886"}],"wp:attachment":[{"href":"https:\/\/alzira.es\/es\/wp-json\/wp\/v2\/media?parent=49902"}],"wp:term":[{"taxonomy":"category","embeddable":true,"href":"https:\/\/alzira.es\/es\/wp-json\/wp\/v2\/categories?post=49902"},{"taxonomy":"post_tag","embeddable":true,"href":"https:\/\/alzira.es\/es\/wp-json\/wp\/v2\/tags?post=49902"}],"curies":[{"name":"wp","href":"https:\/\/api.w.org\/{rel}","templated":true}]}}