{"id":49899,"date":"2020-06-02T13:35:29","date_gmt":"2020-06-02T11:35:29","guid":{"rendered":"https:\/\/alzira.es\/sainets-valencians-pertanyents-a-vicente-aledon\/"},"modified":"2020-06-02T13:35:29","modified_gmt":"2020-06-02T11:35:29","slug":"sainets-valencians-pertanyents-a-vicente-aledon","status":"publish","type":"post","link":"https:\/\/alzira.es\/es\/sainets-valencians-pertanyents-a-vicente-aledon\/","title":{"rendered":"La familia Aled\u00f3n cede al MUMA 300 obras de teatro y sainetes valencianos pertenecientes a Vicente Aled\u00f3n"},"content":{"rendered":"<p style=\"text-align: justify;\"><strong>El MUMA<\/strong>, Museo Municipal de Alzira, <strong>alberga buena parte del pasado del vecindario de nuestra ciudad<\/strong>, hallazgos como monedas, jarras, paneles cer\u00e1micos etc.; cuadros de pintores locales destacando a Teodoro Andreu, que dispone de una sala exclusiva para mostrar su obra; y tambi\u00e9n importantes documentos que nos ayudan a entender de qu\u00e9 manera viv\u00edan, pensaban y se entreten\u00edan nuestros antepasados.<\/p>\n<p>Hoy la regidora de Patrimonio Cultural, <strong>Isabel Aguilar<\/strong>, junto al director del MUMA, <strong>Agust\u00ed Ferrer<\/strong>, <span style=\"text-decoration: underline;\">han recibido de manos de la familia Aled\u00f3n 300 obras de teatro y sainetes valencianos que pertenec\u00edan a Vicente Aled\u00f3n<\/span> y que, su hijo, Joaqu\u00edn se ha encargado de clasificar y datar. <span style=\"text-decoration: underline;\">En el<\/span> a\u00f1o <span style=\"text-decoration: underline;\">2006 ya fueron cedidas 700 obras que sumadas a la entrega de hoy pasan a ser 1.000 las piezas que se custodian al museo<\/span>, todas ellas pertenecientes a un hombre que, aunque naci\u00f3 a Corbera, pas\u00f3 su vida a Alzira.<\/p>\n<p>Al acto han asistido los familiares m\u00e1s directos de Vicente Aled\u00f3n que no han querido perderse el emotivo acto.<\/p>\n<p><em>\u00abTodo lo que sea cedido al museo es bienvenido, puesto que aporta una nueva vida en el espacio muse\u00edstico. Cualquier donaci\u00f3n nos hace sentirnos orgullosos del comportamiento de nuestros predecesores y nos ayuda a conocer mejor y con todo detalle las costumbres y manera de entender otras \u00e9pocas, que al fin son las que nos han llevado hasta donde nos encontramos hoy\u00bb<\/em>, ha se\u00f1alado la regidora.<\/p>\n<p style=\"text-align: center;\"><a class=\"jcepopup\" href=\"https:\/\/alzira.es\/wp-content\/uploads\/2020\/06\/Vicente_Aledon_20200602_111016.jpg\" target=\"_blank\" rel=\"noopener\"><img fetchpriority=\"high\" decoding=\"async\" class=\" size-full wp-image-49886\" src=\"https:\/\/alzira.es\/wp-content\/uploads\/2020\/06\/Vicente_Aledon_20200602_111016.jpg\" alt=\"Vicente Aled\u00f3n 20200602 111016\" width=\"600\" height=\"270\" srcset=\"https:\/\/alzira.es\/wp-content\/uploads\/2020\/06\/Vicente_Aledon_20200602_111016.jpg 2016w, https:\/\/alzira.es\/wp-content\/uploads\/2020\/06\/Vicente_Aledon_20200602_111016-680x306.jpg 680w, https:\/\/alzira.es\/wp-content\/uploads\/2020\/06\/Vicente_Aledon_20200602_111016-1430x644.jpg 1430w, https:\/\/alzira.es\/wp-content\/uploads\/2020\/06\/Vicente_Aledon_20200602_111016-768x346.jpg 768w, https:\/\/alzira.es\/wp-content\/uploads\/2020\/06\/Vicente_Aledon_20200602_111016-1536x692.jpg 1536w\" sizes=\"(max-width: 600px) 100vw, 600px\" \/><\/a>&nbsp;<a class=\"jcepopup\" style=\"text-align: center;\" type=\"image\" href=\"https:\/\/alzira.es\/wp-content\/uploads\/2020\/06\/Vicente_Aledon_20200602_111409.jpg\" target=\"_blank\" rel=\"noopener\"><img decoding=\"async\" class=\"size-full wp-image-49889 lazyload\" data-src=\"https:\/\/alzira.es\/wp-content\/uploads\/2020\/06\/Vicente_Aledon_20200602_111409.jpg\" alt=\"Vicente Aled\u00f3n 20200602 111409\" width=\"600\" height=\"270\" data-srcset=\"https:\/\/alzira.es\/wp-content\/uploads\/2020\/06\/Vicente_Aledon_20200602_111409.jpg 2016w, https:\/\/alzira.es\/wp-content\/uploads\/2020\/06\/Vicente_Aledon_20200602_111409-680x306.jpg 680w, https:\/\/alzira.es\/wp-content\/uploads\/2020\/06\/Vicente_Aledon_20200602_111409-1430x644.jpg 1430w, https:\/\/alzira.es\/wp-content\/uploads\/2020\/06\/Vicente_Aledon_20200602_111409-768x346.jpg 768w, https:\/\/alzira.es\/wp-content\/uploads\/2020\/06\/Vicente_Aledon_20200602_111409-1536x692.jpg 1536w\" data-sizes=\"(max-width: 600px) 100vw, 600px\" src=\"data:image\/svg+xml;base64,PHN2ZyB3aWR0aD0iMSIgaGVpZ2h0PSIxIiB4bWxucz0iaHR0cDovL3d3dy53My5vcmcvMjAwMC9zdmciPjwvc3ZnPg==\" style=\"--smush-placeholder-width: 600px; --smush-placeholder-aspect-ratio: 600\/270;\" \/><\/a>&nbsp;<a class=\"jcepopup\" style=\"text-align: center;\" type=\"image\" href=\"https:\/\/alzira.es\/wp-content\/uploads\/2020\/06\/Vicente_Aledon_20200602_112830.jpg\" target=\"_blank\" rel=\"noopener\"><img decoding=\"async\" class=\"size-full wp-image-49892 lazyload\" data-src=\"https:\/\/alzira.es\/wp-content\/uploads\/2020\/06\/Vicente_Aledon_20200602_112830.jpg\" alt=\"Vicente Aled\u00f3n 20200602 112830\" width=\"600\" height=\"270\" data-srcset=\"https:\/\/alzira.es\/wp-content\/uploads\/2020\/06\/Vicente_Aledon_20200602_112830.jpg 2016w, https:\/\/alzira.es\/wp-content\/uploads\/2020\/06\/Vicente_Aledon_20200602_112830-680x306.jpg 680w, https:\/\/alzira.es\/wp-content\/uploads\/2020\/06\/Vicente_Aledon_20200602_112830-1430x644.jpg 1430w, https:\/\/alzira.es\/wp-content\/uploads\/2020\/06\/Vicente_Aledon_20200602_112830-768x346.jpg 768w, https:\/\/alzira.es\/wp-content\/uploads\/2020\/06\/Vicente_Aledon_20200602_112830-1536x692.jpg 1536w\" data-sizes=\"(max-width: 600px) 100vw, 600px\" src=\"data:image\/svg+xml;base64,PHN2ZyB3aWR0aD0iMSIgaGVpZ2h0PSIxIiB4bWxucz0iaHR0cDovL3d3dy53My5vcmcvMjAwMC9zdmciPjwvc3ZnPg==\" style=\"--smush-placeholder-width: 600px; --smush-placeholder-aspect-ratio: 600\/270;\" \/><\/a>&nbsp;<a class=\"jcepopup\" style=\"text-align: center;\" type=\"image\" href=\"https:\/\/alzira.es\/wp-content\/uploads\/2020\/06\/Vicente_Aledon_20200602_112633.jpg\" target=\"_blank\" rel=\"noopener\"><img decoding=\"async\" class=\"size-full wp-image-49894 lazyload\" data-src=\"https:\/\/alzira.es\/wp-content\/uploads\/2020\/06\/Vicente_Aledon_20200602_112633.jpg\" alt=\"Vicente Aled\u00f3n 20200602 112633\" width=\"600\" height=\"270\" data-srcset=\"https:\/\/alzira.es\/wp-content\/uploads\/2020\/06\/Vicente_Aledon_20200602_112633.jpg 2016w, https:\/\/alzira.es\/wp-content\/uploads\/2020\/06\/Vicente_Aledon_20200602_112633-680x306.jpg 680w, https:\/\/alzira.es\/wp-content\/uploads\/2020\/06\/Vicente_Aledon_20200602_112633-1430x644.jpg 1430w, https:\/\/alzira.es\/wp-content\/uploads\/2020\/06\/Vicente_Aledon_20200602_112633-768x346.jpg 768w, https:\/\/alzira.es\/wp-content\/uploads\/2020\/06\/Vicente_Aledon_20200602_112633-1536x692.jpg 1536w\" data-sizes=\"(max-width: 600px) 100vw, 600px\" src=\"data:image\/svg+xml;base64,PHN2ZyB3aWR0aD0iMSIgaGVpZ2h0PSIxIiB4bWxucz0iaHR0cDovL3d3dy53My5vcmcvMjAwMC9zdmciPjwvc3ZnPg==\" style=\"--smush-placeholder-width: 600px; --smush-placeholder-aspect-ratio: 600\/270;\" \/><\/a>&nbsp;<a class=\"jcepopup\" href=\"https:\/\/alzira.es\/wp-content\/uploads\/2020\/06\/Vicente_Aledon_20200602_112548.jpg\" target=\"_blank\" rel=\"noopener\"><img decoding=\"async\" class=\"size-full wp-image-49897 lazyload\" data-src=\"https:\/\/alzira.es\/wp-content\/uploads\/2020\/06\/Vicente_Aledon_20200602_112548.jpg\" alt=\"Vicente Aled\u00f3n 20200602 112548\" width=\"1200\" height=\"510\" data-srcset=\"https:\/\/alzira.es\/wp-content\/uploads\/2020\/06\/Vicente_Aledon_20200602_112548.jpg 1827w, https:\/\/alzira.es\/wp-content\/uploads\/2020\/06\/Vicente_Aledon_20200602_112548-680x289.jpg 680w, https:\/\/alzira.es\/wp-content\/uploads\/2020\/06\/Vicente_Aledon_20200602_112548-1430x608.jpg 1430w, https:\/\/alzira.es\/wp-content\/uploads\/2020\/06\/Vicente_Aledon_20200602_112548-768x327.jpg 768w, https:\/\/alzira.es\/wp-content\/uploads\/2020\/06\/Vicente_Aledon_20200602_112548-1536x653.jpg 1536w\" data-sizes=\"(max-width: 706px) 89vw, (max-width: 767px) 82vw, 740px\" src=\"data:image\/svg+xml;base64,PHN2ZyB3aWR0aD0iMSIgaGVpZ2h0PSIxIiB4bWxucz0iaHR0cDovL3d3dy53My5vcmcvMjAwMC9zdmciPjwvc3ZnPg==\" style=\"--smush-placeholder-width: 1200px; --smush-placeholder-aspect-ratio: 1200\/510;\" \/><\/a><\/p>\n","protected":false},"excerpt":{"rendered":"<p>El MUMA, Museo Municipal de Alzira, alberga buena parte del pasado del vecindario de nuestra ciudad, hallazgos como monedas, jarras, paneles cer\u00e1micos etc.; cuadros de pintores locales destacando a Teodoro Andreu, que dispone de una sala exclusiva para mostrar su obra; y tambi\u00e9n importantes documentos que nos ayudan a entender de qu\u00e9 manera viv\u00edan, pensaban &hellip; <\/p>\n<p class=\"link-more\"><a href=\"https:\/\/alzira.es\/es\/sainets-valencians-pertanyents-a-vicente-aledon\/\" class=\"more-link\">Continuar leyendo<span class=\"screen-reader-text\"> \u00abLa familia Aled\u00f3n cede al MUMA 300 obras de teatro y sainetes valencianos pertenecientes a Vicente Aled\u00f3n\u00bb<\/span><\/a><\/p>\n","protected":false},"author":29,"featured_media":49886,"comment_status":"","ping_status":"","sticky":false,"template":"","format":"standard","meta":{"_acf_changed":false,"footnotes":""},"categories":[4936],"tags":[],"class_list":["post-49899","post","type-post","status-publish","format-standard","has-post-thumbnail","hentry","category-hemeroteca-es"],"acf":[],"_links":{"self":[{"href":"https:\/\/alzira.es\/es\/wp-json\/wp\/v2\/posts\/49899","targetHints":{"allow":["GET"]}}],"collection":[{"href":"https:\/\/alzira.es\/es\/wp-json\/wp\/v2\/posts"}],"about":[{"href":"https:\/\/alzira.es\/es\/wp-json\/wp\/v2\/types\/post"}],"author":[{"embeddable":true,"href":"https:\/\/alzira.es\/es\/wp-json\/wp\/v2\/users\/29"}],"replies":[{"embeddable":true,"href":"https:\/\/alzira.es\/es\/wp-json\/wp\/v2\/comments?post=49899"}],"version-history":[{"count":0,"href":"https:\/\/alzira.es\/es\/wp-json\/wp\/v2\/posts\/49899\/revisions"}],"wp:featuredmedia":[{"embeddable":true,"href":"https:\/\/alzira.es\/es\/wp-json\/wp\/v2\/media\/49886"}],"wp:attachment":[{"href":"https:\/\/alzira.es\/es\/wp-json\/wp\/v2\/media?parent=49899"}],"wp:term":[{"taxonomy":"category","embeddable":true,"href":"https:\/\/alzira.es\/es\/wp-json\/wp\/v2\/categories?post=49899"},{"taxonomy":"post_tag","embeddable":true,"href":"https:\/\/alzira.es\/es\/wp-json\/wp\/v2\/tags?post=49899"}],"curies":[{"name":"wp","href":"https:\/\/api.w.org\/{rel}","templated":true}]}}