{"id":49884,"date":"2020-06-02T11:33:05","date_gmt":"2020-06-02T09:33:05","guid":{"rendered":"https:\/\/alzira.es\/np-programacio-cultural-2\/"},"modified":"2020-06-02T11:33:05","modified_gmt":"2020-06-02T09:33:05","slug":"np-programacio-cultural-2","status":"publish","type":"post","link":"https:\/\/alzira.es\/es\/np-programacio-cultural-2\/","title":{"rendered":"Alzira presenta una nova programaci\u00f3 cultural adaptada"},"content":{"rendered":"<p style=\"text-align: justify;\"><strong><em>\u2022 La Casa de la Cultura acull un dels primers espectacles amb p\u00fablic a la Comunitat<\/em><\/strong><\/p>\n<p style=\"text-align: justify;\">Sota el t\u00edtol Tornem, la cultura no s&#8217;atura, la Regidoria de Cultura presenta una programaci\u00f3 que busca reactivar l&#8217;oci i la cultura a la nostra ciutat amb una proposta que s&#8217;enceta amb 8 espectacles per al mes de juny i que continuar\u00e0 al juliol.<\/p>\n<p style=\"text-align: justify;\">La Casa de la Cultura d&#8217;Alzira ser\u00e0 la primera a acollir un espectacle cultural amb p\u00fablic tant dins del Circuit Cultural Valenci\u00e0, format per 80 ajuntaments de la prov\u00edncia, com de la mateixa Comunitat. Espectacles molt esperats per\u00f2 que cal portar a terme seguint les noves mesures de seguretat, amb un aforament limitat.<\/p>\n<p style=\"text-align: justify;\"><em>\u00abDes del departament s&#8217;ha treballat per a poder oferir opcions culturals per a tota la ciutadania, p\u00fablic infantil, dansa, m\u00fasica, teatre&#8230; Volem reactivar l&#8217;escena cultural i donar vida a un sector que ha vist com, malgrat haver estat molt presents en la primera part del confinament des de les seues cases, ara assistixen a una complicada situaci\u00f3 professional per la cancel\u00b7laci\u00f3 dels seus treballs\u00bb<\/em>, assegura el regidor de Cultura, <strong>Alfred Aranda<\/strong>.<\/p>\n<p style=\"text-align: justify;\">Entre les activitats programades es troba, <strong>M\u00fasica al Claustre<\/strong>, que tindr\u00e0 lloc a la Casa de la Cultura a les 19.30 hores amb 4 espectacles:<\/p>\n<p style=\"text-align: justify; margin-left: 30px;\">\u2022 Dissabte 6 \u00abLOVING ROSSINI\u00bb amb Paco Varoch, Olatz Ruiz, Salvador Bolon i Paco Lluch.<br \/>\u2022 Divendres 12 ONA NUA TRIO amb Josep P\u00e9rez, Xavi Alaman i Llu\u00eds Besa.<br \/>\u2022 Dissabte 13 DUO EVOCACI\u00d3 I RA\u00daL ARIAS amb Olha Viytiv, Hilario Segovia i Ra\u00fal Arias<br \/>\u2022 Diumenge 14 SPANISH BRASS presenta SPANISH BRASS (a) LIVE!!<\/p>\n<p>Per als m\u00e9s menuts el divendres dia 19 a les 18 h celebrarem al camp d&#8217;esports Ven\u00e8cia la festa de <strong>lliurament de premis<\/strong> dels concursos de \u00abCultura a Casa\u00bb, disseny de samarretes \u00abAnirem de festa\u00bb, dibuix \u00abLa finestra indiscreta\u00bb, redacci\u00f3 \u00abRelats des de la finestra\u00bb i \u00abQu\u00e8 far\u00e0s el primer dia que pugues tornar a la biblioteca\u00bb; i del NAN@FEST en l\u00ednia:<\/p>\n<p>L&#8217;acte estar\u00e0 condu\u00eft per Pupetes (Rosana Mira) i Cora (Patri Aranda), presentadores del nan@fest en l\u00ednia, i comptar\u00e0 amb l&#8217;actuaci\u00f3 de N\u00e0nets Band Rock. Per a accedir-hi caldr\u00e0 tindre invitaci\u00f3 (m\u00e9s informaci\u00f3: 962417407).<\/p>\n<p>Recuperem un any m\u00e9s la <strong>Mostra de Jazz-Swing<\/strong> des del Camp d&#8217;Esports de Ven\u00e8cia, amb dos actuacions:<\/p>\n<p style=\"margin-left: 30px;\">\u2022 Divendres, 19 a les 21.00 hores concert de LIMBOTHEQUE<br \/>\u2022 Dissabte 20, a les 20.00 hores concert de Las Vegas Jazz Band<\/p>\n<p>Per \u00faltim, el p\u00fablic infantil podr\u00e0 gaudir d&#8217;una nova proposta, <strong>Somriu als Balcons<\/strong>, el diumenge 21 a les 12.00 hores. Scura Produccions presenta LA MAR DE B, una activitat de carrer itinerant perqu\u00e8 els m\u00e9s menuts puguen disfrutar des de les seues finestres i balcons. S&#8217;anunciar\u00e0 l&#8217;itinerari pr\u00f2ximament.<\/p>\n<p>Es pot consultar el programa complet <a href=\"https:\/\/alzira.es\/wp-content\/uploads\/2020\/06\/tornem_JUNY_2020_-_cartell.pdf\" target=\"_blank\" rel=\"noopener\"><strong><span style=\"text-decoration: underline;\">ac\u00ed<\/span><\/strong><\/a><\/p>\n<p><strong>Venda d&#8217;entrades<\/strong><\/p>\n<p>Tots els espectacles tenen un preu de 3 \u20ac i 2 \u20ac (carnet jove i jubilats).<br \/>Cada persona pot adquirir un m\u00e0xim de 5 entrades.<br \/>Les entrades es posaran a la venda el dimarts i el dijous de la mateixa setmana de l&#8217;activitat, en la taquilla del Gran Teatre d&#8217;Alzira en horari de 19.30 a 21 hores.<br \/>En el moment de l&#8217;adquisici\u00f3 de l&#8217;entrada, s&#8217;assignar\u00e0 una cadira, que no es podr\u00e0 modificar en cap circumst\u00e0ncia.<br \/>Si el mateix dia de l&#8217;espectacle quedaren entrades disponibles, es posarien a la venda una hora abans en la taquilla del recinte.<br \/>Es podran sol\u00b7licitar els carnets corresponents, tant a l&#8217;entrada del Gran Teatre com a la Casa de la Cultura.<br \/>Els concerts es retransmetran a trav\u00e9s del canal de Facebook del Gran Teatre d&#8217;Alzira, des del dimarts al dijous seg\u00fcent de la seua realitzaci\u00f3.<\/p>\n<p><strong>Normativa (Covid-19):<\/strong><\/p>\n<p>Les cadires estan limitades i es disposaran segons ens marca la normativa vigent.<br \/>Per a assistir a qualsevol activitat necess\u00e0riament s&#8217;ha d&#8217;adquirir l&#8217;entrada corresponent.<br \/>S&#8217;assignar\u00e0 la cadira de manera personalitzada.<br \/>Tal com marca la normativa, \u00e9s obligatori l&#8217;\u00fas de mascareta.<br \/>L&#8217;acc\u00e9s al Claustre de la Casa de la Cultura \u00e9s per la porta principal, on hi haur\u00e0 un servidor de gel desinfectant per a fregar-se les mans.<br \/>Per accedir-hi cal guardar les dist\u00e0ncies de seguretat establides per la llei.<\/p>\n<p><strong>Circuit Cultural Valenci\u00e0<\/strong><\/p>\n<p>Alzira forma part del Circuit Cultural Valenci\u00e0, una xarxa de 80 municipis, ajuntaments i universitats, que treballa amb l&#8217;Institut Valenci\u00e0 de Cultura de la Generalitat Valenciana, el SARC de la Diputaci\u00f3 de Val\u00e8ncia i l&#8217;Acad\u00e8mia Valenciana de la Llengua.<\/p>\n<p style=\"text-align: center;\"><a href=\"https:\/\/alzira.es\/wp-content\/uploads\/2020\/06\/tornem_JUNY_2020_-_cartell.pdf\" target=\"_blank\" rel=\"noopener\"><img fetchpriority=\"high\" decoding=\"async\" width=\"1297\" height=\"1948\" class=\" size-full wp-image-49853\" src=\"https:\/\/alzira.es\/wp-content\/uploads\/2020\/06\/tornem_JUNY_2020_-_cartell.png\" alt=\"tornem JUNY 2020 - cartell\" srcset=\"https:\/\/alzira.es\/wp-content\/uploads\/2020\/06\/tornem_JUNY_2020_-_cartell.png 1297w, https:\/\/alzira.es\/wp-content\/uploads\/2020\/06\/tornem_JUNY_2020_-_cartell-340x510.png 340w, https:\/\/alzira.es\/wp-content\/uploads\/2020\/06\/tornem_JUNY_2020_-_cartell-714x1072.png 714w, https:\/\/alzira.es\/wp-content\/uploads\/2020\/06\/tornem_JUNY_2020_-_cartell-768x1153.png 768w, https:\/\/alzira.es\/wp-content\/uploads\/2020\/06\/tornem_JUNY_2020_-_cartell-1023x1536.png 1023w\" sizes=\"(max-width: 706px) 89vw, (max-width: 767px) 82vw, 740px\" \/><\/a><\/p>\n","protected":false},"excerpt":{"rendered":"<p>\u2022 La Casa de la Cultura acull un dels primers espectacles amb p\u00fablic a la Comunitat Sota el t\u00edtol Tornem, la cultura no s&#8217;atura, la Regidoria de Cultura presenta una programaci\u00f3 que busca reactivar l&#8217;oci i la cultura a la nostra ciutat amb una proposta que s&#8217;enceta amb 8 espectacles per al mes de juny &hellip; <\/p>\n<p class=\"link-more\"><a href=\"https:\/\/alzira.es\/es\/np-programacio-cultural-2\/\" class=\"more-link\">Continuar leyendo<span class=\"screen-reader-text\"> \u00abAlzira presenta una nova programaci\u00f3 cultural adaptada\u00bb<\/span><\/a><\/p>\n","protected":false},"author":29,"featured_media":0,"comment_status":"","ping_status":"","sticky":false,"template":"","format":"standard","meta":{"_acf_changed":false,"footnotes":""},"categories":[],"tags":[],"class_list":["post-49884","post","type-post","status-publish","format-standard","hentry"],"acf":[],"_links":{"self":[{"href":"https:\/\/alzira.es\/es\/wp-json\/wp\/v2\/posts\/49884","targetHints":{"allow":["GET"]}}],"collection":[{"href":"https:\/\/alzira.es\/es\/wp-json\/wp\/v2\/posts"}],"about":[{"href":"https:\/\/alzira.es\/es\/wp-json\/wp\/v2\/types\/post"}],"author":[{"embeddable":true,"href":"https:\/\/alzira.es\/es\/wp-json\/wp\/v2\/users\/29"}],"replies":[{"embeddable":true,"href":"https:\/\/alzira.es\/es\/wp-json\/wp\/v2\/comments?post=49884"}],"version-history":[{"count":0,"href":"https:\/\/alzira.es\/es\/wp-json\/wp\/v2\/posts\/49884\/revisions"}],"wp:attachment":[{"href":"https:\/\/alzira.es\/es\/wp-json\/wp\/v2\/media?parent=49884"}],"wp:term":[{"taxonomy":"category","embeddable":true,"href":"https:\/\/alzira.es\/es\/wp-json\/wp\/v2\/categories?post=49884"},{"taxonomy":"post_tag","embeddable":true,"href":"https:\/\/alzira.es\/es\/wp-json\/wp\/v2\/tags?post=49884"}],"curies":[{"name":"wp","href":"https:\/\/api.w.org\/{rel}","templated":true}]}}