{"id":49851,"date":"2020-06-01T18:00:00","date_gmt":"2020-06-01T16:00:00","guid":{"rendered":"https:\/\/alzira.es\/np-ora-2\/"},"modified":"2020-06-01T18:00:00","modified_gmt":"2020-06-01T16:00:00","slug":"np-ora-2","status":"publish","type":"post","link":"https:\/\/alzira.es\/es\/np-ora-2\/","title":{"rendered":"La zona blava estar\u00e0 activa a Alzira des del dimecres 3 de juny"},"content":{"rendered":"<p style=\"text-align: justify;\"><strong>Els parqu\u00edmetres de l&#8217;ORA tornen a funcionar el 3 de juny<\/strong>. La Regidoria de Serveis Urbans de l&#8217;Ajuntament d&#8217;Alzira reinicia des d&#8217;este pr\u00f2xim dimecres el servici d&#8217;estacionament regulat, conegut com a zona blava. Este \u00e9s un altre dels servicis que tornen a la normalitat despr\u00e9s de setmanes d&#8217;inactivitat pel decret de l&#8217;estat d&#8217;alarma; ara que passem a la fase 2 \u00e9s el moment d&#8217;anar restablint el dia a dia de la nostra ciutat.<\/p>\n<p style=\"text-align: justify;\">La represa de la zona blava permetr\u00e0 tamb\u00e9 disposar d&#8217;aparcaments en rotaci\u00f3 per facilitar l&#8217;estacionament als ve\u00efns d&#8217;Alzira perqu\u00e8 realitzen les seues compres, la qual cosa contribuir\u00e0 a fomentar el comer\u00e7 de proximitat i a reactivar la seua economia.<\/p>\n<p style=\"text-align: justify;\">Des de l&#8217;Ajuntament s&#8217;aconsella als usuaris que extremen les mesures de prevenci\u00f3 i seguretat en l&#8217;\u00fas dels teclats dels parqu\u00edmetres i es fa una crida a la responsabilitat perqu\u00e8 es complisca la normativa establida pel Govern i es respecten les recomanacions de les autoritats sanit\u00e0ries.<\/p>\n<p style=\"text-align: justify;\"><em>\u00abEls parqu\u00edmetres van deixar d&#8217;emetre tiquets el passat mes de mar\u00e7, des del moment en qu\u00e8 hagu\u00e9rem de confinar-nos a casa. Tant des de l&#8217;empresa concession\u00e0ria com des de la Regidoria s&#8217;ha acordat restablir l&#8217;activitat de la zona blava, hem considerat oport\u00fa esperar que aix\u00ed fora fins que ens trobarem en la fase 2 per tal d&#8217;aconseguir una desescalada progressiva i segura\u00bb<\/em>, segons <strong>Fernando Pascual<\/strong>, regidor de l&#8217;\u00e0rea.<\/p>\n<p style=\"text-align: center;\"><img fetchpriority=\"high\" decoding=\"async\" width=\"1068\" height=\"800\" class=\" size-full wp-image-49847\" src=\"https:\/\/alzira.es\/wp-content\/uploads\/2020\/06\/ORA.jpeg\" alt=\"ORA\" srcset=\"https:\/\/alzira.es\/wp-content\/uploads\/2020\/06\/ORA.jpeg 1068w, https:\/\/alzira.es\/wp-content\/uploads\/2020\/06\/ORA-680x510.jpeg 680w, https:\/\/alzira.es\/wp-content\/uploads\/2020\/06\/ORA-768x575.jpeg 768w\" sizes=\"(max-width: 706px) 89vw, (max-width: 767px) 82vw, 740px\" \/><\/p>\n","protected":false},"excerpt":{"rendered":"<p>Els parqu\u00edmetres de l&#8217;ORA tornen a funcionar el 3 de juny. La Regidoria de Serveis Urbans de l&#8217;Ajuntament d&#8217;Alzira reinicia des d&#8217;este pr\u00f2xim dimecres el servici d&#8217;estacionament regulat, conegut com a zona blava. Este \u00e9s un altre dels servicis que tornen a la normalitat despr\u00e9s de setmanes d&#8217;inactivitat pel decret de l&#8217;estat d&#8217;alarma; ara que &hellip; <\/p>\n<p class=\"link-more\"><a href=\"https:\/\/alzira.es\/es\/np-ora-2\/\" class=\"more-link\">Continuar leyendo<span class=\"screen-reader-text\"> \u00abLa zona blava estar\u00e0 activa a Alzira des del dimecres 3 de juny\u00bb<\/span><\/a><\/p>\n","protected":false},"author":29,"featured_media":49847,"comment_status":"","ping_status":"","sticky":false,"template":"","format":"standard","meta":{"_acf_changed":false,"footnotes":""},"categories":[],"tags":[],"class_list":["post-49851","post","type-post","status-publish","format-standard","has-post-thumbnail","hentry"],"acf":[],"_links":{"self":[{"href":"https:\/\/alzira.es\/es\/wp-json\/wp\/v2\/posts\/49851","targetHints":{"allow":["GET"]}}],"collection":[{"href":"https:\/\/alzira.es\/es\/wp-json\/wp\/v2\/posts"}],"about":[{"href":"https:\/\/alzira.es\/es\/wp-json\/wp\/v2\/types\/post"}],"author":[{"embeddable":true,"href":"https:\/\/alzira.es\/es\/wp-json\/wp\/v2\/users\/29"}],"replies":[{"embeddable":true,"href":"https:\/\/alzira.es\/es\/wp-json\/wp\/v2\/comments?post=49851"}],"version-history":[{"count":0,"href":"https:\/\/alzira.es\/es\/wp-json\/wp\/v2\/posts\/49851\/revisions"}],"wp:featuredmedia":[{"embeddable":true,"href":"https:\/\/alzira.es\/es\/wp-json\/wp\/v2\/media\/49847"}],"wp:attachment":[{"href":"https:\/\/alzira.es\/es\/wp-json\/wp\/v2\/media?parent=49851"}],"wp:term":[{"taxonomy":"category","embeddable":true,"href":"https:\/\/alzira.es\/es\/wp-json\/wp\/v2\/categories?post=49851"},{"taxonomy":"post_tag","embeddable":true,"href":"https:\/\/alzira.es\/es\/wp-json\/wp\/v2\/tags?post=49851"}],"curies":[{"name":"wp","href":"https:\/\/api.w.org\/{rel}","templated":true}]}}