{"id":49849,"date":"2020-06-01T18:00:00","date_gmt":"2020-06-01T16:00:00","guid":{"rendered":"https:\/\/alzira.es\/np-ora\/"},"modified":"2020-06-01T18:00:00","modified_gmt":"2020-06-01T16:00:00","slug":"np-ora","status":"publish","type":"post","link":"https:\/\/alzira.es\/es\/np-ora\/","title":{"rendered":"La zona azul estar\u00e1 activa a Alzira desde el mi\u00e9rcoles 3 de junio"},"content":{"rendered":"<p style=\"text-align: justify;\"><strong>Los parqu\u00edmetros de lo ORA vuelven a funcionar el 3 de junio<\/strong>. La Concejal\u00eda de Servicios Urbanos del Ayuntamiento de Alzira reinicia desde este pr\u00f3ximo mi\u00e9rcoles el servicio de estacionamiento regulado, conocido como zona azul. Este es otro de los servicios que vuelven a la normalidad despu\u00e9s de semanas de inactividad por el decreto del estado de alarma; ahora que pasamos a la fase 2 es el momento de ir restableciendo el d\u00eda a d\u00eda de nuestra ciudad.<\/p>\n<p>La reanudaci\u00f3n de la zona azul permitir\u00e1 tambi\u00e9n disponer de aparcamientos en rotaci\u00f3n para facilitar el estacionamiento a los vecinos de Alzira porque realizan sus compras, lo cual contribuir\u00e1 a fomentar el comercio de proximidad y a reactivar\u00e1 su econom\u00eda.<\/p>\n<p>Desde el Ayuntamiento se aconseja a los usuarios que extreman las medidas de prevenci\u00f3n y seguridad en el uso de los teclados de los parqu\u00edmetros y se hace un llamamiento a la responsabilidad porque se cumpla la normativa establecida por el Gobierno y se respetan las recomendaciones de las autoridades sanitarias.<\/p>\n<p><em>\u00abLos parqu\u00edmetros dejaron de emitir tickets el pasado mes de marzo, desde el momento en qu\u00e9 tuvimos que confinarnos en casa. Tanto desde la empresa concesionaria como desde la Concejal\u00eda se ha acordado restablecer la actividad de la zona azul, hemos considerado oportuno esperar que as\u00ed fuera hasta que nos encontraremos en la fase 2 para conseguir una desescalada progresiva y segura\u00bb<\/em>, seg\u00fan <strong>Fernando Pascual<\/strong>, regidor del \u00e1rea.<\/p>\n<p style=\"text-align: center;\"><img fetchpriority=\"high\" decoding=\"async\" width=\"1068\" height=\"800\" class=\" size-full wp-image-49847\" src=\"https:\/\/alzira.es\/wp-content\/uploads\/2020\/06\/ORA.jpeg\" alt=\"ORA\" srcset=\"https:\/\/alzira.es\/wp-content\/uploads\/2020\/06\/ORA.jpeg 1068w, https:\/\/alzira.es\/wp-content\/uploads\/2020\/06\/ORA-680x510.jpeg 680w, https:\/\/alzira.es\/wp-content\/uploads\/2020\/06\/ORA-768x575.jpeg 768w\" sizes=\"(max-width: 706px) 89vw, (max-width: 767px) 82vw, 740px\" \/><\/p>\n","protected":false},"excerpt":{"rendered":"<p>Los parqu\u00edmetros de lo ORA vuelven a funcionar el 3 de junio. La Concejal\u00eda de Servicios Urbanos del Ayuntamiento de Alzira reinicia desde este pr\u00f3ximo mi\u00e9rcoles el servicio de estacionamiento regulado, conocido como zona azul. Este es otro de los servicios que vuelven a la normalidad despu\u00e9s de semanas de inactividad por el decreto del &hellip; <\/p>\n<p class=\"link-more\"><a href=\"https:\/\/alzira.es\/es\/np-ora\/\" class=\"more-link\">Continuar leyendo<span class=\"screen-reader-text\"> \u00abLa zona azul estar\u00e1 activa a Alzira desde el mi\u00e9rcoles 3 de junio\u00bb<\/span><\/a><\/p>\n","protected":false},"author":29,"featured_media":49847,"comment_status":"","ping_status":"","sticky":false,"template":"","format":"standard","meta":{"_acf_changed":false,"footnotes":""},"categories":[4936],"tags":[],"class_list":["post-49849","post","type-post","status-publish","format-standard","has-post-thumbnail","hentry","category-hemeroteca-es"],"acf":[],"_links":{"self":[{"href":"https:\/\/alzira.es\/es\/wp-json\/wp\/v2\/posts\/49849","targetHints":{"allow":["GET"]}}],"collection":[{"href":"https:\/\/alzira.es\/es\/wp-json\/wp\/v2\/posts"}],"about":[{"href":"https:\/\/alzira.es\/es\/wp-json\/wp\/v2\/types\/post"}],"author":[{"embeddable":true,"href":"https:\/\/alzira.es\/es\/wp-json\/wp\/v2\/users\/29"}],"replies":[{"embeddable":true,"href":"https:\/\/alzira.es\/es\/wp-json\/wp\/v2\/comments?post=49849"}],"version-history":[{"count":0,"href":"https:\/\/alzira.es\/es\/wp-json\/wp\/v2\/posts\/49849\/revisions"}],"wp:featuredmedia":[{"embeddable":true,"href":"https:\/\/alzira.es\/es\/wp-json\/wp\/v2\/media\/49847"}],"wp:attachment":[{"href":"https:\/\/alzira.es\/es\/wp-json\/wp\/v2\/media?parent=49849"}],"wp:term":[{"taxonomy":"category","embeddable":true,"href":"https:\/\/alzira.es\/es\/wp-json\/wp\/v2\/categories?post=49849"},{"taxonomy":"post_tag","embeddable":true,"href":"https:\/\/alzira.es\/es\/wp-json\/wp\/v2\/tags?post=49849"}],"curies":[{"name":"wp","href":"https:\/\/api.w.org\/{rel}","templated":true}]}}