{"id":49844,"date":"2020-06-01T13:36:20","date_gmt":"2020-06-01T11:36:20","guid":{"rendered":"https:\/\/alzira.es\/alzira-guanyadora-concurs-driehauss-1-fase\/"},"modified":"2020-06-01T13:36:20","modified_gmt":"2020-06-01T11:36:20","slug":"alzira-guanyadora-concurs-driehauss-1-fase","status":"publish","type":"post","link":"https:\/\/alzira.es\/es\/alzira-guanyadora-concurs-driehauss-1-fase\/","title":{"rendered":"ALZIRA GUANYADORA CONCURS DRIEHAUSS (1\u00aa FASE)"},"content":{"rendered":"<p style=\"text-align: center;\"><span style=\"text-decoration: underline;\"><strong><span style=\"font-size: 18pt;\">Alzira guanyadora de el Concurs d&#8217;Arquitectura Internacional Richard H. Driehauss 2020 (1\u00aa Fase)<\/span><\/strong><\/span><\/p>\n<p><span style=\"text-decoration: underline;\"><strong>El Concurs d&#8217;Arquitectura Richard H. Driehaus,<\/strong> convocat pel Ministeri de Transports, Mobilitat i Agenda urbana, est\u00e0 dirigit a promoure la pr\u00e0ctica d&#8217;una arquitectura i un urbanisme que preservin i donin continu\u00eftat a les tradicions locals.<\/span><br \/><span style=\"text-decoration: underline;\">El concurs es desenvolupa en dues fases successives. A la primera fase: un jurat internacional format per representants de Govern d&#8217;Espanya, El Consell Superior d&#8217;Arquitectes d&#8217;Espanya, INTBAU (Xarxa Internacional per a la Construcci\u00f3, l&#8217;Arquitectura i El Urbanisme Tradicionals) i el Premi Rafael Manzano, va seleccionar les propostes de:<\/span><\/p>\n<p style=\"margin-left: 30px;\">o Alzira a Val\u00e8ncia<br \/>o Santiago de Compostel\u2022la, a la Corunya<br \/>o Santa Creu de la Palma a Tenerife<\/p>\n<p>Acc\u00e9s a la Presentaci\u00f3 de l&#8217;empla\u00e7ament Alzira:<\/p>\n<p>&nbsp;<a href=\"https:\/\/www.driehauscompetition.com\/emplazamientos\/alzira\/\" target=\"_blank\" rel=\"noopener\">https:\/\/www.driehauscompetition.com\/emplazamientos\/alzira\/<\/a><\/p>\n<p><a href=\"https:\/\/alzira.es\/wp-content\/uploads\/2020\/06\/DSCF0529-2-30x20.jpg\" target=\"_blank\" rel=\"noopener\"><img fetchpriority=\"high\" decoding=\"async\" width=\"1024\" height=\"684\" class=\" size-full wp-image-49840\" title=\"prESENTACION EMPLAZAMIENTO ALZIRA Premio Richard H. Driehauss\" src=\"https:\/\/alzira.es\/wp-content\/uploads\/2020\/06\/DSCF0529-2-30x20.jpg\" alt=\"DSCF0529-----2-30x20\" srcset=\"https:\/\/alzira.es\/wp-content\/uploads\/2020\/06\/DSCF0529-2-30x20.jpg 1024w, https:\/\/alzira.es\/wp-content\/uploads\/2020\/06\/DSCF0529-2-30x20-680x454.jpg 680w, https:\/\/alzira.es\/wp-content\/uploads\/2020\/06\/DSCF0529-2-30x20-768x513.jpg 768w\" sizes=\"(max-width: 706px) 89vw, (max-width: 767px) 82vw, 740px\" \/><\/a><\/p>\n<p>El plantejament amb el qual Alzira, a Val\u00e8ncia, es va presentar a el Concurs busca restaurar la identitat del seu centre hist\u00f2ric. Per a aix\u00f2, proposa la recuperaci\u00f3 de el teixit urb\u00e0 de la zona oest de \u00abla Vila\u00bb i la posada en valor de la muralla almohade, les restes de l&#8217;antic temple de Santa Maria i el desaparegut Pont de Sant Gregori. La redefinici\u00f3 de l&#8217;car\u00e0cter hist\u00f2ric d&#8217;aquesta zona, avui molt desdibuixat, suposaria un important pas per restituir part de la valor patrimonial d&#8217;aquest conjunt, a l&#8217;\u00e9sser aquest el seu al\u00e7at amb m\u00e9s pres\u00e8ncia en el paisatge circumdant i el menys obstru\u00eft per l&#8217;exist\u00e8ncia d&#8217;edificacions posteriors extramurs .<\/p>\n<p>En aquest sentit l&#8217;alcalde de la ciutat, Diego G\u00f3mez ha manifestat, \u00abaquesta iniciativa suposa una important fita per a Alzira, ja que accedim a propostes arquitect\u00f2niques del m\u00e9s alt nivell i sobretot compromeses amb la conservaci\u00f3, la tradici\u00f3 i el patrimoni\u00bb<\/p>\n<p>Comen\u00e7a la segona fase de l&#8217;concurs: CONCURS INTERNACIONAL D&#8217;IDEES, en qu\u00e8 s&#8217;anima a arquitectes i urbanistes de qualsevol nacionalitat a presentar propostes de disseny per a qualsevol dels empla\u00e7aments seleccionats. Un segon jurat internacional, en el qual novament estaran representades les diferents institucions que col\u2022laboren en la iniciativa i les autoritats dels municipis implicats, avaluessin les propostes, i seleccionaran el millor projecte per a cada un dels 3 empla\u00e7aments.<\/p>\n<p>Enlla\u00e7os: Publicacions diferents Mitjans de comunicaci\u00f3<br \/><a href=\"https:\/\/www.lavanguardia.com\/vida\/20191127\/471918166986\/santiago-alzira-santa-cruz-de-la-palma-y-guadix-ganan-concurso-driehaus.html\" target=\"_blank\" rel=\"noopener\">\u2022 La Vanguardia<\/a><\/p>\n<p><a href=\"https:\/\/www.lasprovincias.es\/ribera-costera\/alzira-ganadoras-concurso-20191128003209-ntvo.html\" target=\"_blank\" rel=\"noopener\">\u2022 Las Provincias<\/a><\/p>\n<p><a href=\"https:\/\/www.levante-emv.com\/ribera\/2019\/11\/28\/arquitectos-mundo-idearan-recuperar-portal\/1949726.html\" target=\"_blank\" rel=\"noopener\">\u2022 El Levante<\/a><\/p>\n<p><a href=\"https:\/\/www.eldiario.es\/canariasahora\/lapalmaahora\/sociedad\/Arquitectos-optaran-recuperar-caracter-historico_0_985501655.html\" target=\"_blank\" rel=\"noopener\">\u2022 El DIario<\/a><\/p>\n","protected":false},"excerpt":{"rendered":"<p>Alzira guanyadora de el Concurs d&#8217;Arquitectura Internacional Richard H. Driehauss 2020 (1\u00aa Fase) El Concurs d&#8217;Arquitectura Richard H. Driehaus, convocat pel Ministeri de Transports, Mobilitat i Agenda urbana, est\u00e0 dirigit a promoure la pr\u00e0ctica d&#8217;una arquitectura i un urbanisme que preservin i donin continu\u00eftat a les tradicions locals.El concurs es desenvolupa en dues fases successives. &hellip; <\/p>\n<p class=\"link-more\"><a href=\"https:\/\/alzira.es\/es\/alzira-guanyadora-concurs-driehauss-1-fase\/\" class=\"more-link\">Continuar leyendo<span class=\"screen-reader-text\"> \u00abALZIRA GUANYADORA CONCURS DRIEHAUSS (1\u00aa FASE)\u00bb<\/span><\/a><\/p>\n","protected":false},"author":16,"featured_media":49840,"comment_status":"closed","ping_status":"closed","sticky":false,"template":"","format":"standard","meta":{"_acf_changed":false,"footnotes":""},"categories":[],"tags":[],"class_list":["post-49844","post","type-post","status-publish","format-standard","has-post-thumbnail","hentry"],"acf":[],"_links":{"self":[{"href":"https:\/\/alzira.es\/es\/wp-json\/wp\/v2\/posts\/49844","targetHints":{"allow":["GET"]}}],"collection":[{"href":"https:\/\/alzira.es\/es\/wp-json\/wp\/v2\/posts"}],"about":[{"href":"https:\/\/alzira.es\/es\/wp-json\/wp\/v2\/types\/post"}],"author":[{"embeddable":true,"href":"https:\/\/alzira.es\/es\/wp-json\/wp\/v2\/users\/16"}],"replies":[{"embeddable":true,"href":"https:\/\/alzira.es\/es\/wp-json\/wp\/v2\/comments?post=49844"}],"version-history":[{"count":0,"href":"https:\/\/alzira.es\/es\/wp-json\/wp\/v2\/posts\/49844\/revisions"}],"wp:featuredmedia":[{"embeddable":true,"href":"https:\/\/alzira.es\/es\/wp-json\/wp\/v2\/media\/49840"}],"wp:attachment":[{"href":"https:\/\/alzira.es\/es\/wp-json\/wp\/v2\/media?parent=49844"}],"wp:term":[{"taxonomy":"category","embeddable":true,"href":"https:\/\/alzira.es\/es\/wp-json\/wp\/v2\/categories?post=49844"},{"taxonomy":"post_tag","embeddable":true,"href":"https:\/\/alzira.es\/es\/wp-json\/wp\/v2\/tags?post=49844"}],"curies":[{"name":"wp","href":"https:\/\/api.w.org\/{rel}","templated":true}]}}