{"id":49834,"date":"2020-05-29T15:11:46","date_gmt":"2020-05-29T13:11:46","guid":{"rendered":"https:\/\/alzira.es\/obertura-parc-alquenencia-2\/"},"modified":"2020-05-29T15:11:46","modified_gmt":"2020-05-29T13:11:46","slug":"obertura-parc-alquenencia-2","status":"publish","type":"post","link":"https:\/\/alzira.es\/es\/obertura-parc-alquenencia-2\/","title":{"rendered":"Obri el parc de l\u2019Alquen\u00e8ncia el dilluns 1 de juny"},"content":{"rendered":"<p style=\"text-align: justify;\">Amb l&#8217;entrada en la fase 2 de la desescalada els ciutadans anem guanyant mobilitat. El parc de l&#8217;Alquen\u00e8ncia \u00e9s una de les zones precintades en la ciutat d&#8217;Alzira des de l&#8217;inici de l&#8217;estat d&#8217;alarma i que tornar\u00e0 a obrir-se este dilluns 1 de juny.<\/p>\n<p style=\"text-align: justify;\">Des de fa unes quantes setmanes s&#8217;han estat realitzant les tasques de manteniment del parc, el major pulm\u00f3 verd de la ciutat, per tal de mantindre en condicions tant l&#8217;abundant arbratge com el mobiliari urb\u00e0 existent al recinte.<\/p>\n<p style=\"text-align: justify;\">La font del monument al X\u00faquer ha sigut revisada per assegurar que funcione correctament; s&#8217;han desinfectat els jocs infantils existents al parc i s&#8217;han netejat tots els parterres.<\/p>\n<p style=\"text-align: justify;\"><em>\u00abEs tracta sens dubte del parc alzireny amb major arbratge, la qual cosa el convertix en un lloc ideal per a passejar i tranquil\u00b7litzar-se, per aix\u00f2 des de la Regidoria de Serveis Urbans tenim com a una de les nostres tasques priorit\u00e0ries mantindre en condicions esta zona verda de la ciutat per la quantitat d&#8217;alzirenyes i alzirenys que fan \u00fas del parc\u00bb<\/em>, ha assenyalat el regidor.<\/p>\n<p style=\"text-align: center;\"><a class=\"jcepopup\" href=\"https:\/\/alzira.es\/wp-content\/uploads\/2020\/05\/Obertura_parc_Alquenencia-20200529-WA0003.jpg\" target=\"_blank\" rel=\"noopener\"><img fetchpriority=\"high\" decoding=\"async\" class=\" size-full wp-image-49824\" src=\"https:\/\/alzira.es\/wp-content\/uploads\/2020\/05\/Obertura_parc_Alquenencia-20200529-WA0003.jpg\" alt=\"Obertura parc Alquen\u00e8ncia-20200529-WA0003\" width=\"600\" height=\"338\" srcset=\"https:\/\/alzira.es\/wp-content\/uploads\/2020\/05\/Obertura_parc_Alquenencia-20200529-WA0003.jpg 1600w, https:\/\/alzira.es\/wp-content\/uploads\/2020\/05\/Obertura_parc_Alquenencia-20200529-WA0003-680x383.jpg 680w, https:\/\/alzira.es\/wp-content\/uploads\/2020\/05\/Obertura_parc_Alquenencia-20200529-WA0003-1430x804.jpg 1430w, https:\/\/alzira.es\/wp-content\/uploads\/2020\/05\/Obertura_parc_Alquenencia-20200529-WA0003-768x432.jpg 768w, https:\/\/alzira.es\/wp-content\/uploads\/2020\/05\/Obertura_parc_Alquenencia-20200529-WA0003-1536x864.jpg 1536w\" sizes=\"(max-width: 600px) 100vw, 600px\" \/><\/a>&nbsp;<a class=\"jcepopup\" style=\"font-size: 14.4px; text-align: center;\" type=\"image\" href=\"https:\/\/alzira.es\/wp-content\/uploads\/2020\/05\/Obertura_parc_Alquenencia-20200529-WA0005.jpg\" target=\"_blank\" rel=\"noopener\"><img decoding=\"async\" class=\"size-full wp-image-49827 lazyload\" data-src=\"https:\/\/alzira.es\/wp-content\/uploads\/2020\/05\/Obertura_parc_Alquenencia-20200529-WA0005.jpg\" alt=\"Obertura parc Alquen\u00e8ncia-20200529-WA0005\" width=\"600\" height=\"338\" data-srcset=\"https:\/\/alzira.es\/wp-content\/uploads\/2020\/05\/Obertura_parc_Alquenencia-20200529-WA0005.jpg 1600w, https:\/\/alzira.es\/wp-content\/uploads\/2020\/05\/Obertura_parc_Alquenencia-20200529-WA0005-680x383.jpg 680w, https:\/\/alzira.es\/wp-content\/uploads\/2020\/05\/Obertura_parc_Alquenencia-20200529-WA0005-1430x804.jpg 1430w, https:\/\/alzira.es\/wp-content\/uploads\/2020\/05\/Obertura_parc_Alquenencia-20200529-WA0005-768x432.jpg 768w, https:\/\/alzira.es\/wp-content\/uploads\/2020\/05\/Obertura_parc_Alquenencia-20200529-WA0005-1536x864.jpg 1536w\" data-sizes=\"(max-width: 600px) 100vw, 600px\" src=\"data:image\/svg+xml;base64,PHN2ZyB3aWR0aD0iMSIgaGVpZ2h0PSIxIiB4bWxucz0iaHR0cDovL3d3dy53My5vcmcvMjAwMC9zdmciPjwvc3ZnPg==\" style=\"--smush-placeholder-width: 600px; --smush-placeholder-aspect-ratio: 600\/338;\" \/><\/a>&nbsp;<a class=\"jcepopup\" style=\"font-size: 14.4px; text-align: center;\" type=\"image\" href=\"https:\/\/alzira.es\/wp-content\/uploads\/2020\/05\/Obertura_parc_Alquenencia-20200529-WA0006.jpg\" target=\"_blank\" rel=\"noopener\"><img decoding=\"async\" class=\"size-full wp-image-49829 lazyload\" data-src=\"https:\/\/alzira.es\/wp-content\/uploads\/2020\/05\/Obertura_parc_Alquenencia-20200529-WA0006.jpg\" alt=\"Obertura parc Alquen\u00e8ncia-20200529-WA0006\" width=\"1200\" height=\"1596\" src=\"data:image\/svg+xml;base64,PHN2ZyB3aWR0aD0iMSIgaGVpZ2h0PSIxIiB4bWxucz0iaHR0cDovL3d3dy53My5vcmcvMjAwMC9zdmciPjwvc3ZnPg==\" style=\"--smush-placeholder-width: 1200px; --smush-placeholder-aspect-ratio: 1200\/1596;\" \/><\/a><\/p>\n","protected":false},"excerpt":{"rendered":"<p>Amb l&#8217;entrada en la fase 2 de la desescalada els ciutadans anem guanyant mobilitat. El parc de l&#8217;Alquen\u00e8ncia \u00e9s una de les zones precintades en la ciutat d&#8217;Alzira des de l&#8217;inici de l&#8217;estat d&#8217;alarma i que tornar\u00e0 a obrir-se este dilluns 1 de juny. Des de fa unes quantes setmanes s&#8217;han estat realitzant les tasques &hellip; <\/p>\n<p class=\"link-more\"><a href=\"https:\/\/alzira.es\/es\/obertura-parc-alquenencia-2\/\" class=\"more-link\">Continuar leyendo<span class=\"screen-reader-text\"> \u00abObri el parc de l\u2019Alquen\u00e8ncia el dilluns 1 de juny\u00bb<\/span><\/a><\/p>\n","protected":false},"author":29,"featured_media":49824,"comment_status":"","ping_status":"","sticky":false,"template":"","format":"standard","meta":{"_acf_changed":false,"footnotes":""},"categories":[],"tags":[],"class_list":["post-49834","post","type-post","status-publish","format-standard","has-post-thumbnail","hentry"],"acf":[],"_links":{"self":[{"href":"https:\/\/alzira.es\/es\/wp-json\/wp\/v2\/posts\/49834","targetHints":{"allow":["GET"]}}],"collection":[{"href":"https:\/\/alzira.es\/es\/wp-json\/wp\/v2\/posts"}],"about":[{"href":"https:\/\/alzira.es\/es\/wp-json\/wp\/v2\/types\/post"}],"author":[{"embeddable":true,"href":"https:\/\/alzira.es\/es\/wp-json\/wp\/v2\/users\/29"}],"replies":[{"embeddable":true,"href":"https:\/\/alzira.es\/es\/wp-json\/wp\/v2\/comments?post=49834"}],"version-history":[{"count":0,"href":"https:\/\/alzira.es\/es\/wp-json\/wp\/v2\/posts\/49834\/revisions"}],"wp:featuredmedia":[{"embeddable":true,"href":"https:\/\/alzira.es\/es\/wp-json\/wp\/v2\/media\/49824"}],"wp:attachment":[{"href":"https:\/\/alzira.es\/es\/wp-json\/wp\/v2\/media?parent=49834"}],"wp:term":[{"taxonomy":"category","embeddable":true,"href":"https:\/\/alzira.es\/es\/wp-json\/wp\/v2\/categories?post=49834"},{"taxonomy":"post_tag","embeddable":true,"href":"https:\/\/alzira.es\/es\/wp-json\/wp\/v2\/tags?post=49834"}],"curies":[{"name":"wp","href":"https:\/\/api.w.org\/{rel}","templated":true}]}}