{"id":49822,"date":"2020-05-31T12:59:30","date_gmt":"2020-05-31T10:59:30","guid":{"rendered":"https:\/\/alzira.es\/a-partir-de-l-1-de-juny-entrem-en-fase-2-2\/"},"modified":"2020-05-31T12:59:30","modified_gmt":"2020-05-31T10:59:30","slug":"a-partir-de-l-1-de-juny-entrem-en-fase-2-2","status":"publish","type":"post","link":"https:\/\/alzira.es\/es\/a-partir-de-l-1-de-juny-entrem-en-fase-2-2\/","title":{"rendered":"A partir de l&#8217;1 de juny entrem en Fase 2"},"content":{"rendered":"<p><strong>A partir de dem\u00e0 entrem en Fase 2 i estes s\u00f3n les noves mesures:<\/strong><\/p>\n<ul>\n<li>Reobertura del parc de l&#8217;Alquen\u00e8ncia.<\/li>\n<li>Tornen a funcionar amb normalitat totes les l\u00ednies d&#8217;autob\u00fas, amb un aforament m\u00e0xim del 30%. Es repr\u00e9n el pagament de viatges, per la qual cosa \u00e9s recomanable usar abonament. L&#8217;\u00fas de mascareta \u00e9s obligatori.<\/li>\n<li>S&#8217;anul\u00b7la el canvi d&#8217;estacionament fins a setembre incl\u00f3s.<\/li>\n<li>El cementeri amplia el seu horari de 9 a 14 h i de 16 a 19 h, amb un l\u00edmit de 25 persones a l&#8217;aire lliure o de 15 persones en espais tancats.<\/li>\n<li>A partir del dia 3 es posa en marxa la zona blava.<\/li>\n<li>La Clau, IDEA i l&#8217;Ajuntament atenen amb cita pr\u00e8via.<\/li>\n<li>El Centre d&#8217;Informaci\u00f3 Juvenil at\u00e9n presencialment en horari d&#8217;11 a 13 h de dilluns a divendres i de 18 a 20 h dimarts i dimecres.<\/li>\n<li>Es pot circular per la prov\u00edncia en grups de fins a 15 persones. No hi ha l\u00edmit si les persones s\u00f3n convivents.<\/li>\n<li>S&#8217;eliminen les franges hor\u00e0ries i dist\u00e0ncies per a l&#8217;eixida dels xiquets al carrer i per a la pr\u00e0ctica de l&#8217;esport. Es mantenen la franja de +70 anys (10 a 12 h i 19 a 20 h).<\/li>\n<li>Es permet el consum en el local en taula sense superar el 40% de l&#8217;aforament i en terrasses a l&#8217;aire lliure amb el 50% de les taules amb un m\u00e0xim de 10 persones per taula.<\/li>\n<li style=\"text-align: center;\"><img fetchpriority=\"high\" decoding=\"async\" class=\" size-full wp-image-49817\" src=\"https:\/\/alzira.es\/wp-content\/uploads\/2020\/05\/fase_2_val.jpg\" alt=\"fase 2 val\" width=\"500\" height=\"600\" srcset=\"https:\/\/alzira.es\/wp-content\/uploads\/2020\/05\/fase_2_val.jpg 1000w, https:\/\/alzira.es\/wp-content\/uploads\/2020\/05\/fase_2_val-425x510.jpg 425w, https:\/\/alzira.es\/wp-content\/uploads\/2020\/05\/fase_2_val-893x1072.jpg 893w, https:\/\/alzira.es\/wp-content\/uploads\/2020\/05\/fase_2_val-768x922.jpg 768w\" sizes=\"(max-width: 500px) 100vw, 500px\" \/><\/li>\n<\/ul>\n","protected":false},"excerpt":{"rendered":"<p>A partir de dem\u00e0 entrem en Fase 2 i estes s\u00f3n les noves mesures: Reobertura del parc de l&#8217;Alquen\u00e8ncia. Tornen a funcionar amb normalitat totes les l\u00ednies d&#8217;autob\u00fas, amb un aforament m\u00e0xim del 30%. Es repr\u00e9n el pagament de viatges, per la qual cosa \u00e9s recomanable usar abonament. L&#8217;\u00fas de mascareta \u00e9s obligatori. S&#8217;anul\u00b7la el &hellip; <\/p>\n<p class=\"link-more\"><a href=\"https:\/\/alzira.es\/es\/a-partir-de-l-1-de-juny-entrem-en-fase-2-2\/\" class=\"more-link\">Continuar leyendo<span class=\"screen-reader-text\"> \u00abA partir de l&#8217;1 de juny entrem en Fase 2\u00bb<\/span><\/a><\/p>\n","protected":false},"author":36,"featured_media":49817,"comment_status":"","ping_status":"","sticky":false,"template":"","format":"standard","meta":{"_acf_changed":false,"footnotes":""},"categories":[],"tags":[],"class_list":["post-49822","post","type-post","status-publish","format-standard","has-post-thumbnail","hentry"],"acf":[],"_links":{"self":[{"href":"https:\/\/alzira.es\/es\/wp-json\/wp\/v2\/posts\/49822","targetHints":{"allow":["GET"]}}],"collection":[{"href":"https:\/\/alzira.es\/es\/wp-json\/wp\/v2\/posts"}],"about":[{"href":"https:\/\/alzira.es\/es\/wp-json\/wp\/v2\/types\/post"}],"author":[{"embeddable":true,"href":"https:\/\/alzira.es\/es\/wp-json\/wp\/v2\/users\/36"}],"replies":[{"embeddable":true,"href":"https:\/\/alzira.es\/es\/wp-json\/wp\/v2\/comments?post=49822"}],"version-history":[{"count":0,"href":"https:\/\/alzira.es\/es\/wp-json\/wp\/v2\/posts\/49822\/revisions"}],"wp:featuredmedia":[{"embeddable":true,"href":"https:\/\/alzira.es\/es\/wp-json\/wp\/v2\/media\/49817"}],"wp:attachment":[{"href":"https:\/\/alzira.es\/es\/wp-json\/wp\/v2\/media?parent=49822"}],"wp:term":[{"taxonomy":"category","embeddable":true,"href":"https:\/\/alzira.es\/es\/wp-json\/wp\/v2\/categories?post=49822"},{"taxonomy":"post_tag","embeddable":true,"href":"https:\/\/alzira.es\/es\/wp-json\/wp\/v2\/tags?post=49822"}],"curies":[{"name":"wp","href":"https:\/\/api.w.org\/{rel}","templated":true}]}}