{"id":49820,"date":"2020-05-31T12:59:30","date_gmt":"2020-05-31T10:59:30","guid":{"rendered":"https:\/\/alzira.es\/a-partir-de-l-1-de-juny-entrem-en-fase-2\/"},"modified":"2020-05-31T12:59:30","modified_gmt":"2020-05-31T10:59:30","slug":"a-partir-de-l-1-de-juny-entrem-en-fase-2","status":"publish","type":"post","link":"https:\/\/alzira.es\/es\/a-partir-de-l-1-de-juny-entrem-en-fase-2\/","title":{"rendered":"A partir del 1 de junio entramos en Fase 2"},"content":{"rendered":"<p><strong>A partir de ma\u00f1ana entramos en Fase 2 y estas son las nuevas medidas:<\/strong><\/p>\n<p>Reapertura del parque del Alquen\u00e8ncia.<br \/>Vuelven a funcionar con normalidad todas las l\u00edneas de autob\u00fas, con un aforo m\u00e1ximo del 30%. Se retoma el pago de viajes, por lo cual es recomendable usar abono. El uso de mascarillas es obligatorio.<br \/>Se anula el cambio de estacionamiento hasta septiembre incluido.<br \/>El cementerio ampl\u00eda su horario de 9 a 14 h y de 16 a 19 h, con un l\u00edmite de 25 personas al aire libre o de 15 personas en espacios cerrados.<br \/>A partir del d\u00eda 3 se pone en marcha la zona azul.<br \/>La Clave, IDEA y el Ayuntamiento atienen con cita previa.<br \/>El Centro de Informaci\u00f3n Juvenil atiende presencialmente en horario de 11 a 13 h de lunes a viernes y de 18 a 20 h martes y mi\u00e9rcoles.<br \/>Se puede circular por la provincia en grupos de hasta 15 personas. No hay l\u00edmite si las personas son convivientes.<br \/>Se eliminan las franjas horarias y distancias para la salida de los ni\u00f1os en la calle y para la pr\u00e1ctica del deporte. Se mantienen la franja de +70 a\u00f1os (10 a 12 h y 19 a 20 h).<br \/>Se permite el consumo en el local en mesa sin superar el 40% del aforo y en terrazas al aire libre con el 50% de las mesas con un m\u00e1ximo de 10 personas por mesa.<\/p>\n<ul>\n<li style=\"text-align: center;\"><img fetchpriority=\"high\" decoding=\"async\" class=\" size-full wp-image-49817\" src=\"https:\/\/alzira.es\/wp-content\/uploads\/2020\/05\/fase_2_val.jpg\" alt=\"fase 2 val\" width=\"500\" height=\"600\" srcset=\"https:\/\/alzira.es\/wp-content\/uploads\/2020\/05\/fase_2_val.jpg 1000w, https:\/\/alzira.es\/wp-content\/uploads\/2020\/05\/fase_2_val-425x510.jpg 425w, https:\/\/alzira.es\/wp-content\/uploads\/2020\/05\/fase_2_val-893x1072.jpg 893w, https:\/\/alzira.es\/wp-content\/uploads\/2020\/05\/fase_2_val-768x922.jpg 768w\" sizes=\"(max-width: 500px) 100vw, 500px\" \/><\/li>\n<\/ul>\n","protected":false},"excerpt":{"rendered":"<p>A partir de ma\u00f1ana entramos en Fase 2 y estas son las nuevas medidas: Reapertura del parque del Alquen\u00e8ncia.Vuelven a funcionar con normalidad todas las l\u00edneas de autob\u00fas, con un aforo m\u00e1ximo del 30%. Se retoma el pago de viajes, por lo cual es recomendable usar abono. El uso de mascarillas es obligatorio.Se anula el &hellip; <\/p>\n<p class=\"link-more\"><a href=\"https:\/\/alzira.es\/es\/a-partir-de-l-1-de-juny-entrem-en-fase-2\/\" class=\"more-link\">Continuar leyendo<span class=\"screen-reader-text\"> \u00abA partir del 1 de junio entramos en Fase 2\u00bb<\/span><\/a><\/p>\n","protected":false},"author":36,"featured_media":49817,"comment_status":"","ping_status":"","sticky":false,"template":"","format":"standard","meta":{"_acf_changed":false,"footnotes":""},"categories":[4936],"tags":[],"class_list":["post-49820","post","type-post","status-publish","format-standard","has-post-thumbnail","hentry","category-hemeroteca-es"],"acf":[],"_links":{"self":[{"href":"https:\/\/alzira.es\/es\/wp-json\/wp\/v2\/posts\/49820","targetHints":{"allow":["GET"]}}],"collection":[{"href":"https:\/\/alzira.es\/es\/wp-json\/wp\/v2\/posts"}],"about":[{"href":"https:\/\/alzira.es\/es\/wp-json\/wp\/v2\/types\/post"}],"author":[{"embeddable":true,"href":"https:\/\/alzira.es\/es\/wp-json\/wp\/v2\/users\/36"}],"replies":[{"embeddable":true,"href":"https:\/\/alzira.es\/es\/wp-json\/wp\/v2\/comments?post=49820"}],"version-history":[{"count":0,"href":"https:\/\/alzira.es\/es\/wp-json\/wp\/v2\/posts\/49820\/revisions"}],"wp:featuredmedia":[{"embeddable":true,"href":"https:\/\/alzira.es\/es\/wp-json\/wp\/v2\/media\/49817"}],"wp:attachment":[{"href":"https:\/\/alzira.es\/es\/wp-json\/wp\/v2\/media?parent=49820"}],"wp:term":[{"taxonomy":"category","embeddable":true,"href":"https:\/\/alzira.es\/es\/wp-json\/wp\/v2\/categories?post=49820"},{"taxonomy":"post_tag","embeddable":true,"href":"https:\/\/alzira.es\/es\/wp-json\/wp\/v2\/tags?post=49820"}],"curies":[{"name":"wp","href":"https:\/\/api.w.org\/{rel}","templated":true}]}}