{"id":49816,"date":"2020-05-30T20:39:08","date_gmt":"2020-05-30T18:39:08","guid":{"rendered":"https:\/\/alzira.es\/linies-bus-alzira-2\/"},"modified":"2020-05-30T20:39:08","modified_gmt":"2020-05-30T18:39:08","slug":"linies-bus-alzira-2","status":"publish","type":"post","link":"https:\/\/alzira.es\/es\/linies-bus-alzira-2\/","title":{"rendered":"Les tres l\u00ednies del bus urb\u00e0 d\u2019Alzira tornen a funcionar des del dilluns 1 de juny"},"content":{"rendered":"<p style=\"text-align: justify;\"><strong>El servei municipal d&#8217;autob\u00fas urb\u00e0 recupera la seua normalitat a partir del dilluns 1 de juny<\/strong>. Tornaran a estar en actiu les tres l\u00ednies, cada una amb la seua totalitat de parades i horaris establits.<\/p>\n<p style=\"text-align: justify;\">Per a fer \u00fas del transport p\u00fablic caldr\u00e0 tindre en compte les restriccions que es marquen des del Ministeri de Sanitat, una ocupaci\u00f3 del 30% de la seua capacitat, amb reserva de seients sense \u00fas per garantir la dist\u00e0ncia de seguretat; obligatorietat de dur mascareta, per tal d&#8217;evitar contagis a bord dels vehicles. A totes estes mesures cal afegir la desinfecci\u00f3 dels autobusos.<\/p>\n<p style=\"text-align: justify;\">Al llarg d&#8217;estes setmanes d&#8217;estat d&#8217;alarma el servici de bus urb\u00e0 s&#8217;ha vist redu\u00eft, amb la supressi\u00f3 de la l\u00ednia 3. En esta nova fase de la desescalada torna a estar en funcionament.<\/p>\n<p style=\"text-align: justify;\">Un altre dels aspectes a tindre en compte \u00e9s que la utilitzaci\u00f3 de l&#8217;autob\u00fas urb\u00e0 deixa de ser gratu\u00eft per a tot aquell que no dispose de la targeta de Bo Social que s\u00ed que permet l&#8217;\u00fas del servici de bus de manera gratu\u00efta.<\/p>\n<p style=\"text-align: justify;\">Pel que fa al trajecte al cementeri, cal assenyalar que se suprimix el servici diari, de 9 a 13 hores, que ha estat prestant-se en les \u00faltimes dos setmanes, per a passar a la seua ruta habitual de cada dijous; amb eixida a les 16 hores des de la pla\u00e7a del Regne i tornada a les 17.10 des del cementeri.<\/p>\n<p style=\"text-align: justify;\">L&#8217;horari del cementeri a partir del dilluns 1 de juny ser\u00e0 de 9 a 14 hores i de 16 a 19 hores.<\/p>\n<p style=\"text-align: justify;\"><strong>Fernando Pascual<\/strong>, regidor de Serveis Urbans, <em>\u00absol\u00b7licita als usuaris de l&#8217;autob\u00fas urb\u00e0 a complir estrictament cada una de les recomanacions dictades des de Sanitat, ja que ara que hem aconseguit avan\u00e7ar i guanyar-li terreny a la Covid-19 no podem relaxar-nos i fer passos enrere\u00bb<\/em>.<\/p>\n<p style=\"text-align: center;\"><img fetchpriority=\"high\" decoding=\"async\" width=\"680\" height=\"365\" class=\" size-full wp-image-49811\" src=\"https:\/\/alzira.es\/wp-content\/uploads\/2020\/05\/Usuaris-bus-urba-680x365_c.jpeg\" alt=\"Usuaris-bus-urb\u00e0-680x365 c\" \/><\/p>\n","protected":false},"excerpt":{"rendered":"<p>El servei municipal d&#8217;autob\u00fas urb\u00e0 recupera la seua normalitat a partir del dilluns 1 de juny. Tornaran a estar en actiu les tres l\u00ednies, cada una amb la seua totalitat de parades i horaris establits. Per a fer \u00fas del transport p\u00fablic caldr\u00e0 tindre en compte les restriccions que es marquen des del Ministeri de &hellip; <\/p>\n<p class=\"link-more\"><a href=\"https:\/\/alzira.es\/es\/linies-bus-alzira-2\/\" class=\"more-link\">Continuar leyendo<span class=\"screen-reader-text\"> \u00abLes tres l\u00ednies del bus urb\u00e0 d\u2019Alzira tornen a funcionar des del dilluns 1 de juny\u00bb<\/span><\/a><\/p>\n","protected":false},"author":29,"featured_media":49811,"comment_status":"","ping_status":"","sticky":false,"template":"","format":"standard","meta":{"_acf_changed":false,"footnotes":""},"categories":[],"tags":[],"class_list":["post-49816","post","type-post","status-publish","format-standard","has-post-thumbnail","hentry"],"acf":[],"_links":{"self":[{"href":"https:\/\/alzira.es\/es\/wp-json\/wp\/v2\/posts\/49816","targetHints":{"allow":["GET"]}}],"collection":[{"href":"https:\/\/alzira.es\/es\/wp-json\/wp\/v2\/posts"}],"about":[{"href":"https:\/\/alzira.es\/es\/wp-json\/wp\/v2\/types\/post"}],"author":[{"embeddable":true,"href":"https:\/\/alzira.es\/es\/wp-json\/wp\/v2\/users\/29"}],"replies":[{"embeddable":true,"href":"https:\/\/alzira.es\/es\/wp-json\/wp\/v2\/comments?post=49816"}],"version-history":[{"count":0,"href":"https:\/\/alzira.es\/es\/wp-json\/wp\/v2\/posts\/49816\/revisions"}],"wp:featuredmedia":[{"embeddable":true,"href":"https:\/\/alzira.es\/es\/wp-json\/wp\/v2\/media\/49811"}],"wp:attachment":[{"href":"https:\/\/alzira.es\/es\/wp-json\/wp\/v2\/media?parent=49816"}],"wp:term":[{"taxonomy":"category","embeddable":true,"href":"https:\/\/alzira.es\/es\/wp-json\/wp\/v2\/categories?post=49816"},{"taxonomy":"post_tag","embeddable":true,"href":"https:\/\/alzira.es\/es\/wp-json\/wp\/v2\/tags?post=49816"}],"curies":[{"name":"wp","href":"https:\/\/api.w.org\/{rel}","templated":true}]}}