{"id":49815,"date":"2020-05-30T20:36:40","date_gmt":"2020-05-30T18:36:40","guid":{"rendered":"https:\/\/alzira.es\/ampliacio-horari-cementeri-3\/"},"modified":"2020-05-30T20:36:40","modified_gmt":"2020-05-30T18:36:40","slug":"ampliacio-horari-cementeri-3","status":"publish","type":"post","link":"https:\/\/alzira.es\/es\/ampliacio-horari-cementeri-3\/","title":{"rendered":"El cementeri amplia l&#8217;horari des de l&#8217;1 de juny"},"content":{"rendered":"<p><em><strong>\u00b7 L&#8217;horari per a visites passa a ser de 9 a 14 i de 16 a 19 hores<\/strong><\/em><\/p>\n<p>Despr\u00e9s d&#8217;un parell de setmanes amb un horari redu\u00eft per a visites al cementeri a partir d&#8217;este dilluns 1 de juny es modifica i amplia. Entrem en la fase 2 de la desescalada, i l&#8217;horari queda establit en les seg\u00fcents franges: de 9 a 14 hores i de 16 a 19 hores, tots els dies de la setmana.<\/p>\n<p>Cal recordar que no hi ha que descuidar el protocol marcat pel Ministeri de Sanitat quan accedim al recinte:<\/p>\n<p style=\"margin-left: 30px;\">-S&#8217;han senyalitzat l&#8217;entrada i eixida, aix\u00ed com els recorreguts a seguir per tal de poder mantindre la dist\u00e0ncia social de 2 metres i evitar aglomeracions.<\/p>\n<p style=\"margin-left: 30px;\">-Utilitzaci\u00f3 de mascareta mentre realitzem la visita al cementeri.<\/p>\n<p style=\"margin-left: 30px;\">-Grups m\u00e0xim de 25 persones per a enterraments.<\/p>\n<p>El servei d&#8217;autob\u00fas al cementeri es repr\u00e8n des d&#8217;este dijous 4 de juny, amb el seu horari habitual, eixida a les 16 hores des de la pla\u00e7a del Regne, i tornada des del cementeri a les 17.15 hores.<\/p>\n<p><strong>Fernando Pascual<\/strong>, regidor de Serveis Urbans, sol\u00b7licita a la ciutadania <em>\u00abl&#8217;estricte compliment de les mesures higi\u00e8niques, sanit\u00e0ries i socials quan realitzem la visita al cementeri municipal, nom\u00e9s aix\u00ed aconseguirem seguir guanyant terreny a la pand\u00e8mia de la Covid-19\u00bb<\/em><\/p>\n<p style=\"text-align: center;\"><a class=\"jcepopup\" href=\"https:\/\/alzira.es\/wp-content\/uploads\/2020\/05\/Ampliacio_horari_cementeri-20200530-WA0003.jpg\" target=\"_blank\" rel=\"noopener\"><img fetchpriority=\"high\" decoding=\"async\" class=\" size-full wp-image-49803\" src=\"https:\/\/alzira.es\/wp-content\/uploads\/2020\/05\/Ampliacio_horari_cementeri-20200530-WA0003.jpg\" alt=\"Ampliaci\u00f3 horari cementeri-20200530-WA0003\" width=\"600\" height=\"600\" srcset=\"https:\/\/alzira.es\/wp-content\/uploads\/2020\/05\/Ampliacio_horari_cementeri-20200530-WA0003.jpg 1000w, https:\/\/alzira.es\/wp-content\/uploads\/2020\/05\/Ampliacio_horari_cementeri-20200530-WA0003-510x510.jpg 510w, https:\/\/alzira.es\/wp-content\/uploads\/2020\/05\/Ampliacio_horari_cementeri-20200530-WA0003-350x350.jpg 350w, https:\/\/alzira.es\/wp-content\/uploads\/2020\/05\/Ampliacio_horari_cementeri-20200530-WA0003-768x768.jpg 768w, https:\/\/alzira.es\/wp-content\/uploads\/2020\/05\/Ampliacio_horari_cementeri-20200530-WA0003-100x100.jpg 100w\" sizes=\"(max-width: 600px) 100vw, 600px\" \/><\/a>&nbsp;<a class=\"jcepopup\" style=\"font-size: 14.4px; text-align: center;\" type=\"image\" href=\"https:\/\/alzira.es\/wp-content\/uploads\/2020\/05\/Ampliacio_horari_cementeri-20200530-WA0000.jpg\" target=\"_blank\" rel=\"noopener\"><img decoding=\"async\" class=\"size-full wp-image-49805 lazyload\" data-src=\"https:\/\/alzira.es\/wp-content\/uploads\/2020\/05\/Ampliacio_horari_cementeri-20200530-WA0000.jpg\" alt=\"Ampliaci\u00f3 horari cementeri-20200530-WA0000\" width=\"600\" height=\"600\" data-srcset=\"https:\/\/alzira.es\/wp-content\/uploads\/2020\/05\/Ampliacio_horari_cementeri-20200530-WA0000.jpg 1000w, https:\/\/alzira.es\/wp-content\/uploads\/2020\/05\/Ampliacio_horari_cementeri-20200530-WA0000-510x510.jpg 510w, https:\/\/alzira.es\/wp-content\/uploads\/2020\/05\/Ampliacio_horari_cementeri-20200530-WA0000-350x350.jpg 350w, https:\/\/alzira.es\/wp-content\/uploads\/2020\/05\/Ampliacio_horari_cementeri-20200530-WA0000-768x768.jpg 768w, https:\/\/alzira.es\/wp-content\/uploads\/2020\/05\/Ampliacio_horari_cementeri-20200530-WA0000-100x100.jpg 100w\" data-sizes=\"(max-width: 600px) 100vw, 600px\" src=\"data:image\/svg+xml;base64,PHN2ZyB3aWR0aD0iMSIgaGVpZ2h0PSIxIiB4bWxucz0iaHR0cDovL3d3dy53My5vcmcvMjAwMC9zdmciPjwvc3ZnPg==\" style=\"--smush-placeholder-width: 600px; --smush-placeholder-aspect-ratio: 600\/600;\" \/><\/a><\/p>\n","protected":false},"excerpt":{"rendered":"<p>\u00b7 L&#8217;horari per a visites passa a ser de 9 a 14 i de 16 a 19 hores Despr\u00e9s d&#8217;un parell de setmanes amb un horari redu\u00eft per a visites al cementeri a partir d&#8217;este dilluns 1 de juny es modifica i amplia. Entrem en la fase 2 de la desescalada, i l&#8217;horari queda establit &hellip; <\/p>\n<p class=\"link-more\"><a href=\"https:\/\/alzira.es\/es\/ampliacio-horari-cementeri-3\/\" class=\"more-link\">Continuar leyendo<span class=\"screen-reader-text\"> \u00abEl cementeri amplia l&#8217;horari des de l&#8217;1 de juny\u00bb<\/span><\/a><\/p>\n","protected":false},"author":29,"featured_media":49803,"comment_status":"","ping_status":"","sticky":false,"template":"","format":"standard","meta":{"_acf_changed":false,"footnotes":""},"categories":[],"tags":[],"class_list":["post-49815","post","type-post","status-publish","format-standard","has-post-thumbnail","hentry"],"acf":[],"_links":{"self":[{"href":"https:\/\/alzira.es\/es\/wp-json\/wp\/v2\/posts\/49815","targetHints":{"allow":["GET"]}}],"collection":[{"href":"https:\/\/alzira.es\/es\/wp-json\/wp\/v2\/posts"}],"about":[{"href":"https:\/\/alzira.es\/es\/wp-json\/wp\/v2\/types\/post"}],"author":[{"embeddable":true,"href":"https:\/\/alzira.es\/es\/wp-json\/wp\/v2\/users\/29"}],"replies":[{"embeddable":true,"href":"https:\/\/alzira.es\/es\/wp-json\/wp\/v2\/comments?post=49815"}],"version-history":[{"count":0,"href":"https:\/\/alzira.es\/es\/wp-json\/wp\/v2\/posts\/49815\/revisions"}],"wp:featuredmedia":[{"embeddable":true,"href":"https:\/\/alzira.es\/es\/wp-json\/wp\/v2\/media\/49803"}],"wp:attachment":[{"href":"https:\/\/alzira.es\/es\/wp-json\/wp\/v2\/media?parent=49815"}],"wp:term":[{"taxonomy":"category","embeddable":true,"href":"https:\/\/alzira.es\/es\/wp-json\/wp\/v2\/categories?post=49815"},{"taxonomy":"post_tag","embeddable":true,"href":"https:\/\/alzira.es\/es\/wp-json\/wp\/v2\/tags?post=49815"}],"curies":[{"name":"wp","href":"https:\/\/api.w.org\/{rel}","templated":true}]}}