{"id":49814,"date":"2020-05-30T20:39:08","date_gmt":"2020-05-30T18:39:08","guid":{"rendered":"https:\/\/alzira.es\/linies-bus-alzira\/"},"modified":"2020-05-30T20:39:08","modified_gmt":"2020-05-30T18:39:08","slug":"linies-bus-alzira","status":"publish","type":"post","link":"https:\/\/alzira.es\/es\/linies-bus-alzira\/","title":{"rendered":"Las tres l\u00edneas del buzo urbano de Alzira vuelven a funcionar desde el lunes 1 de junio"},"content":{"rendered":"<p style=\"text-align: justify;\"><strong>El servicio municipal de autob\u00fas urbano recupera su normalidad a partir del lunes 1 de junio<\/strong>. Volver\u00e1n a estar en activo las tres l\u00edneas, cada una con su totalidad de paradas y horarios establecidos.<\/p>\n<p>Para hacer uso del transporte p\u00fablico habr\u00e1 que tener en cuenta las restricciones que se marcan desde el Ministerio de Sanidad, una ocupaci\u00f3n del 30% de su capacidad, con reserva de asientos sin uso para garantizar la distancia de seguridad; obligatoriedad de llevar mascarilla, para evitar contagios a bordo de los veh\u00edculos. A todas estas medidas hay que a\u00f1adir la desinfecci\u00f3n de los autobuses.<\/p>\n<p>A lo largo de estas semanas de estado de alarma el servicio de buzo urbano se ha visto reducido, con la supresi\u00f3n de la l\u00ednea 3. En esta nueva fase de la desescalada vuelve a estar en funcionamiento.<\/p>\n<p>Otro de los aspectos a tener en cuenta es que la utilizaci\u00f3n del autob\u00fas urbano deja de ser gratuito para todo aquel que no dispongo de la tarjeta de Bono Social que s\u00ed que permite el uso del servicio de bus de manera gratuita.<\/p>\n<p>En cuanto al trayecto al cementerio, hay que se\u00f1alar que se suprime el servicio diario, de 9 a 13 horas, que ha sido prest\u00e1ndose en las \u00faltimas dos semanas, para pasar a su ruta habitual de cada jueves; con salida a las 16 horas desde la plaza del Reino y vuelta a las 17.10 desde el cementerio.<\/p>\n<p>El horario del cementerio a partir del lunes 1 de junio ser\u00e1 de 9 a 14 horas y de 16 a 19 horas.<\/p>\n<p><strong>Fernando Pascual<\/strong>, regidor de Servicios Urbanos, <em>\u00absolicita a los usuarios del autob\u00fas urbano a cumplir estrictamente cada una de las recomendaciones dictadas desde Sanidad, puesto que ahora que hemos conseguido avanzar y ganarle terreno a la Covid-19 no podemos relajarnos y hacer pasos atr\u00e1s\u00bb<\/em>.<\/p>\n<p style=\"text-align: center;\"><img fetchpriority=\"high\" decoding=\"async\" width=\"680\" height=\"365\" class=\" size-full wp-image-49811\" src=\"https:\/\/alzira.es\/wp-content\/uploads\/2020\/05\/Usuaris-bus-urba-680x365_c.jpeg\" alt=\"Usuaris-bus-urb\u00e0-680x365 c\" \/><\/p>\n","protected":false},"excerpt":{"rendered":"<p>El servicio municipal de autob\u00fas urbano recupera su normalidad a partir del lunes 1 de junio. Volver\u00e1n a estar en activo las tres l\u00edneas, cada una con su totalidad de paradas y horarios establecidos. Para hacer uso del transporte p\u00fablico habr\u00e1 que tener en cuenta las restricciones que se marcan desde el Ministerio de Sanidad, &hellip; <\/p>\n<p class=\"link-more\"><a href=\"https:\/\/alzira.es\/es\/linies-bus-alzira\/\" class=\"more-link\">Continuar leyendo<span class=\"screen-reader-text\"> \u00abLas tres l\u00edneas del buzo urbano de Alzira vuelven a funcionar desde el lunes 1 de junio\u00bb<\/span><\/a><\/p>\n","protected":false},"author":29,"featured_media":49811,"comment_status":"","ping_status":"","sticky":false,"template":"","format":"standard","meta":{"_acf_changed":false,"footnotes":""},"categories":[4936],"tags":[],"class_list":["post-49814","post","type-post","status-publish","format-standard","has-post-thumbnail","hentry","category-hemeroteca-es"],"acf":[],"_links":{"self":[{"href":"https:\/\/alzira.es\/es\/wp-json\/wp\/v2\/posts\/49814","targetHints":{"allow":["GET"]}}],"collection":[{"href":"https:\/\/alzira.es\/es\/wp-json\/wp\/v2\/posts"}],"about":[{"href":"https:\/\/alzira.es\/es\/wp-json\/wp\/v2\/types\/post"}],"author":[{"embeddable":true,"href":"https:\/\/alzira.es\/es\/wp-json\/wp\/v2\/users\/29"}],"replies":[{"embeddable":true,"href":"https:\/\/alzira.es\/es\/wp-json\/wp\/v2\/comments?post=49814"}],"version-history":[{"count":0,"href":"https:\/\/alzira.es\/es\/wp-json\/wp\/v2\/posts\/49814\/revisions"}],"wp:featuredmedia":[{"embeddable":true,"href":"https:\/\/alzira.es\/es\/wp-json\/wp\/v2\/media\/49811"}],"wp:attachment":[{"href":"https:\/\/alzira.es\/es\/wp-json\/wp\/v2\/media?parent=49814"}],"wp:term":[{"taxonomy":"category","embeddable":true,"href":"https:\/\/alzira.es\/es\/wp-json\/wp\/v2\/categories?post=49814"},{"taxonomy":"post_tag","embeddable":true,"href":"https:\/\/alzira.es\/es\/wp-json\/wp\/v2\/tags?post=49814"}],"curies":[{"name":"wp","href":"https:\/\/api.w.org\/{rel}","templated":true}]}}