{"id":49801,"date":"2020-05-29T14:44:18","date_gmt":"2020-05-29T12:44:18","guid":{"rendered":"https:\/\/alzira.es\/np-premis-concurs-paraula-de-dona-2\/"},"modified":"2020-05-29T14:44:18","modified_gmt":"2020-05-29T12:44:18","slug":"np-premis-concurs-paraula-de-dona-2","status":"publish","type":"post","link":"https:\/\/alzira.es\/es\/np-premis-concurs-paraula-de-dona-2\/","title":{"rendered":"Hui s\u2019han lliurat els premis del concurs d\u2019Instagram \u201cParaula de dona\u201d"},"content":{"rendered":"<p style=\"text-align: justify;\">Este mat\u00ed, ha tingut lloc el lliurament dels premis del Concurs d&#8217;Instagram <em>\u00abParaula de dona\u00bb<\/em>, que convoca per tercer any la Regidoria de Cultura i el Serval (Servei Alzireny de Promoci\u00f3 i \u00das del Valenci\u00e0).<\/p>\n<p style=\"text-align: justify;\"><span style=\"text-decoration: underline;\">Les guanyadores, totes elles dones, han estat les usu\u00e0ries dels perfils d&#8217;Instagram<\/span> <strong>@enadenerea<\/strong>, <strong>@rosssss_79<\/strong>, <strong>@wayofmai<\/strong> <strong>@maruja_macarra<\/strong> i <strong>@valli.r<\/strong>_, que es corresponen amb aquelles que tenen m\u00e9s m&#8217;agrada a les seues fotografies fetes amb les bossetes de sucre als bars i restaurants alzirenys.<\/p>\n<p style=\"text-align: justify;\">La campanya d&#8217;enguany s&#8217;ha fet conjuntament amb la Regidoria d&#8217;Igualtat i ha consistit en el repartiment a bars i restaurants de caixes amb bossetes de sucre amb frases de dones c\u00e8lebres valencianes que han contribu\u00eft a millorar aspectes de la nostra societat, sempre a la recerca de la igualtat de g\u00e8nere. Han participat un total de 200 establiments aix\u00ed com les cafeteries d&#8217;alguns centres educatius de la nostra ciutat.<\/p>\n<p style=\"text-align: justify;\"><em>\u00abLa campanya d&#8217;enguany ha estat m\u00e9s complicada perqu\u00e8 el per\u00edode ha coincidit amb l&#8217;etapa de confinament, tancament dels bars. Aix\u00ed i tot s&#8217;han publicat fotos molt simp\u00e0tiques i ha hagut un gran \u00edndex de participaci\u00f3. Hem de recordar que encara que el concurs ha finalitzat, encara podem gaudir i col\u00b7leccionar els sobrets que es continuen repartint als establiments\u00bb<\/em> segons ha declarat <strong>Alfred Aranda<\/strong>, regidor de Cultura i Promoci\u00f3 ling\u00fc\u00edstica.<\/p>\n<p style=\"text-align: justify;\">El premi ha consistit en un llibre i una camiseta, dissenyada per Empar Piera, que t\u00e9 la imatge i la cita d&#8217;una d&#8217;estes dones: <em>Manuela Ballester, Anna Lluch, Olga Poliakoff, Matilde Ll\u00f2ria, Celia Amor\u00f3s, Beatriu Civera, Maria Cambrils i Paula Bonet<\/em>.<\/p>\n<p style=\"text-align: justify;\">Per la seua banda, <strong>Marina Mir<\/strong> regidora d&#8217;Igualtat, ha valorat molt positivament esta campanya perqu\u00e8 ha tingut una gran acollida entre el sector de l&#8217;hostaleria. A m\u00e9s hem pogut donar a con\u00e8ixer a estes dones excepcionals que ens acosten un poc de la seua saviesa amb els sobrets de sucre.<\/p>\n<p style=\"text-align: justify;\">Recentment l&#8217;Ajuntament d&#8217;Alzira, de la m\u00e0 del SERVAL (Servei de Promoci\u00f3 i \u00das del Valenci\u00e0), ha portat a terme altres campanyes de normalitzaci\u00f3 en el sector del comer\u00e7, com el repartiment de bosses de tela amb el lema <em>\u00abAlzira viu el Nadal\u00bb<\/em> adre\u00e7ades a forns, pastisseries, fruiteries i verduleries.<\/p>\n<p style=\"text-align: center;\"><a class=\"jcepopup\" href=\"https:\/\/alzira.es\/wp-content\/uploads\/2020\/05\/Premis_concurs_Paraula_de_dona_13.38.02.jpeg\" target=\"_blank\" rel=\"noopener\"><img fetchpriority=\"high\" decoding=\"async\" class=\" size-full wp-image-49792\" src=\"https:\/\/alzira.es\/wp-content\/uploads\/2020\/05\/Premis_concurs_Paraula_de_dona_13.38.02.jpeg\" alt=\"Premis concurs Paraula de dona 13.38.02\" width=\"666\" height=\"500\" srcset=\"https:\/\/alzira.es\/wp-content\/uploads\/2020\/05\/Premis_concurs_Paraula_de_dona_13.38.02.jpeg 1600w, https:\/\/alzira.es\/wp-content\/uploads\/2020\/05\/Premis_concurs_Paraula_de_dona_13.38.02-680x510.jpeg 680w, https:\/\/alzira.es\/wp-content\/uploads\/2020\/05\/Premis_concurs_Paraula_de_dona_13.38.02-1430x1072.jpeg 1430w, https:\/\/alzira.es\/wp-content\/uploads\/2020\/05\/Premis_concurs_Paraula_de_dona_13.38.02-768x576.jpeg 768w, https:\/\/alzira.es\/wp-content\/uploads\/2020\/05\/Premis_concurs_Paraula_de_dona_13.38.02-1536x1152.jpeg 1536w\" sizes=\"(max-width: 666px) 100vw, 666px\" \/><\/a>&nbsp;<a class=\"jcepopup\" style=\"font-size: 14.4px; text-align: center;\" type=\"image\" href=\"https:\/\/alzira.es\/wp-content\/uploads\/2020\/05\/Premis_concurs_Paraula_de_dona_13.38.03.jpeg\" target=\"_blank\" rel=\"noopener\"><img decoding=\"async\" class=\"size-full wp-image-49796 lazyload\" data-src=\"https:\/\/alzira.es\/wp-content\/uploads\/2020\/05\/Premis_concurs_Paraula_de_dona_13.38.03.jpeg\" alt=\"Premis concurs Paraula de dona 13.38.03\" width=\"375\" height=\"500\" data-srcset=\"https:\/\/alzira.es\/wp-content\/uploads\/2020\/05\/Premis_concurs_Paraula_de_dona_13.38.03.jpeg 1200w, https:\/\/alzira.es\/wp-content\/uploads\/2020\/05\/Premis_concurs_Paraula_de_dona_13.38.03-383x510.jpeg 383w, https:\/\/alzira.es\/wp-content\/uploads\/2020\/05\/Premis_concurs_Paraula_de_dona_13.38.03-804x1072.jpeg 804w, https:\/\/alzira.es\/wp-content\/uploads\/2020\/05\/Premis_concurs_Paraula_de_dona_13.38.03-768x1024.jpeg 768w, https:\/\/alzira.es\/wp-content\/uploads\/2020\/05\/Premis_concurs_Paraula_de_dona_13.38.03-1152x1536.jpeg 1152w\" data-sizes=\"(max-width: 375px) 100vw, 375px\" src=\"data:image\/svg+xml;base64,PHN2ZyB3aWR0aD0iMSIgaGVpZ2h0PSIxIiB4bWxucz0iaHR0cDovL3d3dy53My5vcmcvMjAwMC9zdmciPjwvc3ZnPg==\" style=\"--smush-placeholder-width: 375px; --smush-placeholder-aspect-ratio: 375\/500;\" \/><\/a><\/p>\n","protected":false},"excerpt":{"rendered":"<p>Este mat\u00ed, ha tingut lloc el lliurament dels premis del Concurs d&#8217;Instagram \u00abParaula de dona\u00bb, que convoca per tercer any la Regidoria de Cultura i el Serval (Servei Alzireny de Promoci\u00f3 i \u00das del Valenci\u00e0). Les guanyadores, totes elles dones, han estat les usu\u00e0ries dels perfils d&#8217;Instagram @enadenerea, @rosssss_79, @wayofmai @maruja_macarra i @valli.r_, que es &hellip; <\/p>\n<p class=\"link-more\"><a href=\"https:\/\/alzira.es\/es\/np-premis-concurs-paraula-de-dona-2\/\" class=\"more-link\">Continuar leyendo<span class=\"screen-reader-text\"> \u00abHui s\u2019han lliurat els premis del concurs d\u2019Instagram \u201cParaula de dona\u201d\u00bb<\/span><\/a><\/p>\n","protected":false},"author":29,"featured_media":49792,"comment_status":"","ping_status":"","sticky":false,"template":"","format":"standard","meta":{"_acf_changed":false,"footnotes":""},"categories":[],"tags":[],"class_list":["post-49801","post","type-post","status-publish","format-standard","has-post-thumbnail","hentry"],"acf":[],"_links":{"self":[{"href":"https:\/\/alzira.es\/es\/wp-json\/wp\/v2\/posts\/49801","targetHints":{"allow":["GET"]}}],"collection":[{"href":"https:\/\/alzira.es\/es\/wp-json\/wp\/v2\/posts"}],"about":[{"href":"https:\/\/alzira.es\/es\/wp-json\/wp\/v2\/types\/post"}],"author":[{"embeddable":true,"href":"https:\/\/alzira.es\/es\/wp-json\/wp\/v2\/users\/29"}],"replies":[{"embeddable":true,"href":"https:\/\/alzira.es\/es\/wp-json\/wp\/v2\/comments?post=49801"}],"version-history":[{"count":0,"href":"https:\/\/alzira.es\/es\/wp-json\/wp\/v2\/posts\/49801\/revisions"}],"wp:featuredmedia":[{"embeddable":true,"href":"https:\/\/alzira.es\/es\/wp-json\/wp\/v2\/media\/49792"}],"wp:attachment":[{"href":"https:\/\/alzira.es\/es\/wp-json\/wp\/v2\/media?parent=49801"}],"wp:term":[{"taxonomy":"category","embeddable":true,"href":"https:\/\/alzira.es\/es\/wp-json\/wp\/v2\/categories?post=49801"},{"taxonomy":"post_tag","embeddable":true,"href":"https:\/\/alzira.es\/es\/wp-json\/wp\/v2\/tags?post=49801"}],"curies":[{"name":"wp","href":"https:\/\/api.w.org\/{rel}","templated":true}]}}