{"id":49790,"date":"2020-05-29T14:19:30","date_gmt":"2020-05-29T12:19:30","guid":{"rendered":"https:\/\/alzira.es\/gimnas-a-cas-en-juny-2\/"},"modified":"2020-05-29T14:19:30","modified_gmt":"2020-05-29T12:19:30","slug":"gimnas-a-cas-en-juny-2","status":"publish","type":"post","link":"https:\/\/alzira.es\/es\/gimnas-a-cas-en-juny-2\/","title":{"rendered":"Al mes de juny continua la programaci\u00f3 del Gimn\u00e0s Municipal en Casa"},"content":{"rendered":"<p>Seguim baix l&#8217;estat d&#8217;alarma, per\u00f2 en proc\u00e9s de desescalada.<\/p>\n<p>Des de la Regidoria d&#8217;Esports, mentre no tingam l&#8217;autoritzaci\u00f3 per part del Ministeri de Sanitat per a obrir els gimn\u00e0s, <span style=\"text-decoration: underline;\">seguim amb la programaci\u00f3 del Gimn\u00e0s Municipal en Casa.<\/span><\/p>\n<p><strong>De dilluns a divendres<\/strong>, <strong>a les 10 h de mat\u00ed i a les 18 h de la vesprada<\/strong> <strong>pots seguir les activitats als perfils de Facebook del Servei Municipal d&#8217;Esports i de l&#8217;Ajuntament d&#8217;Alzira<\/strong>.<\/p>\n<p>Els monitors del gimn\u00e0s municipal s\u00f3n els encarregats de supervisar i marcar les taules d&#8217;exercicis per a poder exercitar-nos i fer esport des de casa. Entre les activitat programades estan el cubb\u00e0 b\u00e0sic, cubb\u00e0, gimn\u00e0stica de manteniment, aix\u00ed com estiraments i tonificaci\u00f3.<\/p>\n<p>A m\u00e9s et proposem cada mat\u00ed a les 8 la realitzaci\u00f3 de dos exercicis funcionals pensats per a que cada u el puga adaptar al seu nivell de condici\u00f3 f\u00edsica i iniciar el dia amb molta energia. Nom\u00e9s en 10 minuts ens poden aportar molts beneficis com: <em>millorar la salut cardiovascular; enfortir els m\u00fasculs; millorar el rang de mobilitat articular; alleujar l&#8217;ansietat i fins i tot millorar l&#8217;autoestima<\/em>.<\/p>\n<p><strong>Fernando Pascual<\/strong>, regidor d&#8217;Esports, anima a totes i tots a seguir exercitant-se amb els exercicis que ens oferixen tots els magn\u00edfics monitors del Gimn\u00e0s i la Piscina Municipal.<\/p>\n<p><img fetchpriority=\"high\" decoding=\"async\" width=\"1000\" height=\"1000\" class=\" size-full wp-image-47847\" style=\"display: block; margin-left: auto; margin-right: auto;\" src=\"https:\/\/alzira.es\/wp-content\/uploads\/2020\/06\/GIMNASENCASA_JUNY_SETMANA1.jpg\" alt=\"GIMNASENCASA JUNY SETMANA1\" srcset=\"https:\/\/alzira.es\/wp-content\/uploads\/2020\/06\/GIMNASENCASA_JUNY_SETMANA1.jpg 1000w, https:\/\/alzira.es\/wp-content\/uploads\/2020\/06\/GIMNASENCASA_JUNY_SETMANA1-510x510.jpg 510w, https:\/\/alzira.es\/wp-content\/uploads\/2020\/06\/GIMNASENCASA_JUNY_SETMANA1-350x350.jpg 350w, https:\/\/alzira.es\/wp-content\/uploads\/2020\/06\/GIMNASENCASA_JUNY_SETMANA1-768x768.jpg 768w, https:\/\/alzira.es\/wp-content\/uploads\/2020\/06\/GIMNASENCASA_JUNY_SETMANA1-100x100.jpg 100w\" sizes=\"(max-width: 706px) 89vw, (max-width: 767px) 82vw, 740px\" \/><\/p>\n","protected":false},"excerpt":{"rendered":"<p>Seguim baix l&#8217;estat d&#8217;alarma, per\u00f2 en proc\u00e9s de desescalada. Des de la Regidoria d&#8217;Esports, mentre no tingam l&#8217;autoritzaci\u00f3 per part del Ministeri de Sanitat per a obrir els gimn\u00e0s, seguim amb la programaci\u00f3 del Gimn\u00e0s Municipal en Casa. De dilluns a divendres, a les 10 h de mat\u00ed i a les 18 h de la &hellip; <\/p>\n<p class=\"link-more\"><a href=\"https:\/\/alzira.es\/es\/gimnas-a-cas-en-juny-2\/\" class=\"more-link\">Continuar leyendo<span class=\"screen-reader-text\"> \u00abAl mes de juny continua la programaci\u00f3 del Gimn\u00e0s Municipal en Casa\u00bb<\/span><\/a><\/p>\n","protected":false},"author":29,"featured_media":47847,"comment_status":"","ping_status":"","sticky":false,"template":"","format":"standard","meta":{"_acf_changed":false,"footnotes":""},"categories":[],"tags":[],"class_list":["post-49790","post","type-post","status-publish","format-standard","has-post-thumbnail","hentry"],"acf":[],"_links":{"self":[{"href":"https:\/\/alzira.es\/es\/wp-json\/wp\/v2\/posts\/49790","targetHints":{"allow":["GET"]}}],"collection":[{"href":"https:\/\/alzira.es\/es\/wp-json\/wp\/v2\/posts"}],"about":[{"href":"https:\/\/alzira.es\/es\/wp-json\/wp\/v2\/types\/post"}],"author":[{"embeddable":true,"href":"https:\/\/alzira.es\/es\/wp-json\/wp\/v2\/users\/29"}],"replies":[{"embeddable":true,"href":"https:\/\/alzira.es\/es\/wp-json\/wp\/v2\/comments?post=49790"}],"version-history":[{"count":0,"href":"https:\/\/alzira.es\/es\/wp-json\/wp\/v2\/posts\/49790\/revisions"}],"wp:featuredmedia":[{"embeddable":true,"href":"https:\/\/alzira.es\/es\/wp-json\/wp\/v2\/media\/47847"}],"wp:attachment":[{"href":"https:\/\/alzira.es\/es\/wp-json\/wp\/v2\/media?parent=49790"}],"wp:term":[{"taxonomy":"category","embeddable":true,"href":"https:\/\/alzira.es\/es\/wp-json\/wp\/v2\/categories?post=49790"},{"taxonomy":"post_tag","embeddable":true,"href":"https:\/\/alzira.es\/es\/wp-json\/wp\/v2\/tags?post=49790"}],"curies":[{"name":"wp","href":"https:\/\/api.w.org\/{rel}","templated":true}]}}