{"id":49786,"date":"2020-05-29T11:01:12","date_gmt":"2020-05-29T09:01:12","guid":{"rendered":"https:\/\/alzira.es\/np-cremes-agricoles-juny-2\/"},"modified":"2020-05-29T11:01:12","modified_gmt":"2020-05-29T09:01:12","slug":"np-cremes-agricoles-juny-2","status":"publish","type":"post","link":"https:\/\/alzira.es\/es\/np-cremes-agricoles-juny-2\/","title":{"rendered":"S\u2019obri el per\u00edode extraordinari per a les cremes agr\u00edcoles excepcionals"},"content":{"rendered":"<p style=\"text-align: justify;\"><em>\u2022 No es permet la crema en urbanitzacions i nuclis habitats<\/em><br \/><em>\u2022 El cremador ser\u00e0 obligatori en la majoria del s\u00f2l agr\u00edcola<\/em><br \/><em>\u2022 Del 16 de juliol al 30 de setembre no es permetran les cremes per risc d&#8217;incendi<\/em><\/p>\n<p style=\"text-align: justify;\"><strong>La Regidoria de Medi Ambient, Agricultura i Transici\u00f3 Ecol\u00f2gica informa que el pr\u00f2xim diumenge 31 de maig finalitza la vig\u00e8ncia de la resoluci\u00f3 de 10 d&#8217;abril de 2020<\/strong>, del director general de Prevenci\u00f3 d&#8217;Incendis Forestals, en la qual es regulaven les condicions per a la crema de restes agr\u00edcoles en tot el territori valenci\u00e0.<\/p>\n<p style=\"text-align: justify;\">La realitat agr\u00e0ria del terme municipal d&#8217;Alzira amb nombroses plantacions de varietats tardanes de c\u00edtrics comporta haver de gestionar restes de poda en les \u00e8poques de major risc per incendi forestal. Este fet implica que per a possibilitar als agricultors l&#8217;eliminaci\u00f3 de les restes de poda, s&#8217;haja d&#8217;ampliar extraordin\u00e0riament el per\u00edode de cremes agr\u00edcoles amb unes <strong>limitacions espec\u00edfiques que garantisquen la seguretat i el control de les cremes<\/strong>.<\/p>\n<p style=\"text-align: justify;\">Amb car\u00e0cter extraordinari i degut a esta particularitat de l&#8217;agricultura alzirenya, <strong>a partir de l&#8217;1 de juny i fins al 15 de juliol entraran en vigor les seg\u00fcents condicions de seguretat<\/strong> <strong>per a obtenir l&#8217;autoritzaci\u00f3 de les cremes agr\u00edcoles<\/strong>, tal com es reflectix en el Pla local de cremes agr\u00edcoles:<\/p>\n<p style=\"text-align: justify; margin-left: 30px;\">1.- No es podr\u00e0 cremar en el sol agr\u00edcola a menys de 30 metres del sol forestal.<br \/>2.- No es podr\u00e0 cremar ni en sol forestal ni en les parcel\u00b7les urbanes ni en les parcel\u00b7les r\u00fastiques que presenten un car\u00e0cter urb\u00e0 (nuclis habitats).<br \/>3.- A les valls agr\u00edcoles de la Murta, la Casella i d&#8217;Aig\u00fces Vives, i en altres partides pr\u00f2ximes a les serres de Corbera, les Agulles i la Garrofera, s&#8217;haur\u00e0 de cremar sempre amb cremador agr\u00edcola. A m\u00e9s, en estos indrets, si el cremador agr\u00edcola es troba entre els 30 i els 100 metres de sol forestal, haur\u00e0 d&#8217;estar equipat amb xarxa llevaespurnes.<br \/>4.- En la resta del sol agr\u00edcola del terme municipal, el cremador ser\u00e0 obligatori si el punt de crema es troba entre els 30 i els 100 metres de sol forestal. En este cas, la xarxa llevaespurnes ser\u00e0 recomanable per\u00f2 no obligat\u00f2ria.<br \/>5.- L&#8217;horari per a les cremes ser\u00e0 des de l&#8217;eixida del sol fins a les 10 del mat\u00ed. La crema haur\u00e0 d&#8217;estar totalment apagada a eixa hora i no s&#8217;abandonar\u00e0 fins a estar completament extinta.<br \/>6.- Es podr\u00e0 cremar de dilluns a divendres, ambd\u00f3s inclosos, excepte en festius.<br \/>7.- Pr\u00e8viament a la crema s&#8217;haur\u00e0 de consultar el risc per incendi forestal en www.112cv.gva.es, ja que nom\u00e9s es podr\u00e0 cremar amb risc baix-mitj\u00e0. En risc elevat i extrem estar\u00e0 totalment prohibit.<\/p>\n<p style=\"text-align: justify;\"><strong>Cal recordar que des del 16 de juliol fins al 30 de setembre, ambd\u00f3s inclosos, no s&#8217;autoritzar\u00e0 la realitzaci\u00f3 de cremes agr\u00edcoles en les zones forestals i en una franja de 500 metres al voltant d&#8217;estes<\/strong>.<\/p>\n<p style=\"text-align: justify;\"><span style=\"text-decoration: underline;\">Les vies per a sol\u00b7licitar totes les autoritzacions, incloses les de la Barraca d&#8217;Aig\u00fces Vives i la Garrofera, seran les seg\u00fcents<\/span>:<\/p>\n<p style=\"text-align: justify; margin-left: 30px;\">\u2022 Personalment en el Registre de la Clau, demanant cita pr\u00e8via: <a href=\"https:\/\/citaprevia.alzira.es\/#!\/es\/home\" target=\"_blank\" rel=\"noopener\"><span style=\"color: #ff00ff;\"><strong><em><span style=\"color: #ff00ff;\">https:\/\/citaprevia.alzira.es\/#!\/home<\/span><\/em><\/strong><\/span><\/a><\/p>\n<p style=\"margin-left: 30px; text-align: left;\">\u2022 Telem\u00e0ticament amb firma digital a trav\u00e9s d&#8217;alzira.es\/ administracio 24h\/tramita des de casa: <a href=\"https:\/\/sedeelectronica.alzira.es\/PortalCiudadano\/tramites\/browser.do\" target=\"_blank\" rel=\"noopener\"><span style=\"color: #993300;\"><em><strong><span style=\"color: #993300;\">https:\/\/sedeelectronica.alzira.es\/PortalCiudadano\/tramites\/browser.do<\/span><\/strong><\/em><\/span><\/a><\/p>\n<p style=\"text-align: justify; margin-left: 30px;\"><span style=\"font-size: 14.4px;\">Des de l&#8217;Ajuntament d&#8217;Alzira se sol\u00b7licita la col\u00b7laboraci\u00f3 ciutadana per a evitar situacions de risc que puguen derivar en un incendi forestal.<\/span><\/p>\n<p style=\"text-align: center;\"><img fetchpriority=\"high\" decoding=\"async\" width=\"1015\" height=\"745\" class=\" size-full wp-image-49774\" src=\"https:\/\/alzira.es\/wp-content\/uploads\/2020\/05\/cremador.jpg\" alt=\"cremador\" srcset=\"https:\/\/alzira.es\/wp-content\/uploads\/2020\/05\/cremador.jpg 1015w, https:\/\/alzira.es\/wp-content\/uploads\/2020\/05\/cremador-680x499.jpg 680w, https:\/\/alzira.es\/wp-content\/uploads\/2020\/05\/cremador-768x564.jpg 768w\" sizes=\"(max-width: 706px) 89vw, (max-width: 767px) 82vw, 740px\" \/>&nbsp;<a href=\"https:\/\/alzira.es\/wp-content\/uploads\/2020\/05\/quemadores_agricolas.pdf\" target=\"_blank\" rel=\"noopener\"><img decoding=\"async\" class=\"size-full wp-image-49780 lazyload\" data-src=\"https:\/\/alzira.es\/wp-content\/uploads\/2020\/05\/quemadores_agricolas_1.png\" alt=\"quemadores agricolas 1\" width=\"507\" height=\"507\" data-srcset=\"https:\/\/alzira.es\/wp-content\/uploads\/2020\/05\/quemadores_agricolas_1.png 659w, https:\/\/alzira.es\/wp-content\/uploads\/2020\/05\/quemadores_agricolas_1-510x510.png 510w, https:\/\/alzira.es\/wp-content\/uploads\/2020\/05\/quemadores_agricolas_1-350x350.png 350w, https:\/\/alzira.es\/wp-content\/uploads\/2020\/05\/quemadores_agricolas_1-100x100.png 100w\" data-sizes=\"(max-width: 507px) 100vw, 507px\" src=\"data:image\/svg+xml;base64,PHN2ZyB3aWR0aD0iMSIgaGVpZ2h0PSIxIiB4bWxucz0iaHR0cDovL3d3dy53My5vcmcvMjAwMC9zdmciPjwvc3ZnPg==\" style=\"--smush-placeholder-width: 507px; --smush-placeholder-aspect-ratio: 507\/507;\" \/><\/a>&nbsp;<a class=\"jcepopup\" href=\"https:\/\/alzira.es\/wp-content\/uploads\/2020\/05\/cremes_agricoles-01.jpg\" target=\"_blank\" rel=\"noopener\"><img decoding=\"async\" class=\"size-full wp-image-49782 lazyload\" data-src=\"https:\/\/alzira.es\/wp-content\/uploads\/2020\/05\/cremes_agricoles-01.jpg\" alt=\"cremes agricoles-01\" width=\"507\" height=\"507\" data-srcset=\"https:\/\/alzira.es\/wp-content\/uploads\/2020\/05\/cremes_agricoles-01.jpg 1571w, https:\/\/alzira.es\/wp-content\/uploads\/2020\/05\/cremes_agricoles-01-510x510.jpg 510w, https:\/\/alzira.es\/wp-content\/uploads\/2020\/05\/cremes_agricoles-01-1072x1072.jpg 1072w, https:\/\/alzira.es\/wp-content\/uploads\/2020\/05\/cremes_agricoles-01-350x350.jpg 350w, https:\/\/alzira.es\/wp-content\/uploads\/2020\/05\/cremes_agricoles-01-768x768.jpg 768w, https:\/\/alzira.es\/wp-content\/uploads\/2020\/05\/cremes_agricoles-01-1536x1536.jpg 1536w, https:\/\/alzira.es\/wp-content\/uploads\/2020\/05\/cremes_agricoles-01-100x100.jpg 100w\" data-sizes=\"(max-width: 507px) 100vw, 507px\" src=\"data:image\/svg+xml;base64,PHN2ZyB3aWR0aD0iMSIgaGVpZ2h0PSIxIiB4bWxucz0iaHR0cDovL3d3dy53My5vcmcvMjAwMC9zdmciPjwvc3ZnPg==\" style=\"--smush-placeholder-width: 507px; --smush-placeholder-aspect-ratio: 507\/507;\" \/><\/a><\/p>\n","protected":false},"excerpt":{"rendered":"<p>\u2022 No es permet la crema en urbanitzacions i nuclis habitats\u2022 El cremador ser\u00e0 obligatori en la majoria del s\u00f2l agr\u00edcola\u2022 Del 16 de juliol al 30 de setembre no es permetran les cremes per risc d&#8217;incendi La Regidoria de Medi Ambient, Agricultura i Transici\u00f3 Ecol\u00f2gica informa que el pr\u00f2xim diumenge 31 de maig finalitza &hellip; <\/p>\n<p class=\"link-more\"><a href=\"https:\/\/alzira.es\/es\/np-cremes-agricoles-juny-2\/\" class=\"more-link\">Continuar leyendo<span class=\"screen-reader-text\"> \u00abS\u2019obri el per\u00edode extraordinari per a les cremes agr\u00edcoles excepcionals\u00bb<\/span><\/a><\/p>\n","protected":false},"author":29,"featured_media":49774,"comment_status":"","ping_status":"","sticky":false,"template":"","format":"standard","meta":{"_acf_changed":false,"footnotes":""},"categories":[],"tags":[],"class_list":["post-49786","post","type-post","status-publish","format-standard","has-post-thumbnail","hentry"],"acf":[],"_links":{"self":[{"href":"https:\/\/alzira.es\/es\/wp-json\/wp\/v2\/posts\/49786","targetHints":{"allow":["GET"]}}],"collection":[{"href":"https:\/\/alzira.es\/es\/wp-json\/wp\/v2\/posts"}],"about":[{"href":"https:\/\/alzira.es\/es\/wp-json\/wp\/v2\/types\/post"}],"author":[{"embeddable":true,"href":"https:\/\/alzira.es\/es\/wp-json\/wp\/v2\/users\/29"}],"replies":[{"embeddable":true,"href":"https:\/\/alzira.es\/es\/wp-json\/wp\/v2\/comments?post=49786"}],"version-history":[{"count":0,"href":"https:\/\/alzira.es\/es\/wp-json\/wp\/v2\/posts\/49786\/revisions"}],"wp:featuredmedia":[{"embeddable":true,"href":"https:\/\/alzira.es\/es\/wp-json\/wp\/v2\/media\/49774"}],"wp:attachment":[{"href":"https:\/\/alzira.es\/es\/wp-json\/wp\/v2\/media?parent=49786"}],"wp:term":[{"taxonomy":"category","embeddable":true,"href":"https:\/\/alzira.es\/es\/wp-json\/wp\/v2\/categories?post=49786"},{"taxonomy":"post_tag","embeddable":true,"href":"https:\/\/alzira.es\/es\/wp-json\/wp\/v2\/tags?post=49786"}],"curies":[{"name":"wp","href":"https:\/\/api.w.org\/{rel}","templated":true}]}}