{"id":49765,"date":"2020-05-28T13:21:03","date_gmt":"2020-05-28T11:21:03","guid":{"rendered":"https:\/\/alzira.es\/np-ajudes-autonoms-3\/"},"modified":"2020-05-28T13:21:03","modified_gmt":"2020-05-28T11:21:03","slug":"np-ajudes-autonoms-3","status":"publish","type":"post","link":"https:\/\/alzira.es\/es\/np-ajudes-autonoms-3\/","title":{"rendered":"L\u2019Ajuntament incrementar\u00e0 les ajudes a aut\u00f2noms amb 100.000 \u20ac"},"content":{"rendered":"<p style=\"text-align: justify;\"><strong><em>\u2022 Al voltant de 1.000 empreses han demanat esta ajuda<\/em><\/strong><\/p>\n<p style=\"text-align: justify;\">El Ple de l&#8217;Ajuntament aprovava ahir a proposta de l&#8217;alcaldia d&#8217;augmentar la dotaci\u00f3 d&#8217;estes ajudes amb 100.000 euros m\u00e9s. D&#8217;esta manera la quantia m\u00e0xima de l&#8217;ajuda per a cada sol\u00b7licitant ser\u00e0 de 400 \u20ac, 100 \u20ac m\u00e9s dels que inicialment s&#8217;havien previst. Aix\u00ed, la dotaci\u00f3 d&#8217;estes ajudes amb fons propis de l&#8217;Ajuntament suposa un import global m\u00e0xim de 405.000 euros.<\/p>\n<p style=\"text-align: justify;\">Esta setmana finalitzava el termini per a sol\u00b7licitar estes ajudes i han estat al voltant de 1.000 els comer\u00e7os i negocis que han demanat esta ajuda dirigida a treballadors aut\u00f2noms destinada a la reactivaci\u00f3 econ\u00f2mica en el municipi d&#8217;Alzira i compatible amb les ajudes de la Generalitat Valenciana publicades el passat mes d&#8217;abril. Cal destacar que nom\u00e9s 25 d&#8217;estes ajudes s&#8217;han presentat de manera presencial, la resta han arribat de manera telem\u00e0tica mitjan\u00e7ant els mecanismes habilitats a la seu electr\u00f2nica.<\/p>\n<p style=\"text-align: justify;\"><em>\u00abL&#8217;objectiu \u00e9s estar al costat dels nostres negocis i empreses i dinamitzar i impulsar l&#8217;economia local de manera immediata. La pr\u00f2xima setmana s&#8217;iniciar\u00e0 el procediment per a poder pagar esta ajuda tan prompte com siga possible\u00bb<\/em>, assegura l&#8217;alcalde, <strong>Diego G\u00f3mez<\/strong>.<\/p>\n<p style=\"text-align: justify;\">La comissi\u00f3 de baremaci\u00f3 revisar\u00e0 les sol\u00b7licituds i assignar\u00e0 la quantia estipulada segons els requisits de les bases de la convocat\u00f2ria i el nombre de sol\u00b7licituds, per a determinar la quantia per un import m\u00e0xim de 400 \u20ac.<\/p>\n<p style=\"text-align: justify;\">Recordem que estes ajudes tenen l&#8217;acord favorable i un\u00e0nime del plenari, i tamb\u00e9 comptem amb el vistiplau de la Secretaria i la Intervenci\u00f3 municipals.<\/p>\n<p style=\"text-align: center;\"><img fetchpriority=\"high\" decoding=\"async\" width=\"2107\" height=\"1187\" class=\" size-full wp-image-49759\" src=\"https:\/\/alzira.es\/wp-content\/uploads\/2020\/05\/plenari_26052020.jpg\" alt=\"plenari 26052020\" srcset=\"https:\/\/alzira.es\/wp-content\/uploads\/2020\/05\/plenari_26052020.jpg 2107w, https:\/\/alzira.es\/wp-content\/uploads\/2020\/05\/plenari_26052020-680x383.jpg 680w, https:\/\/alzira.es\/wp-content\/uploads\/2020\/05\/plenari_26052020-1430x806.jpg 1430w, https:\/\/alzira.es\/wp-content\/uploads\/2020\/05\/plenari_26052020-768x433.jpg 768w, https:\/\/alzira.es\/wp-content\/uploads\/2020\/05\/plenari_26052020-1536x865.jpg 1536w, https:\/\/alzira.es\/wp-content\/uploads\/2020\/05\/plenari_26052020-2048x1154.jpg 2048w\" sizes=\"(max-width: 706px) 89vw, (max-width: 767px) 82vw, 740px\" \/><\/p>\n","protected":false},"excerpt":{"rendered":"<p>\u2022 Al voltant de 1.000 empreses han demanat esta ajuda El Ple de l&#8217;Ajuntament aprovava ahir a proposta de l&#8217;alcaldia d&#8217;augmentar la dotaci\u00f3 d&#8217;estes ajudes amb 100.000 euros m\u00e9s. D&#8217;esta manera la quantia m\u00e0xima de l&#8217;ajuda per a cada sol\u00b7licitant ser\u00e0 de 400 \u20ac, 100 \u20ac m\u00e9s dels que inicialment s&#8217;havien previst. Aix\u00ed, la dotaci\u00f3 &hellip; <\/p>\n<p class=\"link-more\"><a href=\"https:\/\/alzira.es\/es\/np-ajudes-autonoms-3\/\" class=\"more-link\">Continuar leyendo<span class=\"screen-reader-text\"> \u00abL\u2019Ajuntament incrementar\u00e0 les ajudes a aut\u00f2noms amb 100.000 \u20ac\u00bb<\/span><\/a><\/p>\n","protected":false},"author":29,"featured_media":49759,"comment_status":"","ping_status":"","sticky":false,"template":"","format":"standard","meta":{"_acf_changed":false,"footnotes":""},"categories":[],"tags":[],"class_list":["post-49765","post","type-post","status-publish","format-standard","has-post-thumbnail","hentry"],"acf":[],"_links":{"self":[{"href":"https:\/\/alzira.es\/es\/wp-json\/wp\/v2\/posts\/49765","targetHints":{"allow":["GET"]}}],"collection":[{"href":"https:\/\/alzira.es\/es\/wp-json\/wp\/v2\/posts"}],"about":[{"href":"https:\/\/alzira.es\/es\/wp-json\/wp\/v2\/types\/post"}],"author":[{"embeddable":true,"href":"https:\/\/alzira.es\/es\/wp-json\/wp\/v2\/users\/29"}],"replies":[{"embeddable":true,"href":"https:\/\/alzira.es\/es\/wp-json\/wp\/v2\/comments?post=49765"}],"version-history":[{"count":0,"href":"https:\/\/alzira.es\/es\/wp-json\/wp\/v2\/posts\/49765\/revisions"}],"wp:featuredmedia":[{"embeddable":true,"href":"https:\/\/alzira.es\/es\/wp-json\/wp\/v2\/media\/49759"}],"wp:attachment":[{"href":"https:\/\/alzira.es\/es\/wp-json\/wp\/v2\/media?parent=49765"}],"wp:term":[{"taxonomy":"category","embeddable":true,"href":"https:\/\/alzira.es\/es\/wp-json\/wp\/v2\/categories?post=49765"},{"taxonomy":"post_tag","embeddable":true,"href":"https:\/\/alzira.es\/es\/wp-json\/wp\/v2\/tags?post=49765"}],"curies":[{"name":"wp","href":"https:\/\/api.w.org\/{rel}","templated":true}]}}