{"id":49762,"date":"2020-05-28T13:21:03","date_gmt":"2020-05-28T11:21:03","guid":{"rendered":"https:\/\/alzira.es\/np-ajudes-autonoms\/"},"modified":"2020-05-28T13:21:03","modified_gmt":"2020-05-28T11:21:03","slug":"np-ajudes-autonoms","status":"publish","type":"post","link":"https:\/\/alzira.es\/es\/np-ajudes-autonoms\/","title":{"rendered":"El Ayuntamiento incrementar\u00e1 las ayudas a aut\u00f3nomos con 100.000 \u20ac"},"content":{"rendered":"<p style=\"text-align: justify;\"><em><strong>\u2022 Alrededor de 1.000 empresas han pedido esta ayuda<\/strong><\/em><\/p>\n<p>El Pleno del Ayuntamiento aprobaba ayer a propuesta de la alcald\u00eda de aumentar la dotaci\u00f3n de estas ayudas con 100.000 euros m\u00e1s. De esta manera la cuant\u00eda m\u00e1xima de la ayuda para cada solicitante ser\u00e1 de 400 \u20ac, 100 \u20ac m\u00e1s de los que inicialmente se hab\u00edan previsto. As\u00ed, la dotaci\u00f3n de estas ayudas con fondos propios del Ayuntamiento supone un importe global m\u00e1ximo de 405.000 euros.<\/p>\n<p>Esta semana finalizaba el plazo para solicitar estas ayudas y han estado alrededor de 1.000 los comercios y negocios que han pedido esta ayuda dirigida a trabajadores aut\u00f3nomos destinada a la reactivaci\u00f3n econ\u00f3mica en el municipio de Alzira y compatible con las ayudas de la Generalitat Valenciana publicadas el pasado mes de abril. Hay que destacar que solo 25 de estas ayudas se han presentado de manera presencial, el resto han llegado de manera telem\u00e1tica mediante los mecanismos habilitados a la sede electr\u00f3nica.<\/p>\n<p><em>\u00abEl objetivo es estar junto a nuestros negocios y empresas y dinamizar e impulsar la econom\u00eda local de manera inmediata. La pr\u00f3xima semana se iniciar\u00e1 el procedimiento para poder pagar esta ayuda tan pronto como sea posible\u00bb<\/em>, asegura el alcalde, <strong>Diego G\u00f3mez<\/strong>.<\/p>\n<p>La comisi\u00f3n de baremaci\u00f3n revisar\u00e1 las solicitudes y asignar\u00e1 la cuant\u00eda estipulada seg\u00fan los requisitos de las bases de la convocatoria y el n\u00famero de solicitudes, para determinar la cuant\u00eda por un importe m\u00e1ximo de 400 \u20ac.<\/p>\n<p>Recordamos que estas ayudas tienen el acuerdo favorable y un\u00e1nime del plenario, y tambi\u00e9n contamos con el visto bueno de la Secretar\u00eda y la Intervenci\u00f3n municipales.<\/p>\n<p style=\"text-align: center;\"><img fetchpriority=\"high\" decoding=\"async\" width=\"2107\" height=\"1187\" class=\" size-full wp-image-49759\" src=\"https:\/\/alzira.es\/wp-content\/uploads\/2020\/05\/plenari_26052020.jpg\" alt=\"plenari 26052020\" srcset=\"https:\/\/alzira.es\/wp-content\/uploads\/2020\/05\/plenari_26052020.jpg 2107w, https:\/\/alzira.es\/wp-content\/uploads\/2020\/05\/plenari_26052020-680x383.jpg 680w, https:\/\/alzira.es\/wp-content\/uploads\/2020\/05\/plenari_26052020-1430x806.jpg 1430w, https:\/\/alzira.es\/wp-content\/uploads\/2020\/05\/plenari_26052020-768x433.jpg 768w, https:\/\/alzira.es\/wp-content\/uploads\/2020\/05\/plenari_26052020-1536x865.jpg 1536w, https:\/\/alzira.es\/wp-content\/uploads\/2020\/05\/plenari_26052020-2048x1154.jpg 2048w\" sizes=\"(max-width: 706px) 89vw, (max-width: 767px) 82vw, 740px\" \/><\/p>\n","protected":false},"excerpt":{"rendered":"<p>\u2022 Alrededor de 1.000 empresas han pedido esta ayuda El Pleno del Ayuntamiento aprobaba ayer a propuesta de la alcald\u00eda de aumentar la dotaci\u00f3n de estas ayudas con 100.000 euros m\u00e1s. De esta manera la cuant\u00eda m\u00e1xima de la ayuda para cada solicitante ser\u00e1 de 400 \u20ac, 100 \u20ac m\u00e1s de los que inicialmente se &hellip; <\/p>\n<p class=\"link-more\"><a href=\"https:\/\/alzira.es\/es\/np-ajudes-autonoms\/\" class=\"more-link\">Continuar leyendo<span class=\"screen-reader-text\"> \u00abEl Ayuntamiento incrementar\u00e1 las ayudas a aut\u00f3nomos con 100.000 \u20ac\u00bb<\/span><\/a><\/p>\n","protected":false},"author":29,"featured_media":49759,"comment_status":"","ping_status":"","sticky":false,"template":"","format":"standard","meta":{"_acf_changed":false,"footnotes":""},"categories":[4936],"tags":[],"class_list":["post-49762","post","type-post","status-publish","format-standard","has-post-thumbnail","hentry","category-hemeroteca-es"],"acf":[],"_links":{"self":[{"href":"https:\/\/alzira.es\/es\/wp-json\/wp\/v2\/posts\/49762","targetHints":{"allow":["GET"]}}],"collection":[{"href":"https:\/\/alzira.es\/es\/wp-json\/wp\/v2\/posts"}],"about":[{"href":"https:\/\/alzira.es\/es\/wp-json\/wp\/v2\/types\/post"}],"author":[{"embeddable":true,"href":"https:\/\/alzira.es\/es\/wp-json\/wp\/v2\/users\/29"}],"replies":[{"embeddable":true,"href":"https:\/\/alzira.es\/es\/wp-json\/wp\/v2\/comments?post=49762"}],"version-history":[{"count":0,"href":"https:\/\/alzira.es\/es\/wp-json\/wp\/v2\/posts\/49762\/revisions"}],"wp:featuredmedia":[{"embeddable":true,"href":"https:\/\/alzira.es\/es\/wp-json\/wp\/v2\/media\/49759"}],"wp:attachment":[{"href":"https:\/\/alzira.es\/es\/wp-json\/wp\/v2\/media?parent=49762"}],"wp:term":[{"taxonomy":"category","embeddable":true,"href":"https:\/\/alzira.es\/es\/wp-json\/wp\/v2\/categories?post=49762"},{"taxonomy":"post_tag","embeddable":true,"href":"https:\/\/alzira.es\/es\/wp-json\/wp\/v2\/tags?post=49762"}],"curies":[{"name":"wp","href":"https:\/\/api.w.org\/{rel}","templated":true}]}}