{"id":49757,"date":"2020-05-27T12:51:52","date_gmt":"2020-05-27T10:51:52","guid":{"rendered":"https:\/\/alzira.es\/np-fumigacio-mosca-negra-2\/"},"modified":"2020-05-27T12:51:52","modified_gmt":"2020-05-27T10:51:52","slug":"np-fumigacio-mosca-negra-2","status":"publish","type":"post","link":"https:\/\/alzira.es\/es\/np-fumigacio-mosca-negra-2\/","title":{"rendered":"Esta setmana es far\u00e0 el tractament aeri contra la mosca negra"},"content":{"rendered":"<p style=\"text-align: justify;\"><strong>Alzira comen\u00e7a el tractament contra la mosca negra amb fumigaci\u00f3 a\u00e8ria al llarg de tot el riu a partir de dem\u00e0<\/strong>, <strong>28 de maig<\/strong>.<\/p>\n<p style=\"text-align: justify;\">L&#8217;any passat la pres\u00e8ncia d&#8217;insectes es va reduir significativament amb este tractament aeri, per aix\u00f2 de cara a l&#8217;arribada de les altes temperatures s&#8217;ha tornat a gestionar mitjan\u00e7ant la Mancomunitat de la Ribera esta campanya de tractament contra la mosca negra amb el qual es podr\u00e0 arribar a diferents llocs de dif\u00edcil acc\u00e9s per mitjans terrestres.<\/p>\n<p style=\"text-align: justify;\">Despr\u00e9s de la petici\u00f3 a la Conselleria, la setmana passada experts de la Universitat de Val\u00e8ncia van visitar l&#8217;entorn per a estudiar en quin punt estaven les larves i si era convenient fer el tractament ja o hav\u00edem d&#8217;esperar.<\/p>\n<p style=\"text-align: justify;\"><em>\u00abEl problema que tenim a la nostra ciutat \u00e9s que la mosca negra pot volar entre 30 i 40 kil\u00f2metres i Alzira es convertix en l&#8217;epicentre de la plaga, per aix\u00f2 \u00e9s fonamental treballar de forma mancomunada. Tamb\u00e9 \u00e9s important que destaquem que en tots els casos s&#8217;utilitzen productes ecol\u00f2gics, que no tenen cap perill ni per a les persones ni per a l&#8217;ecosistema del riu\u00bb<\/em>, assegura la regidora de Sanitat, <strong>Gemma Al\u00f3s<\/strong>.<\/p>\n<p style=\"text-align: justify;\">Per la seua banda, l&#8217;empresa encarregada de fer el tractament, Lok\u00edmica, ha explicat que els tractaments amb helic\u00f2pter nom\u00e9s es poden fer abans de tindre poblaci\u00f3 adulta, perqu\u00e8 \u00e9s un tractament contra larves, no per a atacar insectes adults.<\/p>\n<p style=\"text-align: justify;\">Esta acci\u00f3 se suma a les ja previstes que estan fent-se als diferents municipis de la Ribera i que intenten pal\u00b7liar la gran eclosi\u00f3 d&#8217;estos vectors que s&#8217;ha produ\u00eft este estiu.<\/p>\n<p style=\"text-align: justify;\"><strong>Per a portar a terme este tractament s&#8217;ha utilitzat un producte d&#8217;origen biol\u00f2gic completament selectiu que nom\u00e9s afecta les larves de mosca negra<\/strong>, <strong>l&#8217;esp\u00e8cie a combatre<\/strong>, <strong>i que \u00e9s respectu\u00f3s amb la resta de fauna no objecte de control<\/strong>.<\/p>\n<p style=\"text-align: center;\"><img fetchpriority=\"high\" decoding=\"async\" width=\"1600\" height=\"1200\" class=\" size-full wp-image-49754\" src=\"https:\/\/alzira.es\/wp-content\/uploads\/2020\/05\/NP_Fumigacio_mosca_negra.jpg\" alt=\"NP Fumigaci\u00f3 mosca negra\" srcset=\"https:\/\/alzira.es\/wp-content\/uploads\/2020\/05\/NP_Fumigacio_mosca_negra.jpg 1600w, https:\/\/alzira.es\/wp-content\/uploads\/2020\/05\/NP_Fumigacio_mosca_negra-680x510.jpg 680w, https:\/\/alzira.es\/wp-content\/uploads\/2020\/05\/NP_Fumigacio_mosca_negra-1430x1072.jpg 1430w, https:\/\/alzira.es\/wp-content\/uploads\/2020\/05\/NP_Fumigacio_mosca_negra-768x576.jpg 768w, https:\/\/alzira.es\/wp-content\/uploads\/2020\/05\/NP_Fumigacio_mosca_negra-1536x1152.jpg 1536w\" sizes=\"(max-width: 706px) 89vw, (max-width: 767px) 82vw, 740px\" \/><\/p>\n","protected":false},"excerpt":{"rendered":"<p>Alzira comen\u00e7a el tractament contra la mosca negra amb fumigaci\u00f3 a\u00e8ria al llarg de tot el riu a partir de dem\u00e0, 28 de maig. L&#8217;any passat la pres\u00e8ncia d&#8217;insectes es va reduir significativament amb este tractament aeri, per aix\u00f2 de cara a l&#8217;arribada de les altes temperatures s&#8217;ha tornat a gestionar mitjan\u00e7ant la Mancomunitat de &hellip; <\/p>\n<p class=\"link-more\"><a href=\"https:\/\/alzira.es\/es\/np-fumigacio-mosca-negra-2\/\" class=\"more-link\">Continuar leyendo<span class=\"screen-reader-text\"> \u00abEsta setmana es far\u00e0 el tractament aeri contra la mosca negra\u00bb<\/span><\/a><\/p>\n","protected":false},"author":29,"featured_media":49754,"comment_status":"","ping_status":"","sticky":false,"template":"","format":"standard","meta":{"_acf_changed":false,"footnotes":""},"categories":[],"tags":[],"class_list":["post-49757","post","type-post","status-publish","format-standard","has-post-thumbnail","hentry"],"acf":[],"_links":{"self":[{"href":"https:\/\/alzira.es\/es\/wp-json\/wp\/v2\/posts\/49757","targetHints":{"allow":["GET"]}}],"collection":[{"href":"https:\/\/alzira.es\/es\/wp-json\/wp\/v2\/posts"}],"about":[{"href":"https:\/\/alzira.es\/es\/wp-json\/wp\/v2\/types\/post"}],"author":[{"embeddable":true,"href":"https:\/\/alzira.es\/es\/wp-json\/wp\/v2\/users\/29"}],"replies":[{"embeddable":true,"href":"https:\/\/alzira.es\/es\/wp-json\/wp\/v2\/comments?post=49757"}],"version-history":[{"count":0,"href":"https:\/\/alzira.es\/es\/wp-json\/wp\/v2\/posts\/49757\/revisions"}],"wp:featuredmedia":[{"embeddable":true,"href":"https:\/\/alzira.es\/es\/wp-json\/wp\/v2\/media\/49754"}],"wp:attachment":[{"href":"https:\/\/alzira.es\/es\/wp-json\/wp\/v2\/media?parent=49757"}],"wp:term":[{"taxonomy":"category","embeddable":true,"href":"https:\/\/alzira.es\/es\/wp-json\/wp\/v2\/categories?post=49757"},{"taxonomy":"post_tag","embeddable":true,"href":"https:\/\/alzira.es\/es\/wp-json\/wp\/v2\/tags?post=49757"}],"curies":[{"name":"wp","href":"https:\/\/api.w.org\/{rel}","templated":true}]}}