{"id":49756,"date":"2020-05-27T12:51:52","date_gmt":"2020-05-27T10:51:52","guid":{"rendered":"https:\/\/alzira.es\/np-fumigacio-mosca-negra\/"},"modified":"2020-05-27T12:51:52","modified_gmt":"2020-05-27T10:51:52","slug":"np-fumigacio-mosca-negra","status":"publish","type":"post","link":"https:\/\/alzira.es\/es\/np-fumigacio-mosca-negra\/","title":{"rendered":"Esta semana se har\u00e1 el tratamiento a\u00e9reo contra la mosca negra"},"content":{"rendered":"<p style=\"text-align: justify;\"><strong>Alzira empieza el tratamiento contra la mosca negra con fumigaci\u00f3n a\u00e9rea a lo largo de todo el r\u00edo a partir de ma\u00f1ana<\/strong>, <strong>28 de mayo<\/strong>.<\/p>\n<p>El a\u00f1o pasado la presencia de insectos se redujo significativamente con este tratamiento a\u00e9reo, por eso de cara a la llegada de las altas temperaturas se ha vuelto a gestionar mediante la Mancomunidad de la Ribera esta campa\u00f1a de tratamiento contra la mosca negra con el cual se podr\u00e1 llegar a diferentes lugares de dif\u00edcil acceso por medios terrestres.<\/p>\n<p>Despu\u00e9s de la petici\u00f3n a la Conseller\u00eda, la semana pasada expertos de la Universitat de Val\u00e8ncia visitaron el entorno para estudiar en qu\u00e9 punto estaban las larvas y si era conveniente hacer el tratamiento ya o ten\u00edamos que esperar.<\/p>\n<p><em>\u00abEl problema que tenemos en nuestra ciudad es que la mosca negra puede volar entre 30 y 40 kil\u00f3metros y Alzira se convierte en el epicentro de la plaga, por eso es fundamental trabajar de forma mancomunada. Tambi\u00e9n es importante que destaquemos que en todos los casos se utilicen productos ecol\u00f3gicos, que no tienen ning\u00fan peligro ni para las personas ni para el ecosistema del r\u00edo\u00bb<\/em>, asegura la regidora de Sanidad, <strong>Gemma Al\u00f3s<\/strong>.<\/p>\n<p>Por su parte, la empresa encargada de hacer el tratamiento, Lok\u00edmica, ha explicado que los tratamientos con helic\u00f3ptero solo se pueden hacer antes de tener poblaci\u00f3n adulta, porque es un tratamiento contra larvas, no para atacar insectos adultos.<\/p>\n<p>Esta acci\u00f3n se suma a las ya previstas que est\u00e1n haci\u00e9ndose en los diferentes municipios de la Ribera y que intentan paliar la gran eclosi\u00f3n de estos vectores que se ha producido este verano.<\/p>\n<p><strong>Para llevar a cabo este tratamiento se ha utilizado un producto de origen biol\u00f3gico completamente selectivo que solo afecta las larvas de mosca negra, la especie a combatir, y que es respetuoso con el resto de fauna no objeto de control<\/strong>.<\/p>\n<p style=\"text-align: center;\"><img fetchpriority=\"high\" decoding=\"async\" width=\"1600\" height=\"1200\" class=\" size-full wp-image-49754\" src=\"https:\/\/alzira.es\/wp-content\/uploads\/2020\/05\/NP_Fumigacio_mosca_negra.jpg\" alt=\"NP Fumigaci\u00f3 mosca negra\" srcset=\"https:\/\/alzira.es\/wp-content\/uploads\/2020\/05\/NP_Fumigacio_mosca_negra.jpg 1600w, https:\/\/alzira.es\/wp-content\/uploads\/2020\/05\/NP_Fumigacio_mosca_negra-680x510.jpg 680w, https:\/\/alzira.es\/wp-content\/uploads\/2020\/05\/NP_Fumigacio_mosca_negra-1430x1072.jpg 1430w, https:\/\/alzira.es\/wp-content\/uploads\/2020\/05\/NP_Fumigacio_mosca_negra-768x576.jpg 768w, https:\/\/alzira.es\/wp-content\/uploads\/2020\/05\/NP_Fumigacio_mosca_negra-1536x1152.jpg 1536w\" sizes=\"(max-width: 706px) 89vw, (max-width: 767px) 82vw, 740px\" \/><\/p>\n","protected":false},"excerpt":{"rendered":"<p>Alzira empieza el tratamiento contra la mosca negra con fumigaci\u00f3n a\u00e9rea a lo largo de todo el r\u00edo a partir de ma\u00f1ana, 28 de mayo. El a\u00f1o pasado la presencia de insectos se redujo significativamente con este tratamiento a\u00e9reo, por eso de cara a la llegada de las altas temperaturas se ha vuelto a gestionar &hellip; <\/p>\n<p class=\"link-more\"><a href=\"https:\/\/alzira.es\/es\/np-fumigacio-mosca-negra\/\" class=\"more-link\">Continuar leyendo<span class=\"screen-reader-text\"> \u00abEsta semana se har\u00e1 el tratamiento a\u00e9reo contra la mosca negra\u00bb<\/span><\/a><\/p>\n","protected":false},"author":29,"featured_media":49754,"comment_status":"","ping_status":"","sticky":false,"template":"","format":"standard","meta":{"_acf_changed":false,"footnotes":""},"categories":[4936],"tags":[],"class_list":["post-49756","post","type-post","status-publish","format-standard","has-post-thumbnail","hentry","category-hemeroteca-es"],"acf":[],"_links":{"self":[{"href":"https:\/\/alzira.es\/es\/wp-json\/wp\/v2\/posts\/49756","targetHints":{"allow":["GET"]}}],"collection":[{"href":"https:\/\/alzira.es\/es\/wp-json\/wp\/v2\/posts"}],"about":[{"href":"https:\/\/alzira.es\/es\/wp-json\/wp\/v2\/types\/post"}],"author":[{"embeddable":true,"href":"https:\/\/alzira.es\/es\/wp-json\/wp\/v2\/users\/29"}],"replies":[{"embeddable":true,"href":"https:\/\/alzira.es\/es\/wp-json\/wp\/v2\/comments?post=49756"}],"version-history":[{"count":0,"href":"https:\/\/alzira.es\/es\/wp-json\/wp\/v2\/posts\/49756\/revisions"}],"wp:featuredmedia":[{"embeddable":true,"href":"https:\/\/alzira.es\/es\/wp-json\/wp\/v2\/media\/49754"}],"wp:attachment":[{"href":"https:\/\/alzira.es\/es\/wp-json\/wp\/v2\/media?parent=49756"}],"wp:term":[{"taxonomy":"category","embeddable":true,"href":"https:\/\/alzira.es\/es\/wp-json\/wp\/v2\/categories?post=49756"},{"taxonomy":"post_tag","embeddable":true,"href":"https:\/\/alzira.es\/es\/wp-json\/wp\/v2\/tags?post=49756"}],"curies":[{"name":"wp","href":"https:\/\/api.w.org\/{rel}","templated":true}]}}