{"id":49642,"date":"2020-05-27T09:42:55","date_gmt":"2020-05-27T07:42:55","guid":{"rendered":"https:\/\/alzira.es\/minut-de-silenci-2\/"},"modified":"2020-05-27T09:42:55","modified_gmt":"2020-05-27T07:42:55","slug":"minut-de-silenci-2","status":"publish","type":"post","link":"https:\/\/alzira.es\/es\/minut-de-silenci-2\/","title":{"rendered":"10 dies de dol oficial a l&#8217;Estat espanyol a partir de hui dimecres 27 de maig, per les v\u00edctimes de la pand\u00e8mia del coronavirus"},"content":{"rendered":"<p style=\"text-align: justify;\">El Govern espanyol decret\u00e0 al Consell de Ministres d&#8217;ahir, <strong>10 dies de dol oficial a l&#8217;Estat espanyol a partir de hui dimecres 27 de maig<\/strong>, <strong>per les v\u00edctimes de la pand\u00e8mia del coronavirus<\/strong>.<\/p>\n<p style=\"text-align: justify;\">L&#8217;Ajuntament d&#8217;Alzira se suma a esta mostra de dol, amb les banderes onejant a mitja asta i a m\u00e9s convoca un minut de silenci en el que participaran els regidors hui a les 12.00 hores a la porta de l&#8217;Ajuntament en record de les v\u00edctimes.<\/p>\n<p style=\"text-align: justify;\">Tamb\u00e9 el plenari telem\u00e0tic d&#8217;esta vesprada comen\u00e7ar\u00e0 a les 19.00 hores amb un minut de silenci.<\/p>\n<p style=\"text-align: center;\"><img fetchpriority=\"high\" decoding=\"async\" width=\"1000\" height=\"1000\" class=\" size-full wp-image-49637\" src=\"https:\/\/alzira.es\/wp-content\/uploads\/2020\/05\/dol_estatal.jpg\" alt=\"dol estatal\" srcset=\"https:\/\/alzira.es\/wp-content\/uploads\/2020\/05\/dol_estatal.jpg 1000w, https:\/\/alzira.es\/wp-content\/uploads\/2020\/05\/dol_estatal-510x510.jpg 510w, https:\/\/alzira.es\/wp-content\/uploads\/2020\/05\/dol_estatal-350x350.jpg 350w, https:\/\/alzira.es\/wp-content\/uploads\/2020\/05\/dol_estatal-768x768.jpg 768w, https:\/\/alzira.es\/wp-content\/uploads\/2020\/05\/dol_estatal-100x100.jpg 100w\" sizes=\"(max-width: 706px) 89vw, (max-width: 767px) 82vw, 740px\" \/><\/p>\n","protected":false},"excerpt":{"rendered":"<p>El Govern espanyol decret\u00e0 al Consell de Ministres d&#8217;ahir, 10 dies de dol oficial a l&#8217;Estat espanyol a partir de hui dimecres 27 de maig, per les v\u00edctimes de la pand\u00e8mia del coronavirus. L&#8217;Ajuntament d&#8217;Alzira se suma a esta mostra de dol, amb les banderes onejant a mitja asta i a m\u00e9s convoca un minut &hellip; <\/p>\n<p class=\"link-more\"><a href=\"https:\/\/alzira.es\/es\/minut-de-silenci-2\/\" class=\"more-link\">Continuar leyendo<span class=\"screen-reader-text\"> \u00ab10 dies de dol oficial a l&#8217;Estat espanyol a partir de hui dimecres 27 de maig, per les v\u00edctimes de la pand\u00e8mia del coronavirus\u00bb<\/span><\/a><\/p>\n","protected":false},"author":29,"featured_media":49637,"comment_status":"","ping_status":"","sticky":false,"template":"","format":"standard","meta":{"_acf_changed":false,"footnotes":""},"categories":[],"tags":[],"class_list":["post-49642","post","type-post","status-publish","format-standard","has-post-thumbnail","hentry"],"acf":[],"_links":{"self":[{"href":"https:\/\/alzira.es\/es\/wp-json\/wp\/v2\/posts\/49642","targetHints":{"allow":["GET"]}}],"collection":[{"href":"https:\/\/alzira.es\/es\/wp-json\/wp\/v2\/posts"}],"about":[{"href":"https:\/\/alzira.es\/es\/wp-json\/wp\/v2\/types\/post"}],"author":[{"embeddable":true,"href":"https:\/\/alzira.es\/es\/wp-json\/wp\/v2\/users\/29"}],"replies":[{"embeddable":true,"href":"https:\/\/alzira.es\/es\/wp-json\/wp\/v2\/comments?post=49642"}],"version-history":[{"count":0,"href":"https:\/\/alzira.es\/es\/wp-json\/wp\/v2\/posts\/49642\/revisions"}],"wp:featuredmedia":[{"embeddable":true,"href":"https:\/\/alzira.es\/es\/wp-json\/wp\/v2\/media\/49637"}],"wp:attachment":[{"href":"https:\/\/alzira.es\/es\/wp-json\/wp\/v2\/media?parent=49642"}],"wp:term":[{"taxonomy":"category","embeddable":true,"href":"https:\/\/alzira.es\/es\/wp-json\/wp\/v2\/categories?post=49642"},{"taxonomy":"post_tag","embeddable":true,"href":"https:\/\/alzira.es\/es\/wp-json\/wp\/v2\/tags?post=49642"}],"curies":[{"name":"wp","href":"https:\/\/api.w.org\/{rel}","templated":true}]}}