{"id":49640,"date":"2020-05-27T09:42:55","date_gmt":"2020-05-27T07:42:55","guid":{"rendered":"https:\/\/alzira.es\/minut-de-silenci\/"},"modified":"2020-05-27T09:42:55","modified_gmt":"2020-05-27T07:42:55","slug":"minut-de-silenci","status":"publish","type":"post","link":"https:\/\/alzira.es\/es\/minut-de-silenci\/","title":{"rendered":"10 d\u00edas de luto oficial en el Estado espa\u00f1ol a partir de hoy mi\u00e9rcoles 27 de mayo, por las v\u00edctimas de la pandemia del coronavirus"},"content":{"rendered":"<p style=\"text-align: justify;\">El Gobierno espa\u00f1ol decret\u00f3 al Consejo de Ministros de ayer, <strong>10 d\u00edas de luto oficial en el Estado espa\u00f1ol a partir de hoy mi\u00e9rcoles 27 de mayo<\/strong>, <strong>por las v\u00edctimas de la pandemia del coronavirus<\/strong>.<\/p>\n<p>El Ayuntamiento de Alzira se suma a esta muestra de luto, con las banderas ondeando a media asta y adem\u00e1s convoca un minuto de silencio en el que participar\u00e1n los regidores hoy a las 12.00 horas a la puerta del Ayuntamiento en recuerdo de las v\u00edctimas.<\/p>\n<p>Tambi\u00e9n el plenario telem\u00e1tico de esta tarde empezar\u00e1 a las 19.00 horas con un minuto de silencio.<\/p>\n<p style=\"text-align: center;\"><img fetchpriority=\"high\" decoding=\"async\" width=\"1000\" height=\"1000\" class=\" size-full wp-image-49637\" src=\"https:\/\/alzira.es\/wp-content\/uploads\/2020\/05\/dol_estatal.jpg\" alt=\"dol estatal\" srcset=\"https:\/\/alzira.es\/wp-content\/uploads\/2020\/05\/dol_estatal.jpg 1000w, https:\/\/alzira.es\/wp-content\/uploads\/2020\/05\/dol_estatal-510x510.jpg 510w, https:\/\/alzira.es\/wp-content\/uploads\/2020\/05\/dol_estatal-350x350.jpg 350w, https:\/\/alzira.es\/wp-content\/uploads\/2020\/05\/dol_estatal-768x768.jpg 768w, https:\/\/alzira.es\/wp-content\/uploads\/2020\/05\/dol_estatal-100x100.jpg 100w\" sizes=\"(max-width: 706px) 89vw, (max-width: 767px) 82vw, 740px\" \/><\/p>\n","protected":false},"excerpt":{"rendered":"<p>El Gobierno espa\u00f1ol decret\u00f3 al Consejo de Ministros de ayer, 10 d\u00edas de luto oficial en el Estado espa\u00f1ol a partir de hoy mi\u00e9rcoles 27 de mayo, por las v\u00edctimas de la pandemia del coronavirus. El Ayuntamiento de Alzira se suma a esta muestra de luto, con las banderas ondeando a media asta y adem\u00e1s &hellip; <\/p>\n<p class=\"link-more\"><a href=\"https:\/\/alzira.es\/es\/minut-de-silenci\/\" class=\"more-link\">Continuar leyendo<span class=\"screen-reader-text\"> \u00ab10 d\u00edas de luto oficial en el Estado espa\u00f1ol a partir de hoy mi\u00e9rcoles 27 de mayo, por las v\u00edctimas de la pandemia del coronavirus\u00bb<\/span><\/a><\/p>\n","protected":false},"author":29,"featured_media":49637,"comment_status":"","ping_status":"","sticky":false,"template":"","format":"standard","meta":{"_acf_changed":false,"footnotes":""},"categories":[4936],"tags":[],"class_list":["post-49640","post","type-post","status-publish","format-standard","has-post-thumbnail","hentry","category-hemeroteca-es"],"acf":[],"_links":{"self":[{"href":"https:\/\/alzira.es\/es\/wp-json\/wp\/v2\/posts\/49640","targetHints":{"allow":["GET"]}}],"collection":[{"href":"https:\/\/alzira.es\/es\/wp-json\/wp\/v2\/posts"}],"about":[{"href":"https:\/\/alzira.es\/es\/wp-json\/wp\/v2\/types\/post"}],"author":[{"embeddable":true,"href":"https:\/\/alzira.es\/es\/wp-json\/wp\/v2\/users\/29"}],"replies":[{"embeddable":true,"href":"https:\/\/alzira.es\/es\/wp-json\/wp\/v2\/comments?post=49640"}],"version-history":[{"count":0,"href":"https:\/\/alzira.es\/es\/wp-json\/wp\/v2\/posts\/49640\/revisions"}],"wp:featuredmedia":[{"embeddable":true,"href":"https:\/\/alzira.es\/es\/wp-json\/wp\/v2\/media\/49637"}],"wp:attachment":[{"href":"https:\/\/alzira.es\/es\/wp-json\/wp\/v2\/media?parent=49640"}],"wp:term":[{"taxonomy":"category","embeddable":true,"href":"https:\/\/alzira.es\/es\/wp-json\/wp\/v2\/categories?post=49640"},{"taxonomy":"post_tag","embeddable":true,"href":"https:\/\/alzira.es\/es\/wp-json\/wp\/v2\/tags?post=49640"}],"curies":[{"name":"wp","href":"https:\/\/api.w.org\/{rel}","templated":true}]}}