{"id":49634,"date":"2020-05-27T09:14:40","date_gmt":"2020-05-27T07:14:40","guid":{"rendered":"https:\/\/alzira.es\/educacio-activa-el-web-telematricula-es-per-a-tramitar-l-admissio-telematica-des-de-casa\/"},"modified":"2020-05-27T09:14:40","modified_gmt":"2020-05-27T07:14:40","slug":"educacio-activa-el-web-telematricula-es-per-a-tramitar-l-admissio-telematica-des-de-casa","status":"publish","type":"post","link":"https:\/\/alzira.es\/es\/educacio-activa-el-web-telematricula-es-per-a-tramitar-l-admissio-telematica-des-de-casa\/","title":{"rendered":"Educaci\u00f3 activa el web telematricula.es per a tramitar l&#8217;admissi\u00f3 telem\u00e0tica des de casa"},"content":{"rendered":"<p style=\"margin-top: 1em; margin-bottom: 1em; padding: 0px; line-height: 1.25em; text-align: justify; color: #565353; font-family: Roboto, Arial, Helvetica, Verdana, sans-serif; font-size: 13.2px;\">La Conselleria d&#8217;Educaci\u00f3, Cultura i Esport ha creat el web telematricula.es per a fer l&#8217;admissi\u00f3 escolar telem\u00e0tica per al pr\u00f2xim curs 2020-2021 a qualsevol etapa educativa de manera r\u00e0pida i senzilla.<\/p>\n<p style=\"margin-top: 1em; margin-bottom: 1em; padding: 0px; line-height: 1.25em; text-align: justify; color: #565353; font-family: Roboto, Arial, Helvetica, Verdana, sans-serif; font-size: 13.2px;\">Les fam\u00edlies \u00fanicament necessiten tindre a m\u00e0 el DNI o NIE per a obtindre la clau d&#8217;admissi\u00f3 necess\u00e0ria per a fer aquesta tramitaci\u00f3 que es far\u00e0, majorit\u00e0riament, a trav\u00e9s d&#8217;Internet.<\/p>\n<p style=\"margin-top: 1em; margin-bottom: 1em; padding: 0px; line-height: 1.25em; text-align: justify; color: #565353; font-family: Roboto, Arial, Helvetica, Verdana, sans-serif; font-size: 13.2px;\">El web <a href=\"https:\/\/portal.edu.gva.es\/telematricula\/\" target=\"_blank\" rel=\"noopener\">telematricula.es<\/a> naix amb l&#8217;objectiu d&#8217;afavorir que la gran majoria de la poblaci\u00f3 que ha d&#8217;efectuar aquest tr\u00e0mit puga fer-ho des de casa i que no es desplace a cap centre educatiu.<\/p>\n<p style=\"margin-top: 1em; margin-bottom: 1em; padding: 0px; line-height: 1.25em; text-align: justify; color: #565353; font-family: Roboto, Arial, Helvetica, Verdana, sans-serif; font-size: 13.2px;\">Aquest procediment \u00e9s sobretot important per a aquelles fam\u00edlies que escolaritzen per primera vegada fills i filles en aules de 2 anys gratu\u00eftes i en Infantil de 3 anys, aix\u00ed com per a aquells estudiants que inicien un cicle formatiu d&#8217;FP o volen cursar 1r de Batxillerat.<\/p>\n<p style=\"margin-top: 1em; margin-bottom: 1em; padding: 0px; line-height: 1.25em; text-align: justify; color: #565353; font-family: Roboto, Arial, Helvetica, Verdana, sans-serif; font-size: 13.2px;\">En la resta d&#8217;etapes educatives les fam\u00edlies utilitzen aquest procediment en menor mesura, ja que nom\u00e9s s&#8217;ha de fer servir per a canviar els fills i filles de centre educatiu per raons com, per exemple, el canvi de resid\u00e8ncia d&#8217;una poblaci\u00f3 a una altra.<\/p>\n<p style=\"margin-top: 1em; margin-bottom: 1em; padding: 0px; line-height: 1.25em; text-align: justify; color: #565353; font-family: Roboto, Arial, Helvetica, Verdana, sans-serif; font-size: 13.2px;\">Cal recordar que el proc\u00e9s d&#8217;admissi\u00f3 en Infantil i Prim\u00e0ria es far\u00e0 del 8 al 16 de juny i en la resta d&#8217;etapes del 17 al 25 de juny.<\/p>\n<p style=\"margin-top: 1em; margin-bottom: 1em; padding: 0px; line-height: 1.25em; text-align: justify; color: #565353; font-family: Roboto, Arial, Helvetica, Verdana, sans-serif; font-size: 13.2px;\">En el web t<a href=\"https:\/\/portal.edu.gva.es\/telematricula\/\" target=\"_blank\" rel=\"noopener\">elematricula.es<\/a> hi ha diferents finestres que estaran actives per a cada moment del calendari d&#8217;escolaritzaci\u00f3. \u00c9s per aix\u00f2 que ara ja es pot consultar informaci\u00f3 b\u00e0sica sobre el procediment en l&#8217;apartat de preguntes freq\u00fcents.<\/p>\n<p style=\"margin-top: 1em; margin-bottom: 1em; padding: 0px; line-height: 1.25em; text-align: justify; color: #565353; font-family: Roboto, Arial, Helvetica, Verdana, sans-serif; font-size: 13.2px;\">No obstant aix\u00f2, per a iniciar la tramitaci\u00f3 el que cal \u00e9s obtindre la &#8216;clau d&#8217;admissi\u00f3&#8217;. Hi ha una finestra espec\u00edfica per a obtindre-la i aquesta clau es podr\u00e0 generar a partir del 8 de juny en Infantil i Prim\u00e0ria, no abans; i a partir del 17 de juny en la resta d&#8217;etapes educatives, no abans.<\/p>\n<p style=\"margin-top: 1em; margin-bottom: 1em; padding: 0px; line-height: 1.25em; text-align: justify; color: #565353; font-family: Roboto, Arial, Helvetica, Verdana, sans-serif; font-size: 13.2px;\">&nbsp;<\/p>\n<p style=\"margin-top: 1em; margin-bottom: 1em; padding: 0px; line-height: 1.25em; color: #565353; font-family: Roboto, Arial, Helvetica, Verdana, sans-serif; font-size: 13.2px;\"><a href=\"https:\/\/portal.edu.gva.es\/telematricula\/\" target=\"_blank\" rel=\"noopener\"><img fetchpriority=\"high\" decoding=\"async\" class=\" size-full wp-image-49628\" style=\"display: block; margin-left: auto; margin-right: auto;\" src=\"https:\/\/alzira.es\/wp-content\/uploads\/2020\/05\/telematricula-val.png\" alt=\"telematricula val\" width=\"538\" height=\"538\" srcset=\"https:\/\/alzira.es\/wp-content\/uploads\/2020\/05\/telematricula-val.png 1080w, https:\/\/alzira.es\/wp-content\/uploads\/2020\/05\/telematricula-val-510x510.png 510w, https:\/\/alzira.es\/wp-content\/uploads\/2020\/05\/telematricula-val-1072x1072.png 1072w, https:\/\/alzira.es\/wp-content\/uploads\/2020\/05\/telematricula-val-350x350.png 350w, https:\/\/alzira.es\/wp-content\/uploads\/2020\/05\/telematricula-val-768x768.png 768w, https:\/\/alzira.es\/wp-content\/uploads\/2020\/05\/telematricula-val-100x100.png 100w\" sizes=\"(max-width: 538px) 100vw, 538px\" \/><\/a><\/p>\n<p style=\"margin-top: 1em; margin-bottom: 1em; padding: 0px; line-height: 1.25em; color: #565353; font-family: Roboto, Arial, Helvetica, Verdana, sans-serif; font-size: 13.2px;\">&nbsp;<\/p>\n<p style=\"margin-top: 1em; margin-bottom: 1em; padding: 0px; line-height: 1.25em; color: #565353; font-family: Roboto, Arial, Helvetica, Verdana, sans-serif; font-size: 13.2px;\">&nbsp;<\/p>\n<p style=\"margin-top: 1em; margin-bottom: 1em; padding: 0px; line-height: 1.25em; color: #565353; font-family: Roboto, Arial, Helvetica, Verdana, sans-serif; font-size: 13.2px; text-align: center;\"><a href=\"https:\/\/portal.edu.gva.es\/telematricula\/preguntes-frequents\/\" target=\"_blank\" rel=\"noopener\"><img decoding=\"async\" width=\"615\" height=\"205\" class=\"size-full wp-image-49630 lazyload\" data-src=\"https:\/\/alzira.es\/wp-content\/uploads\/2020\/05\/preguntes-frequents.jpg\" alt=\"preguntes freq\u00fcents\" src=\"data:image\/svg+xml;base64,PHN2ZyB3aWR0aD0iMSIgaGVpZ2h0PSIxIiB4bWxucz0iaHR0cDovL3d3dy53My5vcmcvMjAwMC9zdmciPjwvc3ZnPg==\" style=\"--smush-placeholder-width: 615px; --smush-placeholder-aspect-ratio: 615\/205;\" \/><\/a><\/p>\n<p style=\"margin-top: 1em; margin-bottom: 1em; padding: 0px; line-height: 1.25em; color: #565353; font-family: Roboto, Arial, Helvetica, Verdana, sans-serif; font-size: 13.2px;\">&nbsp;<\/p>\n","protected":false},"excerpt":{"rendered":"<p>La Conselleria d&#8217;Educaci\u00f3, Cultura i Esport ha creat el web telematricula.es per a fer l&#8217;admissi\u00f3 escolar telem\u00e0tica per al pr\u00f2xim curs 2020-2021 a qualsevol etapa educativa de manera r\u00e0pida i senzilla. Les fam\u00edlies \u00fanicament necessiten tindre a m\u00e0 el DNI o NIE per a obtindre la clau d&#8217;admissi\u00f3 necess\u00e0ria per a fer aquesta tramitaci\u00f3 que &hellip; <\/p>\n<p class=\"link-more\"><a href=\"https:\/\/alzira.es\/es\/educacio-activa-el-web-telematricula-es-per-a-tramitar-l-admissio-telematica-des-de-casa\/\" class=\"more-link\">Continuar leyendo<span class=\"screen-reader-text\"> \u00abEducaci\u00f3 activa el web telematricula.es per a tramitar l&#8217;admissi\u00f3 telem\u00e0tica des de casa\u00bb<\/span><\/a><\/p>\n","protected":false},"author":20,"featured_media":49628,"comment_status":"","ping_status":"","sticky":false,"template":"","format":"standard","meta":{"_acf_changed":false,"footnotes":""},"categories":[],"tags":[],"class_list":["post-49634","post","type-post","status-publish","format-standard","has-post-thumbnail","hentry"],"acf":[],"_links":{"self":[{"href":"https:\/\/alzira.es\/es\/wp-json\/wp\/v2\/posts\/49634","targetHints":{"allow":["GET"]}}],"collection":[{"href":"https:\/\/alzira.es\/es\/wp-json\/wp\/v2\/posts"}],"about":[{"href":"https:\/\/alzira.es\/es\/wp-json\/wp\/v2\/types\/post"}],"author":[{"embeddable":true,"href":"https:\/\/alzira.es\/es\/wp-json\/wp\/v2\/users\/20"}],"replies":[{"embeddable":true,"href":"https:\/\/alzira.es\/es\/wp-json\/wp\/v2\/comments?post=49634"}],"version-history":[{"count":0,"href":"https:\/\/alzira.es\/es\/wp-json\/wp\/v2\/posts\/49634\/revisions"}],"wp:featuredmedia":[{"embeddable":true,"href":"https:\/\/alzira.es\/es\/wp-json\/wp\/v2\/media\/49628"}],"wp:attachment":[{"href":"https:\/\/alzira.es\/es\/wp-json\/wp\/v2\/media?parent=49634"}],"wp:term":[{"taxonomy":"category","embeddable":true,"href":"https:\/\/alzira.es\/es\/wp-json\/wp\/v2\/categories?post=49634"},{"taxonomy":"post_tag","embeddable":true,"href":"https:\/\/alzira.es\/es\/wp-json\/wp\/v2\/tags?post=49634"}],"curies":[{"name":"wp","href":"https:\/\/api.w.org\/{rel}","templated":true}]}}