{"id":49617,"date":"2020-05-26T14:15:44","date_gmt":"2020-05-26T12:15:44","guid":{"rendered":"https:\/\/alzira.es\/alzira-destina-vora-1-7-m-al-pla-asiste-per-a-fer-front-a-la-crisi-de-la-covid-19\/"},"modified":"2020-05-26T14:15:44","modified_gmt":"2020-05-26T12:15:44","slug":"alzira-destina-vora-1-7-m-al-pla-asiste-per-a-fer-front-a-la-crisi-de-la-covid-19","status":"publish","type":"post","link":"https:\/\/alzira.es\/es\/alzira-destina-vora-1-7-m-al-pla-asiste-per-a-fer-front-a-la-crisi-de-la-covid-19\/","title":{"rendered":"Alzira destina cerca 1.7 M\u20ac en el Pla ASISTE, para hacer frente a la crisis de la Covid-19"},"content":{"rendered":"<p style=\"text-align: justify;\"><em><strong>\u2022 Pla de Ayuda Social, Sanitaria y Tributaria a Personas y Empresas<\/strong><\/em><\/p>\n<p>Hoy se ha presentado en rueda de prensa el <strong>Pla ASISTE<\/strong>, <em>una compilaci\u00f3n de las medidas aplicadas por el Ayuntamiento de Alzira desde el inicio de la crisis para hacer frente a la Covid 19 tanto desde el punto de vista social<\/em>,<em> sanitario como tributario para las personas y empresas<\/em>.<\/p>\n<p>En total se da cuenta de los gastos de borde 1,7 millones de euros hasta el 21 de mayo, estructuradas en 5 bloques, medidas de contingencia sanitaria y seguridad p\u00fablica, de car\u00e1cter social y asistencial, promoci\u00f3n econ\u00f3mica e impulso comercial y ocupacional, implantaci\u00f3n del teletrabajo y medidas tributarias. De esta manera, se prev\u00e9n, por un lado, medidas para garantizar el bienestar de la ciudadan\u00eda, protegiendo su salud como bien m\u00e1s preciado. De otra, las que tienen por objeto minimizar el perjuicio econ\u00f3mico que la crisis ha provocado en los ciudadanos, las familias y, especialmente, los comercios de Alzira, en su mayor\u00eda emprendidas familiares y de proximidad.<\/p>\n<p><em>\u00abEs la responsabilidad de gobierno y la responsabilidad pol\u00edtica de todos los grupos garantizar la salud y que nadie se quede atr\u00e1s, por eso hemos trabajado en este plan. Se trata de un documento transparente y vivo, que contin\u00faa actualiz\u00e1ndose con las nuevas medidas que se van tomando y en las cuales no dejamos de trabajar. Seguimos revisando las necesidades y considerando aumentar el importe de las ayudas, y revisando el presupuesto de 2020\u00bb<\/em>, asegura el alcalde, <strong>Diego G\u00f3mez<\/strong><\/p>\n<p style=\"margin-left: 30px;\">\u2022 Medidas de contingencia sanitaria y seguridad p\u00fablica: 124.495,4 euros.<br \/>\u2022 Medidas de car\u00e1cter social y asistencial: 440.764,43 euros.<br \/>En este sentido, se quiere trasladar a todas las entidades que de manera voluntaria han trabajado para dar servicio a los alzire\u00f1os y alzire\u00f1as, colaborando con el Ayuntamiento para estar junto a nuestros vecinos y vecinas.<br \/>\u2022 Medidas de promoci\u00f3n econ\u00f3mica, impulso comercial y ocupaci\u00f3n: 575.624,46 euros. Dentro de estas medidas destaca la creaci\u00f3n del Plan de Ocupaci\u00f3n Social para contrataci\u00f3n de personal no cualificado incorporado al paro a partir de la crisis destinado a la contrataci\u00f3n de 15 o 20 personas a jornada completa.<br \/>\u2022 Medidas para la implantaci\u00f3n del teletrabajo: 64.576,17 euros.<br \/>Hay que reconocer el gran esfuerzo que se ha hecho para implantar el teletrabajo para borde 140 trabajadores y trabajadoras municipales que hacen una gesti\u00f3n completa desde sus casas. As\u00ed como a aquellos que han estado en servicios m\u00ednimos para garantizar la continuidad del servicio p\u00fablico.<br \/>\u2022 Medidas de car\u00e1cter tributario: 493.111,43 euros.<\/p>\n<p><span style=\"text-decoration: underline;\">Adem\u00e1s de las cantidades referidas a los diferentes bloques ya se estudian nuevas actuaciones como es el caso de<\/span>:<\/p>\n<p style=\"margin-left: 30px;\">\u2022 Car\u00e1cter social y asistencial: se plantea aprobar un aumento de esa partida con la cantidad de 60.000 \u20ac provenientes del remanente de tesorer\u00eda correspondiente al 20% autorizado.<br \/>\u2022 En cuanto al fondo solidario Somos Alzira, que se abri\u00f3 con las aportaciones de los grupos pol\u00edticos as\u00ed como las donaciones individuales de la ciudadan\u00eda, los fondos se destinar\u00e1n en un programa de nutrici\u00f3n y alimentaci\u00f3n infantil para los ni\u00f1os y ni\u00f1as. Tenemos que tener en cuenta que una vez se retire la ayuda de la conseller\u00eda con la llegada del verano esas familias tendr\u00e1n graves necesidades para cubrir las necesidades b\u00e1sicas, As\u00ed mismo, se ha anunciado la posibilidad de hacer aportaciones al fondos provenientes de partidas del presupuesto municipal que inicialmente no estaban destinadas a esa funci\u00f3n. Desde la intervenci\u00f3n municipal se han confirmado los beneficios fiscales de esta actuaci\u00f3n y por tanto que las aportaciones desgravan a hacienda.<br \/>\u2022 En cuanto a las ayudas destinadas a la reactivaci\u00f3n econ\u00f3mica, hoy finaliza el plazo de presentaci\u00f3n de solicitudes de las ayudas, y esperamos llegar alrededor de 1.000 comercios. A partir de ma\u00f1ana se estudiar\u00e1 la ampliaci\u00f3n del cr\u00e9dito destinado a estas ayudas con 100.000 euros m\u00e1s.<br \/>\u2022 Dentro del Plan de Ocupaci\u00f3n Social para contrataci\u00f3n de personal no cualificado ya se estudia una ampliaci\u00f3n con otros 250.000 euros para personas cualificadas.<br \/>\u2022 Por \u00faltimo, en cuanto al car\u00e1cter tributario, se prev\u00e9 tambi\u00e9n un incremento de este gasto de aproximadamente 150.000 \u20ac para reflejar falta de ingresos referidos a las tasas de devoluci\u00f3n del mercadillo, el aparcamiento y los bares municipales.<\/p>\n<p style=\"text-align: center;\"><a href=\"https:\/\/alzira.es\/wp-content\/uploads\/2020\/05\/ASISTE_VAL_trazado.pdf\" target=\"_blank\" rel=\"noopener\"><img fetchpriority=\"high\" decoding=\"async\" width=\"620\" height=\"620\" class=\" size-full wp-image-48139\" src=\"https:\/\/alzira.es\/wp-content\/uploads\/2019\/03\/ASISTE_val1.png\" alt=\"ASISTE val1\" srcset=\"https:\/\/alzira.es\/wp-content\/uploads\/2019\/03\/ASISTE_val1.png 620w, https:\/\/alzira.es\/wp-content\/uploads\/2019\/03\/ASISTE_val1-510x510.png 510w, https:\/\/alzira.es\/wp-content\/uploads\/2019\/03\/ASISTE_val1-350x350.png 350w, https:\/\/alzira.es\/wp-content\/uploads\/2019\/03\/ASISTE_val1-100x100.png 100w\" sizes=\"(max-width: 620px) 100vw, 620px\" \/><\/a>&nbsp;<a style=\"text-align: center;\" href=\"https:\/\/alzira.es\/wp-content\/uploads\/2020\/05\/ASISTE_CAST_trazado.pdf\" target=\"_blank\" rel=\"noopener\"><img decoding=\"async\" width=\"620\" height=\"620\" class=\"size-full wp-image-48001 lazyload\" data-src=\"https:\/\/alzira.es\/wp-content\/uploads\/2019\/03\/ASISTE_cas1.png\" alt=\"ASISTE cas1\" data-srcset=\"https:\/\/alzira.es\/wp-content\/uploads\/2019\/03\/ASISTE_cas1.png 620w, https:\/\/alzira.es\/wp-content\/uploads\/2019\/03\/ASISTE_cas1-510x510.png 510w, https:\/\/alzira.es\/wp-content\/uploads\/2019\/03\/ASISTE_cas1-350x350.png 350w, https:\/\/alzira.es\/wp-content\/uploads\/2019\/03\/ASISTE_cas1-100x100.png 100w\" data-sizes=\"(max-width: 620px) 100vw, 620px\" src=\"data:image\/svg+xml;base64,PHN2ZyB3aWR0aD0iMSIgaGVpZ2h0PSIxIiB4bWxucz0iaHR0cDovL3d3dy53My5vcmcvMjAwMC9zdmciPjwvc3ZnPg==\" style=\"--smush-placeholder-width: 620px; --smush-placeholder-aspect-ratio: 620\/620;\" \/><\/a><\/p>\n","protected":false},"excerpt":{"rendered":"<p>\u2022 Pla de Ayuda Social, Sanitaria y Tributaria a Personas y Empresas Hoy se ha presentado en rueda de prensa el Pla ASISTE, una compilaci\u00f3n de las medidas aplicadas por el Ayuntamiento de Alzira desde el inicio de la crisis para hacer frente a la Covid 19 tanto desde el punto de vista social, sanitario &hellip; <\/p>\n<p class=\"link-more\"><a href=\"https:\/\/alzira.es\/es\/alzira-destina-vora-1-7-m-al-pla-asiste-per-a-fer-front-a-la-crisi-de-la-covid-19\/\" class=\"more-link\">Continuar leyendo<span class=\"screen-reader-text\"> \u00abAlzira destina cerca 1.7 M\u20ac en el Pla ASISTE, para hacer frente a la crisis de la Covid-19\u00bb<\/span><\/a><\/p>\n","protected":false},"author":29,"featured_media":48139,"comment_status":"","ping_status":"","sticky":false,"template":"","format":"standard","meta":{"_acf_changed":false,"footnotes":""},"categories":[4936],"tags":[],"class_list":["post-49617","post","type-post","status-publish","format-standard","has-post-thumbnail","hentry","category-hemeroteca-es"],"acf":[],"_links":{"self":[{"href":"https:\/\/alzira.es\/es\/wp-json\/wp\/v2\/posts\/49617","targetHints":{"allow":["GET"]}}],"collection":[{"href":"https:\/\/alzira.es\/es\/wp-json\/wp\/v2\/posts"}],"about":[{"href":"https:\/\/alzira.es\/es\/wp-json\/wp\/v2\/types\/post"}],"author":[{"embeddable":true,"href":"https:\/\/alzira.es\/es\/wp-json\/wp\/v2\/users\/29"}],"replies":[{"embeddable":true,"href":"https:\/\/alzira.es\/es\/wp-json\/wp\/v2\/comments?post=49617"}],"version-history":[{"count":0,"href":"https:\/\/alzira.es\/es\/wp-json\/wp\/v2\/posts\/49617\/revisions"}],"wp:featuredmedia":[{"embeddable":true,"href":"https:\/\/alzira.es\/es\/wp-json\/wp\/v2\/media\/48139"}],"wp:attachment":[{"href":"https:\/\/alzira.es\/es\/wp-json\/wp\/v2\/media?parent=49617"}],"wp:term":[{"taxonomy":"category","embeddable":true,"href":"https:\/\/alzira.es\/es\/wp-json\/wp\/v2\/categories?post=49617"},{"taxonomy":"post_tag","embeddable":true,"href":"https:\/\/alzira.es\/es\/wp-json\/wp\/v2\/tags?post=49617"}],"curies":[{"name":"wp","href":"https:\/\/api.w.org\/{rel}","templated":true}]}}