{"id":49594,"date":"2020-05-26T12:01:35","date_gmt":"2020-05-26T10:01:35","guid":{"rendered":"https:\/\/alzira.es\/np-campanya-de-fumigacio-2\/"},"modified":"2020-05-26T12:01:35","modified_gmt":"2020-05-26T10:01:35","slug":"np-campanya-de-fumigacio-2","status":"publish","type":"post","link":"https:\/\/alzira.es\/es\/np-campanya-de-fumigacio-2\/","title":{"rendered":"Alzira enceta una campanya de fumigaci\u00f3 del clavegueram contra panderoles i rates"},"content":{"rendered":"<p style=\"text-align: justify;\">Ahir van comen\u00e7ar les actuacions planificades dins del programa de fumigaci\u00f3 del sistema de clavegueram al nucli urb\u00e0, la xarxa semaf\u00f2rica aix\u00ed com als pol\u00edgons industrials.<\/p>\n<p style=\"text-align: justify;\">L&#8217;empresa encarregada de subministrar el tractament, Desflor, ha presentat un calendari amb el qual es tractar\u00e0 la ciutat al llarg de tres setmanes. La totalitat dels tractaments es realitzaran complint els protocols i normes sanit\u00e0ries.<\/p>\n<p style=\"text-align: justify;\"><strong>SETMANA DEL 25 AL 31 DE MAIG<\/strong><br \/>Es tractar\u00e0 el sistema de clavegueram p\u00fablic de les seg\u00fcents zones o barriades:<br \/>Ana Sanchis, pla\u00e7a Cartonatges, Ven\u00e8cia, pla\u00e7a Pere Cresp\u00ed, l&#8217;Alquerieta, pla\u00e7a Sagrada Fam\u00edlia, Pere Esplugues i adjacents, Albuixarres i adjacents, Piletes i adjacents; fins a P\u00e9rez Gald\u00f3s i pla\u00e7a d&#8217;Alacant i carrer Gandia i adjacents.<\/p>\n<p style=\"text-align: justify;\"><strong>SETMANA DE L&#8217;1 AL 7 DE JUNY<\/strong><br \/>Es tractar\u00e0 el sistema de clavegueram p\u00fablic de les seg\u00fcents zones o barriades:<br \/>Pla\u00e7a Major i avingudes Sants Patrons i Llu\u00eds Su\u00f1er i adjacents, pla\u00e7a del Regne, pla\u00e7a Societat Musical, Col\u00f3n i adjacents, Felip II i adjacents, carrer Taronger i adjacents, les Basses, Sant Judes i zona carrer Hospital, la Vila, des de Faustino Blasco, Major Santa Teresa, fins a Major Santa Maria, av. de Carcaixent i Materna.<\/p>\n<p style=\"text-align: justify;\"><strong>SETMANA DEL 8 AL 14 DE JUNY<\/strong><br \/>Es tractar\u00e0 el sistema de clavegueram p\u00fablic de les seg\u00fcents zones o barriades:<br \/>les Barraques, Santa Maria de Bonaire, el Rac\u00f3 i els pol\u00edgons industrials de Tisneres, Carretera d&#8217;Albalat, el Mercat, Materna el Pla i el pol\u00edgon ITV.<\/p>\n<p style=\"text-align: justify;\">S&#8217;informa de la possible demora en els terminis de tractament, deguda a possibles adversitats que es pogueren esdevindre per motiu de l&#8217;obra.<br \/>S&#8217;atendr\u00e0 qualsevol urg\u00e8ncia de manera immediata, telefonant al 680 568 205 i 669 360 480. Tamb\u00e9, des del departament de Sanitat, s&#8217;atenen avisos que arriben a sanitat@alzira.es per part de la ciutadania.<\/p>\n<p style=\"text-align: justify;\">A m\u00e9s, la regidora de Sanitat, <strong>Gemma Al\u00f3s<\/strong> ha insistit en la import\u00e0ncia de treballar conjuntament des de casa,<em> \u00abentre tots hem de frenar la proliferaci\u00f3 d&#8217;estes plagues tant a les nostres cases com als espais p\u00fablics, i m\u00e9s ara que arriba l&#8217;estiu i estos animals es fan m\u00e9s presents. \u00c9s fonamental per a evitar les mol\u00e8sties que originen les panderoles i les rates, per aix\u00f2 donem estes recomanacions, per a saber com hem d&#8217;actuar i on hem d&#8217;extremar les precaucions\u00bb<\/em>.<\/p>\n<p style=\"text-align: justify;\"><strong>Contra les panderoles<\/strong><\/p>\n<p style=\"text-align: justify; margin-left: 30px;\">\u2022 Netejar a fons la cuina, especialment darrere dels electrodom\u00e8stics.<br \/>\u2022 Eliminar correctament el greix de la cuina.<br \/>\u2022 Els aliments sempre han d&#8217;estar guardats en recipients herm\u00e8tics o dins de la nevera, mai s&#8217;han de deixar els plats sense netejar, ja que \u00e9s un dels llocs preferits per les panderoles.<br \/>\u2022 Mantindre sempre les piques i les aixetes netes i sense restes de menjar.<br \/>\u2022 Baixar totes les nits les bosses de fem, sobretot les restes org\u00e0niques, i en casa mantindre-les sempre tancades.<br \/>\u2022 Passar l&#8217;aspiradora amb regularitat, d&#8217;esta manera ens emportarem la posta d&#8217;ous i larves dels insectes.<br \/>\u2022 Evitar humitats en armaris i racons.<br \/>\u2022 No acumular trastos en casa ni en els trasters.<br \/>\u2022 Evitar qualsevol tipus de fissura en parets, juntes de parets, falsos sostres, mitjan\u00e7ant la utilitzaci\u00f3 de qualsevol tipus de material com ara silicona, etc.<br \/>\u2022 En les entrades d&#8217;aigua potable i inodors o lavabos, revisar els embellidors i omplir els buits amb algun tipus de material d&#8217;obra.<br \/>\u2022 Els sistemes de ventilaci\u00f3 i retorns d&#8217;aires preparats cobrir-los amb algun tipus de malla.<br \/>\u2022 Revisar buits d&#8217;obra en l&#8217;entrada de gas i electricitat de la casa i omplir-los amb materials d&#8217;obres.<\/p>\n<p style=\"text-align: justify;\"><strong>Contra les rates:<\/strong><\/p>\n<p style=\"text-align: justify; margin-left: 30px;\">\u2022 No acumular fem ni desperdicis durant uns quants dies en un mateix lloc, especialment en plantes baixes.<br \/>\u2022 No alimentar animals extraviats en la via p\u00fablica perqu\u00e8 produ\u00efxen un efecte reclam del menjar.<br \/>\u2022 No depositar fem fora dels contenidors i evitar la ruptura de les bosses.<br \/>\u2022 Evitar les deposicions dels animals de companyia i arreplegar-les quan acaben.<br \/>\u2022 Netejar di\u00e0riament l&#8217;interior i part baixa de les terrasses de la via p\u00fablica perqu\u00e8 s\u00f3n focus d&#8217;alimentaci\u00f3 incontrolada.<br \/>\u2022 Extremar la neteja de solars i parcel\u2022les situades dins del nucli urb\u00e0.<br \/>\u2022 No depositar fem o altres restes org\u00e0niques en solars o construccions buides.<br \/>\u2022 No acumular efectes ni objectes prop dels contenidors i sol\u2022licitar la seua retirada amb anterioritat suficient.<br \/>\u2022 No eliminar restes org\u00e0niques pel v\u00e0ter perqu\u00e8 arriben al clavegueram i atrauen les rates, panderoles i altres insectes no desitjats.<br \/>\u2022 No depositar restes org\u00e0niques l\u00edquides o solubles en els embornals de la via p\u00fablica.<\/p>\n<p style=\"text-align: center;\"><a class=\"jcepopup\" href=\"https:\/\/alzira.es\/wp-content\/uploads\/2020\/05\/semana1_fumigacio2.jpg\" target=\"_blank\" rel=\"noopener\"><img fetchpriority=\"high\" decoding=\"async\" class=\" size-full wp-image-49587\" src=\"https:\/\/alzira.es\/wp-content\/uploads\/2020\/05\/semana1_fumigacio2.jpg\" alt=\"semana1 fumigacio2\" width=\"600\" height=\"600\" srcset=\"https:\/\/alzira.es\/wp-content\/uploads\/2020\/05\/semana1_fumigacio2.jpg 1000w, https:\/\/alzira.es\/wp-content\/uploads\/2020\/05\/semana1_fumigacio2-510x510.jpg 510w, https:\/\/alzira.es\/wp-content\/uploads\/2020\/05\/semana1_fumigacio2-350x350.jpg 350w, https:\/\/alzira.es\/wp-content\/uploads\/2020\/05\/semana1_fumigacio2-768x768.jpg 768w, https:\/\/alzira.es\/wp-content\/uploads\/2020\/05\/semana1_fumigacio2-100x100.jpg 100w\" sizes=\"(max-width: 600px) 100vw, 600px\" \/><\/a>&nbsp;<a class=\"jcepopup\" style=\"text-align: center;\" type=\"image\" href=\"https:\/\/alzira.es\/wp-content\/uploads\/2020\/05\/semana1_fumigacio.jpg\" target=\"_blank\" rel=\"noopener\"><img decoding=\"async\" class=\"size-full wp-image-49590 lazyload\" data-src=\"https:\/\/alzira.es\/wp-content\/uploads\/2020\/05\/semana1_fumigacio.jpg\" alt=\"semana1 fumigacio\" width=\"600\" height=\"600\" data-srcset=\"https:\/\/alzira.es\/wp-content\/uploads\/2020\/05\/semana1_fumigacio.jpg 1000w, https:\/\/alzira.es\/wp-content\/uploads\/2020\/05\/semana1_fumigacio-510x510.jpg 510w, https:\/\/alzira.es\/wp-content\/uploads\/2020\/05\/semana1_fumigacio-350x350.jpg 350w, https:\/\/alzira.es\/wp-content\/uploads\/2020\/05\/semana1_fumigacio-768x768.jpg 768w, https:\/\/alzira.es\/wp-content\/uploads\/2020\/05\/semana1_fumigacio-100x100.jpg 100w\" data-sizes=\"(max-width: 600px) 100vw, 600px\" src=\"data:image\/svg+xml;base64,PHN2ZyB3aWR0aD0iMSIgaGVpZ2h0PSIxIiB4bWxucz0iaHR0cDovL3d3dy53My5vcmcvMjAwMC9zdmciPjwvc3ZnPg==\" style=\"--smush-placeholder-width: 600px; --smush-placeholder-aspect-ratio: 600\/600;\" \/><\/a><\/p>\n","protected":false},"excerpt":{"rendered":"<p>Ahir van comen\u00e7ar les actuacions planificades dins del programa de fumigaci\u00f3 del sistema de clavegueram al nucli urb\u00e0, la xarxa semaf\u00f2rica aix\u00ed com als pol\u00edgons industrials. L&#8217;empresa encarregada de subministrar el tractament, Desflor, ha presentat un calendari amb el qual es tractar\u00e0 la ciutat al llarg de tres setmanes. La totalitat dels tractaments es realitzaran &hellip; <\/p>\n<p class=\"link-more\"><a href=\"https:\/\/alzira.es\/es\/np-campanya-de-fumigacio-2\/\" class=\"more-link\">Continuar leyendo<span class=\"screen-reader-text\"> \u00abAlzira enceta una campanya de fumigaci\u00f3 del clavegueram contra panderoles i rates\u00bb<\/span><\/a><\/p>\n","protected":false},"author":29,"featured_media":49587,"comment_status":"","ping_status":"","sticky":false,"template":"","format":"standard","meta":{"_acf_changed":false,"footnotes":""},"categories":[],"tags":[],"class_list":["post-49594","post","type-post","status-publish","format-standard","has-post-thumbnail","hentry"],"acf":[],"_links":{"self":[{"href":"https:\/\/alzira.es\/es\/wp-json\/wp\/v2\/posts\/49594","targetHints":{"allow":["GET"]}}],"collection":[{"href":"https:\/\/alzira.es\/es\/wp-json\/wp\/v2\/posts"}],"about":[{"href":"https:\/\/alzira.es\/es\/wp-json\/wp\/v2\/types\/post"}],"author":[{"embeddable":true,"href":"https:\/\/alzira.es\/es\/wp-json\/wp\/v2\/users\/29"}],"replies":[{"embeddable":true,"href":"https:\/\/alzira.es\/es\/wp-json\/wp\/v2\/comments?post=49594"}],"version-history":[{"count":0,"href":"https:\/\/alzira.es\/es\/wp-json\/wp\/v2\/posts\/49594\/revisions"}],"wp:featuredmedia":[{"embeddable":true,"href":"https:\/\/alzira.es\/es\/wp-json\/wp\/v2\/media\/49587"}],"wp:attachment":[{"href":"https:\/\/alzira.es\/es\/wp-json\/wp\/v2\/media?parent=49594"}],"wp:term":[{"taxonomy":"category","embeddable":true,"href":"https:\/\/alzira.es\/es\/wp-json\/wp\/v2\/categories?post=49594"},{"taxonomy":"post_tag","embeddable":true,"href":"https:\/\/alzira.es\/es\/wp-json\/wp\/v2\/tags?post=49594"}],"curies":[{"name":"wp","href":"https:\/\/api.w.org\/{rel}","templated":true}]}}