{"id":49583,"date":"2020-05-25T15:58:22","date_gmt":"2020-05-25T13:58:22","guid":{"rendered":"https:\/\/alzira.es\/control-d-aforament-i-limitacio-de-parades-per-al-mercat-ambulant-d-alzira\/"},"modified":"2020-05-25T15:58:22","modified_gmt":"2020-05-25T13:58:22","slug":"control-d-aforament-i-limitacio-de-parades-per-al-mercat-ambulant-d-alzira","status":"publish","type":"post","link":"https:\/\/alzira.es\/es\/control-d-aforament-i-limitacio-de-parades-per-al-mercat-ambulant-d-alzira\/","title":{"rendered":"Control de aforo y limitaci\u00f3n de paradas para el mercadillo de Alzira"},"content":{"rendered":"<p style=\"text-align: justify;\"><strong>Este mi\u00e9rcoles 27 de mayo el mercadillo de Alzira ampl\u00eda el n\u00famero de paradas. A las de alimentaci\u00f3n de semanas anteriores se unen otras de productos habituales del mercado<\/strong><\/p>\n<p>Este mi\u00e9rcoles 27 de mayo vuelve el mercadillo a Alzira, con una limitaci\u00f3n de paradas determinada por el aforo permitido en las calles donde van a quedar instaladas las paradas. As\u00ed se ha determinado en la reuni\u00f3n que se ha realizado con los representantes de AVAME, asociaci\u00f3n Valenciana de Mercaderes, y a los que hay que agradecer su buena disposici\u00f3n en todo momento para ir vuolviendo progresivamente hacia la normalidad .<\/p>\n<p>Desde la Concejal\u00eda de Servicios Urbanos se van ha establecer todas las medidas, tanto de control como higi\u00e9nicas, para preservar la salud de todo el vecindario que se desplazan hasta el mercado.<\/p>\n<p>Las paradas de alimentaci\u00f3n continuar\u00e1n instaladas en la calle Santo Domingo de Guzm\u00e1n; como en las tres semanas anteriores; mientras que el resto de paradas con la venta de productos habituales al mercante ambulante quedar\u00e1n ubicadas en las calles Pere Morell, Riola y Dr. Just.<\/p>\n<p><strong>Fernando Pascual<\/strong>, regidor de Servicios Urbanos, solicita a los que acudan al mercado respetar en todo momento las normas por el bien de todas y todos. <em>\u00abTenemos que aplaudir el comportamiento ejemplar de los usuarios a lo largo de las \u00faltimas tres semanas en las que se han instalado las paradas de alimentaci\u00f3n, lo cual ha creado un precedente que en buen seguro continuar\u00e1 ahora que vuelve el mercadillo borde ampliar su oferta de productos\u00bb<\/em>.<\/p>\n<p><strong>El aforo del mercado estar\u00e1 restringido a un m\u00e1ximo de 420 personas en total dentro del recinto del mercadillo, mientras que la franja horaria de montaje de las paradas ser\u00e1 e 08.30 a 13.30 horas<\/strong>.<\/p>\n<p style=\"text-align: center;\"><img fetchpriority=\"high\" decoding=\"async\" width=\"2016\" height=\"908\" class=\" size-full wp-image-49579\" src=\"https:\/\/alzira.es\/wp-content\/uploads\/2020\/05\/mercat_dimecres_27_maig_20200525_132157.jpg\" alt=\"mercat dimecres 27 maig 20200525 132157\" srcset=\"https:\/\/alzira.es\/wp-content\/uploads\/2020\/05\/mercat_dimecres_27_maig_20200525_132157.jpg 2016w, https:\/\/alzira.es\/wp-content\/uploads\/2020\/05\/mercat_dimecres_27_maig_20200525_132157-680x306.jpg 680w, https:\/\/alzira.es\/wp-content\/uploads\/2020\/05\/mercat_dimecres_27_maig_20200525_132157-1430x644.jpg 1430w, https:\/\/alzira.es\/wp-content\/uploads\/2020\/05\/mercat_dimecres_27_maig_20200525_132157-768x346.jpg 768w, https:\/\/alzira.es\/wp-content\/uploads\/2020\/05\/mercat_dimecres_27_maig_20200525_132157-1536x692.jpg 1536w\" sizes=\"(max-width: 706px) 89vw, (max-width: 767px) 82vw, 740px\" \/><img decoding=\"async\" width=\"2016\" height=\"908\" class=\"size-full wp-image-49581 lazyload\" data-src=\"https:\/\/alzira.es\/wp-content\/uploads\/2020\/05\/mercat_dimecres_27_maig_20200525_132208.jpg\" alt=\"mercat dimecres 27 maig 20200525 132208\" data-srcset=\"https:\/\/alzira.es\/wp-content\/uploads\/2020\/05\/mercat_dimecres_27_maig_20200525_132208.jpg 2016w, https:\/\/alzira.es\/wp-content\/uploads\/2020\/05\/mercat_dimecres_27_maig_20200525_132208-680x306.jpg 680w, https:\/\/alzira.es\/wp-content\/uploads\/2020\/05\/mercat_dimecres_27_maig_20200525_132208-1430x644.jpg 1430w, https:\/\/alzira.es\/wp-content\/uploads\/2020\/05\/mercat_dimecres_27_maig_20200525_132208-768x346.jpg 768w, https:\/\/alzira.es\/wp-content\/uploads\/2020\/05\/mercat_dimecres_27_maig_20200525_132208-1536x692.jpg 1536w\" data-sizes=\"(max-width: 706px) 89vw, (max-width: 767px) 82vw, 740px\" src=\"data:image\/svg+xml;base64,PHN2ZyB3aWR0aD0iMSIgaGVpZ2h0PSIxIiB4bWxucz0iaHR0cDovL3d3dy53My5vcmcvMjAwMC9zdmciPjwvc3ZnPg==\" style=\"--smush-placeholder-width: 2016px; --smush-placeholder-aspect-ratio: 2016\/908;\" \/><\/p>\n","protected":false},"excerpt":{"rendered":"<p>Este mi\u00e9rcoles 27 de mayo el mercadillo de Alzira ampl\u00eda el n\u00famero de paradas. A las de alimentaci\u00f3n de semanas anteriores se unen otras de productos habituales del mercado Este mi\u00e9rcoles 27 de mayo vuelve el mercadillo a Alzira, con una limitaci\u00f3n de paradas determinada por el aforo permitido en las calles donde van a &hellip; <\/p>\n<p class=\"link-more\"><a href=\"https:\/\/alzira.es\/es\/control-d-aforament-i-limitacio-de-parades-per-al-mercat-ambulant-d-alzira\/\" class=\"more-link\">Continuar leyendo<span class=\"screen-reader-text\"> \u00abControl de aforo y limitaci\u00f3n de paradas para el mercadillo de Alzira\u00bb<\/span><\/a><\/p>\n","protected":false},"author":29,"featured_media":49579,"comment_status":"","ping_status":"","sticky":false,"template":"","format":"standard","meta":{"_acf_changed":false,"footnotes":""},"categories":[4936],"tags":[],"class_list":["post-49583","post","type-post","status-publish","format-standard","has-post-thumbnail","hentry","category-hemeroteca-es"],"acf":[],"_links":{"self":[{"href":"https:\/\/alzira.es\/es\/wp-json\/wp\/v2\/posts\/49583","targetHints":{"allow":["GET"]}}],"collection":[{"href":"https:\/\/alzira.es\/es\/wp-json\/wp\/v2\/posts"}],"about":[{"href":"https:\/\/alzira.es\/es\/wp-json\/wp\/v2\/types\/post"}],"author":[{"embeddable":true,"href":"https:\/\/alzira.es\/es\/wp-json\/wp\/v2\/users\/29"}],"replies":[{"embeddable":true,"href":"https:\/\/alzira.es\/es\/wp-json\/wp\/v2\/comments?post=49583"}],"version-history":[{"count":0,"href":"https:\/\/alzira.es\/es\/wp-json\/wp\/v2\/posts\/49583\/revisions"}],"wp:featuredmedia":[{"embeddable":true,"href":"https:\/\/alzira.es\/es\/wp-json\/wp\/v2\/media\/49579"}],"wp:attachment":[{"href":"https:\/\/alzira.es\/es\/wp-json\/wp\/v2\/media?parent=49583"}],"wp:term":[{"taxonomy":"category","embeddable":true,"href":"https:\/\/alzira.es\/es\/wp-json\/wp\/v2\/categories?post=49583"},{"taxonomy":"post_tag","embeddable":true,"href":"https:\/\/alzira.es\/es\/wp-json\/wp\/v2\/tags?post=49583"}],"curies":[{"name":"wp","href":"https:\/\/api.w.org\/{rel}","templated":true}]}}